{"id":354990,"date":"2025-06-01T00:00:04","date_gmt":"2025-06-01T03:00:04","guid":{"rendered":"https:\/\/www.notibras.com\/site\/?p=354990"},"modified":"2025-06-01T08:06:08","modified_gmt":"2025-06-01T11:06:08","slug":"cachorro-do-mato-e-tres-quatis-reabilitados-sao-devolvidos-a-natureza","status":"publish","type":"post","link":"https:\/\/www.notibras.com\/site\/cachorro-do-mato-e-tres-quatis-reabilitados-sao-devolvidos-a-natureza\/","title":{"rendered":"Cachorro-do-mato e tr\u00eas quatis reabilitados s\u00e3o devolvidos \u00e0 natureza"},"content":{"rendered":"<p>O Instituto Bras\u00edlia Ambiental promoveu a soltura de quatro animais silvestres reabilitados: um cachorro-do-mato (Cerdocyon thous) e tr\u00eas quatis (Nasua nasua), todos resgatados e reabilitados pelo Centro de Triagem de Animais Silvestres (Cetas), do Ibama, e pelo Hospital e Centro de Reabilita\u00e7\u00e3o da Fauna Silvestre (Hfaus). A a\u00e7\u00e3o, realizada em \u00e1rea monitorada na Esta\u00e7\u00e3o Ecol\u00f3gica de \u00c1guas Emendadas (Esecae), simboliza a conclus\u00e3o de um longo trabalho de cuidados veterin\u00e1rios e avalia\u00e7\u00e3o comportamental, para garantir a reintegra\u00e7\u00e3o dos animais ao seu habitat natural.<\/p>\n<p>O chefe do Cetas, J\u00falio C\u00e9sar Montanha, contou que o cachorro-do-mato, v\u00edtima de atropelamento, havia sido resgatado pelo Batalh\u00e3o de Pol\u00edcia Militar Ambiental (BPMA). O animal silvestre passou por um per\u00edodo de recupera\u00e7\u00e3o no Hfaus. Ap\u00f3s a alta cl\u00ednica, foi encaminhado ao Cetas, sendo monitorado quanto aos comportamentos naturais, alimenta\u00e7\u00e3o e movimenta\u00e7\u00e3o.<\/p>\n<p>\u201cVerificamos se ele estava apto a viver em liberdade, se buscava alimento de forma aut\u00f4noma e apresentava movimentos naturais da esp\u00e9cie. Com a avalia\u00e7\u00e3o positiva, hoje realizamos a soltura em uma \u00e1rea protegida e adequada\u201d, explicou J\u00falio C\u00e9sar.<\/p>\n<p>Quanto aos quatis, que eram quatro irm\u00e3os, um deles morreu durante o resgate. Eles foram encontrados sozinhos sem a m\u00e3e, em 2024, ap\u00f3s os inc\u00eandios florestais. Depois de um ano de trabalho conjunto entre o Cetas e o Hfaus, com atividades de enriquecimento ambiental, voltadas ao desenvolvimento de comportamentos naturais, os animais tamb\u00e9m foram considerados aptos \u00e0 reintegra\u00e7\u00e3o.<\/p>\n<p>\u201cHoje fechamos um ciclo com esses animais retornando \u00e0 natureza\u201d, destacou o gerente de Fauna Silvestre do Bras\u00edlia Ambiental, Rodrigo Santos. Segundo ele, todos haviam passado por uma bateria de exames para diagnosticar parvovirose e cinomose, \u201ca fim de garantir que estamos realizando a soltura desses animais saud\u00e1veis na natureza, por meio da parceria cont\u00ednua entre a autarquia ambiental do DF, o Hfaus e o Ibama\u201d, acrescentou.<\/p>\n<p>A vice-governadora do Distrito Federal, Celina Le\u00e3o, tamb\u00e9m comentou a import\u00e2ncia da iniciativa: \u201cEssas a\u00e7\u00f5es demonstram o compromisso do Governo do Distrito Federal com a conserva\u00e7\u00e3o da biodiversidade. Cuidar dos animais silvestres \u00e9 preservar a identidade ambiental do nosso Cerrado, garantindo um legado sustent\u00e1vel para as futuras gera\u00e7\u00f5es\u201d.<\/p>\n<p>O presidente do Bras\u00edlia Ambiental, R\u00f4ney Nemer, celebrou mais uma etapa bem-sucedida do programa de reabilita\u00e7\u00e3o da fauna silvestre do DF. \u201cCada animal que devolvemos \u00e0 natureza representa um avan\u00e7o na preserva\u00e7\u00e3o ambiental. O trabalho do instituto, aliado a outras institui\u00e7\u00f5es como o Cetas e o Hfaus, mostra que o cuidado com a fauna exige t\u00e9cnica, dedica\u00e7\u00e3o e sensibilidade. Nosso papel \u00e9 dar a esses animais uma nova chance de viver livres e saud\u00e1veis\u201d, concluiu.<\/p>\n","protected":false},"excerpt":{"rendered":"<p>O Instituto Bras\u00edlia Ambiental promoveu a soltura de quatro animais silvestres reabilitados: um cachorro-do-mato (Cerdocyon thous) e tr\u00eas quatis (Nasua nasua), todos resgatados e reabilitados pelo Centro de Triagem de Animais Silvestres (Cetas), do Ibama, e pelo Hospital e Centro de Reabilita\u00e7\u00e3o da Fauna Silvestre (Hfaus). A a\u00e7\u00e3o, realizada em \u00e1rea monitorada na Esta\u00e7\u00e3o Ecol\u00f3gica [&hellip;]<\/p>\n","protected":false},"author":2,"featured_media":354991,"comment_status":"closed","ping_status":"closed","sticky":false,"template":"","format":"standard","meta":{"_acf_changed":false,"footnotes":""},"categories":[161],"tags":[],"class_list":["post-354990","post","type-post","status-publish","format-standard","has-post-thumbnail","hentry","category-quadradinho-em-foco"],"acf":[],"_links":{"self":[{"href":"https:\/\/www.notibras.com\/site\/wp-json\/wp\/v2\/posts\/354990","targetHints":{"allow":["GET"]}}],"collection":[{"href":"https:\/\/www.notibras.com\/site\/wp-json\/wp\/v2\/posts"}],"about":[{"href":"https:\/\/www.notibras.com\/site\/wp-json\/wp\/v2\/types\/post"}],"author":[{"embeddable":true,"href":"https:\/\/www.notibras.com\/site\/wp-json\/wp\/v2\/users\/2"}],"replies":[{"embeddable":true,"href":"https:\/\/www.notibras.com\/site\/wp-json\/wp\/v2\/comments?post=354990"}],"version-history":[{"count":1,"href":"https:\/\/www.notibras.com\/site\/wp-json\/wp\/v2\/posts\/354990\/revisions"}],"predecessor-version":[{"id":354992,"href":"https:\/\/www.notibras.com\/site\/wp-json\/wp\/v2\/posts\/354990\/revisions\/354992"}],"wp:featuredmedia":[{"embeddable":true,"href":"https:\/\/www.notibras.com\/site\/wp-json\/wp\/v2\/media\/354991"}],"wp:attachment":[{"href":"https:\/\/www.notibras.com\/site\/wp-json\/wp\/v2\/media?parent=354990"}],"wp:term":[{"taxonomy":"category","embeddable":true,"href":"https:\/\/www.notibras.com\/site\/wp-json\/wp\/v2\/categories?post=354990"},{"taxonomy":"post_tag","embeddable":true,"href":"https:\/\/www.notibras.com\/site\/wp-json\/wp\/v2\/tags?post=354990"}],"curies":[{"name":"wp","href":"https:\/\/api.w.org\/{rel}","templated":true}]}}