{"id":35503,"date":"2015-01-30T19:51:52","date_gmt":"2015-01-30T22:51:52","guid":{"rendered":"http:\/\/www.notibras.com\/site\/?p=35503"},"modified":"2015-01-31T09:53:07","modified_gmt":"2015-01-31T12:53:07","slug":"pmdb-indica-renan-para-reeleicao-que-sai-atirando-contra-luiz-henrique","status":"publish","type":"post","link":"https:\/\/www.notibras.com\/site\/pmdb-indica-renan-para-reeleicao-que-sai-atirando-contra-luiz-henrique\/","title":{"rendered":"PMDB indica Renan para a reelei\u00e7\u00e3o, que sai atirando no seu desafeto Luiz Henrique"},"content":{"rendered":"<p>O PMDB oficializou nesta sexta 30 o senador Renan Calheiros (PMDB-AL) como candidato do partido \u00e0 presid\u00eancia do Senado. A reuni\u00e3o da bancada do partido terminou com 15 dos 19 senadores peemedebistas se manifestando a favor da reelei\u00e7\u00e3o de Renan, que \u00e9 o atual presidente da Casa.<\/p>\n<p>Desde ter\u00e7a-feira (27), o senador Luiz Henrique (PMDB-SC) anunciou que ir\u00e1 disputar a presid\u00eancia, independentemente da indica\u00e7\u00e3o oficial do partido. Luiz Henrique j\u00e1 recebeu o apoio de representantes de seis partidos \u2013 PDT, PSDB, DEM, PSB, PP e PSOL \u2013 al\u00e9m de alguns colegas do pr\u00f3prio PMDB.<\/p>\n<p>Como j\u00e1 tinha tomado a decis\u00e3o \u201cirrevog\u00e1vel\u201d de entrar na disputa, Luiz Henrique optou por n\u00e3o participar da reuni\u00e3o do PMDB, e encaminhou uma carta aos colegas na qual comunicou a candidatura avulsa. Como, historicamente, a indica\u00e7\u00e3o do presidente \u00e9 feita pelo partido com maior bancada, o senador Renan Calheiros criticou a decis\u00e3o de Luiz Henrique de concorrer, mesmo n\u00e3o tendo o aval do PMDB.<\/p>\n<blockquote><p>\u201c\u00c9 preciso respeitar a proporcionalidade, respeitar as indica\u00e7\u00f5es dos partidos. O Congresso n\u00e3o caminha por projetos pessoais, candidaturas avulsas. \u00c9 fundamental n\u00e3o revogar as normas que fazem com que o Parlamento caminhe\u201d, disse Renan depois de ter o nome oficializado.<\/p><\/blockquote>\n<p>Criticado por ter demorado a assumir a candidatura \u00e0 reelei\u00e7\u00e3o, Renan justificou que n\u00e3o poderia fazer o an\u00fancio antes que seu partido tomasse a decis\u00e3o, oficialmente.<\/p>\n<p>\u201cO papel do presidente do Senado \u00e9 complexo. Voc\u00ea n\u00e3o pode se colocar como candidato \u00e0 reelei\u00e7\u00e3o, atropelando eventual leg\u00edtimo interesse que porventura exista na pr\u00f3pria bancada, como \u00e9 o caso. Voc\u00ea primeiro precisa da indica\u00e7\u00e3o da bancada, do respeito \u00e0 proporcionalidade para procurar os outros partidos, porque, quando antecipa essa decis\u00e3o, as pessoas perguntam: &#8216;e a manifesta\u00e7\u00e3o do seu partido? Ser\u00e1 que seu partido vai indicar voc\u00ea?&#8217;. Isso \u00e9 fundamental, \u00e9 o respeito ao estatuto, \u00e0 regra e ao regimento do Senado Federal\u201d, afirmou.<\/p>\n<p>Apesar de faltarem cerca de 48 horas para a elei\u00e7\u00e3o para a Mesa Diretora do Senado, Renan se disse \u201cconfiante\u201d, e deve come\u00e7ar a ligar para os colegas em busca de apoio. Luiz Henrique, por sua vez, anunciou mais cedo que espera contar com 45 votos no pr\u00f3ximo domingo (1\u00ba).<\/p>\n<p><strong>Mariana Jungmann, ABr<br \/>\n<\/strong><\/p>\n","protected":false},"excerpt":{"rendered":"<p>O PMDB oficializou nesta sexta 30 o senador Renan Calheiros (PMDB-AL) como candidato do partido \u00e0 presid\u00eancia do Senado. A reuni\u00e3o da bancada do partido terminou com 15 dos 19 senadores peemedebistas se manifestando a favor da reelei\u00e7\u00e3o de Renan, que \u00e9 o atual presidente da Casa. Desde ter\u00e7a-feira (27), o senador Luiz Henrique (PMDB-SC) [&hellip;]<\/p>\n","protected":false},"author":2,"featured_media":35504,"comment_status":"open","ping_status":"closed","sticky":false,"template":"","format":"standard","meta":{"_acf_changed":false,"footnotes":""},"categories":[16],"tags":[],"class_list":["post-35503","post","type-post","status-publish","format-standard","has-post-thumbnail","hentry","category-brasil"],"acf":[],"yoast_head":"<!-- This site is optimized with the Yoast SEO plugin v27.2 - https:\/\/yoast.com\/product\/yoast-seo-wordpress\/ -->\n<title>PMDB indica Renan para a reelei\u00e7\u00e3o, que sai atirando no seu desafeto Luiz Henrique - Notibras<\/title>\n<meta name=\"robots\" content=\"index, follow, max-snippet:-1, max-image-preview:large, max-video-preview:-1\" \/>\n<link rel=\"canonical\" href=\"https:\/\/www.notibras.com\/site\/pmdb-indica-renan-para-reeleicao-que-sai-atirando-contra-luiz-henrique\/\" \/>\n<meta property=\"og:locale\" content=\"pt_BR\" \/>\n<meta property=\"og:type\" content=\"article\" \/>\n<meta property=\"og:title\" content=\"PMDB indica Renan para a reelei\u00e7\u00e3o, que sai atirando no seu desafeto Luiz Henrique - Notibras\" \/>\n<meta property=\"og:description\" content=\"O PMDB oficializou nesta sexta 30 o senador Renan Calheiros (PMDB-AL) como candidato do partido \u00e0 presid\u00eancia do Senado. A reuni\u00e3o da bancada do partido terminou com 15 dos 19 senadores peemedebistas se manifestando a favor da reelei\u00e7\u00e3o de Renan, que \u00e9 o atual presidente da Casa. Desde ter\u00e7a-feira (27), o senador Luiz Henrique (PMDB-SC) [&hellip;]\" \/>\n<meta property=\"og:url\" content=\"https:\/\/www.notibras.com\/site\/pmdb-indica-renan-para-reeleicao-que-sai-atirando-contra-luiz-henrique\/\" \/>\n<meta property=\"og:site_name\" content=\"Notibras\" \/>\n<meta property=\"article:publisher\" content=\"https:\/\/www.facebook.com\/notibras\/\" \/>\n<meta property=\"article:published_time\" content=\"2015-01-30T22:51:52+00:00\" \/>\n<meta property=\"article:modified_time\" content=\"2015-01-31T12:53:07+00:00\" \/>\n<meta property=\"og:image\" content=\"https:\/\/www.notibras.com\/site\/wp-content\/uploads\/2015\/01\/940072-posse-tcu-4.jpg\" \/>\n\t<meta property=\"og:image:width\" content=\"580\" \/>\n\t<meta property=\"og:image:height\" content=\"388\" \/>\n\t<meta property=\"og:image:type\" content=\"image\/jpeg\" \/>\n<meta name=\"author\" content=\"Reda\u00e7\u00e3o\" \/>\n<meta name=\"twitter:card\" content=\"summary_large_image\" \/>\n<meta name=\"twitter:creator\" content=\"@Notibras\" \/>\n<meta name=\"twitter:site\" content=\"@Notibras\" \/>\n<meta name=\"twitter:label1\" content=\"Escrito por\" \/>\n\t<meta name=\"twitter:data1\" content=\"Reda\u00e7\u00e3o\" \/>\n\t<meta name=\"twitter:label2\" content=\"Est. tempo de leitura\" \/>\n\t<meta name=\"twitter:data2\" content=\"2 minutos\" \/>\n<script type=\"application\/ld+json\" class=\"yoast-schema-graph\">{\"@context\":\"https:\/\/schema.org\",\"@graph\":[{\"@type\":\"Article\",\"@id\":\"https:\/\/www.notibras.com\/site\/pmdb-indica-renan-para-reeleicao-que-sai-atirando-contra-luiz-henrique\/#article\",\"isPartOf\":{\"@id\":\"https:\/\/www.notibras.com\/site\/pmdb-indica-renan-para-reeleicao-que-sai-atirando-contra-luiz-henrique\/\"},\"author\":{\"name\":\"Reda\u00e7\u00e3o\",\"@id\":\"https:\/\/www.notibras.com\/site\/#\/schema\/person\/36ab0979449956132d3e5b517ea76ac8\"},\"headline\":\"PMDB indica Renan para a reelei\u00e7\u00e3o, que sai atirando no seu desafeto Luiz Henrique\",\"datePublished\":\"2015-01-30T22:51:52+00:00\",\"dateModified\":\"2015-01-31T12:53:07+00:00\",\"mainEntityOfPage\":{\"@id\":\"https:\/\/www.notibras.com\/site\/pmdb-indica-renan-para-reeleicao-que-sai-atirando-contra-luiz-henrique\/\"},\"wordCount\":389,\"commentCount\":0,\"publisher\":{\"@id\":\"https:\/\/www.notibras.com\/site\/#organization\"},\"image\":{\"@id\":\"https:\/\/www.notibras.com\/site\/pmdb-indica-renan-para-reeleicao-que-sai-atirando-contra-luiz-henrique\/#primaryimage\"},\"thumbnailUrl\":\"https:\/\/www.notibras.com\/site\/wp-content\/uploads\/2015\/01\/940072-posse-tcu-4.jpg\",\"articleSection\":[\"Brasil\"],\"inLanguage\":\"pt-BR\",\"potentialAction\":[{\"@type\":\"CommentAction\",\"name\":\"Comment\",\"target\":[\"https:\/\/www.notibras.com\/site\/pmdb-indica-renan-para-reeleicao-que-sai-atirando-contra-luiz-henrique\/#respond\"]}]},{\"@type\":\"WebPage\",\"@id\":\"https:\/\/www.notibras.com\/site\/pmdb-indica-renan-para-reeleicao-que-sai-atirando-contra-luiz-henrique\/\",\"url\":\"https:\/\/www.notibras.com\/site\/pmdb-indica-renan-para-reeleicao-que-sai-atirando-contra-luiz-henrique\/\",\"name\":\"PMDB indica Renan para a reelei\u00e7\u00e3o, que sai atirando no seu desafeto Luiz Henrique - Notibras\",\"isPartOf\":{\"@id\":\"https:\/\/www.notibras.com\/site\/#website\"},\"primaryImageOfPage\":{\"@id\":\"https:\/\/www.notibras.com\/site\/pmdb-indica-renan-para-reeleicao-que-sai-atirando-contra-luiz-henrique\/#primaryimage\"},\"image\":{\"@id\":\"https:\/\/www.notibras.com\/site\/pmdb-indica-renan-para-reeleicao-que-sai-atirando-contra-luiz-henrique\/#primaryimage\"},\"thumbnailUrl\":\"https:\/\/www.notibras.com\/site\/wp-content\/uploads\/2015\/01\/940072-posse-tcu-4.jpg\",\"datePublished\":\"2015-01-30T22:51:52+00:00\",\"dateModified\":\"2015-01-31T12:53:07+00:00\",\"breadcrumb\":{\"@id\":\"https:\/\/www.notibras.com\/site\/pmdb-indica-renan-para-reeleicao-que-sai-atirando-contra-luiz-henrique\/#breadcrumb\"},\"inLanguage\":\"pt-BR\",\"potentialAction\":[{\"@type\":\"ReadAction\",\"target\":[\"https:\/\/www.notibras.com\/site\/pmdb-indica-renan-para-reeleicao-que-sai-atirando-contra-luiz-henrique\/\"]}]},{\"@type\":\"ImageObject\",\"inLanguage\":\"pt-BR\",\"@id\":\"https:\/\/www.notibras.com\/site\/pmdb-indica-renan-para-reeleicao-que-sai-atirando-contra-luiz-henrique\/#primaryimage\",\"url\":\"https:\/\/www.notibras.com\/site\/wp-content\/uploads\/2015\/01\/940072-posse-tcu-4.jpg\",\"contentUrl\":\"https:\/\/www.notibras.com\/site\/wp-content\/uploads\/2015\/01\/940072-posse-tcu-4.jpg\",\"width\":580,\"height\":388},{\"@type\":\"BreadcrumbList\",\"@id\":\"https:\/\/www.notibras.com\/site\/pmdb-indica-renan-para-reeleicao-que-sai-atirando-contra-luiz-henrique\/#breadcrumb\",\"itemListElement\":[{\"@type\":\"ListItem\",\"position\":1,\"name\":\"In\u00edcio\",\"item\":\"https:\/\/www.notibras.com\/site\/\"},{\"@type\":\"ListItem\",\"position\":2,\"name\":\"PMDB indica Renan para a reelei\u00e7\u00e3o, que sai atirando no seu desafeto Luiz Henrique\"}]},{\"@type\":\"WebSite\",\"@id\":\"https:\/\/www.notibras.com\/site\/#website\",\"url\":\"https:\/\/www.notibras.com\/site\/\",\"name\":\"Notibras\",\"description\":\"Not\u00edcias de Bras\u00edlia, do Brasil e do Mundo\",\"publisher\":{\"@id\":\"https:\/\/www.notibras.com\/site\/#organization\"},\"potentialAction\":[{\"@type\":\"SearchAction\",\"target\":{\"@type\":\"EntryPoint\",\"urlTemplate\":\"https:\/\/www.notibras.com\/site\/?s={search_term_string}\"},\"query-input\":{\"@type\":\"PropertyValueSpecification\",\"valueRequired\":true,\"valueName\":\"search_term_string\"}}],\"inLanguage\":\"pt-BR\"},{\"@type\":\"Organization\",\"@id\":\"https:\/\/www.notibras.com\/site\/#organization\",\"name\":\"Grupo Notibras de Comunica\u00e7\u00e3o\",\"url\":\"https:\/\/www.notibras.com\/site\/\",\"logo\":{\"@type\":\"ImageObject\",\"inLanguage\":\"pt-BR\",\"@id\":\"https:\/\/www.notibras.com\/site\/#\/schema\/logo\/image\/\",\"url\":\"https:\/\/www.notibras.com\/site\/wp-content\/uploads\/2023\/01\/notibras23.png\",\"contentUrl\":\"https:\/\/www.notibras.com\/site\/wp-content\/uploads\/2023\/01\/notibras23.png\",\"width\":350,\"height\":87,\"caption\":\"Grupo Notibras de Comunica\u00e7\u00e3o\"},\"image\":{\"@id\":\"https:\/\/www.notibras.com\/site\/#\/schema\/logo\/image\/\"},\"sameAs\":[\"https:\/\/www.facebook.com\/notibras\/\",\"https:\/\/x.com\/Notibras\",\"https:\/\/www.instagram.com\/notibras\/\"]},{\"@type\":\"Person\",\"@id\":\"https:\/\/www.notibras.com\/site\/#\/schema\/person\/36ab0979449956132d3e5b517ea76ac8\",\"name\":\"Reda\u00e7\u00e3o\",\"image\":{\"@type\":\"ImageObject\",\"inLanguage\":\"pt-BR\",\"@id\":\"https:\/\/secure.gravatar.com\/avatar\/e0a867bdedb85fd243eadf09663511f96fc81e0720a4a42581f334ad4303aa6b?s=96&d=mm&r=g\",\"url\":\"https:\/\/secure.gravatar.com\/avatar\/e0a867bdedb85fd243eadf09663511f96fc81e0720a4a42581f334ad4303aa6b?s=96&d=mm&r=g\",\"contentUrl\":\"https:\/\/secure.gravatar.com\/avatar\/e0a867bdedb85fd243eadf09663511f96fc81e0720a4a42581f334ad4303aa6b?s=96&d=mm&r=g\",\"caption\":\"Reda\u00e7\u00e3o\"}}]}<\/script>\n<!-- \/ Yoast SEO plugin. -->","yoast_head_json":{"title":"PMDB indica Renan para a reelei\u00e7\u00e3o, que sai atirando no seu desafeto Luiz Henrique - Notibras","robots":{"index":"index","follow":"follow","max-snippet":"max-snippet:-1","max-image-preview":"max-image-preview:large","max-video-preview":"max-video-preview:-1"},"canonical":"https:\/\/www.notibras.com\/site\/pmdb-indica-renan-para-reeleicao-que-sai-atirando-contra-luiz-henrique\/","og_locale":"pt_BR","og_type":"article","og_title":"PMDB indica Renan para a reelei\u00e7\u00e3o, que sai atirando no seu desafeto Luiz Henrique - Notibras","og_description":"O PMDB oficializou nesta sexta 30 o senador Renan Calheiros (PMDB-AL) como candidato do partido \u00e0 presid\u00eancia do Senado. A reuni\u00e3o da bancada do partido terminou com 15 dos 19 senadores peemedebistas se manifestando a favor da reelei\u00e7\u00e3o de Renan, que \u00e9 o atual presidente da Casa. Desde ter\u00e7a-feira (27), o senador Luiz Henrique (PMDB-SC) [&hellip;]","og_url":"https:\/\/www.notibras.com\/site\/pmdb-indica-renan-para-reeleicao-que-sai-atirando-contra-luiz-henrique\/","og_site_name":"Notibras","article_publisher":"https:\/\/www.facebook.com\/notibras\/","article_published_time":"2015-01-30T22:51:52+00:00","article_modified_time":"2015-01-31T12:53:07+00:00","og_image":[{"width":580,"height":388,"url":"https:\/\/www.notibras.com\/site\/wp-content\/uploads\/2015\/01\/940072-posse-tcu-4.jpg","type":"image\/jpeg"}],"author":"Reda\u00e7\u00e3o","twitter_card":"summary_large_image","twitter_creator":"@Notibras","twitter_site":"@Notibras","twitter_misc":{"Escrito por":"Reda\u00e7\u00e3o","Est. tempo de leitura":"2 minutos"},"schema":{"@context":"https:\/\/schema.org","@graph":[{"@type":"Article","@id":"https:\/\/www.notibras.com\/site\/pmdb-indica-renan-para-reeleicao-que-sai-atirando-contra-luiz-henrique\/#article","isPartOf":{"@id":"https:\/\/www.notibras.com\/site\/pmdb-indica-renan-para-reeleicao-que-sai-atirando-contra-luiz-henrique\/"},"author":{"name":"Reda\u00e7\u00e3o","@id":"https:\/\/www.notibras.com\/site\/#\/schema\/person\/36ab0979449956132d3e5b517ea76ac8"},"headline":"PMDB indica Renan para a reelei\u00e7\u00e3o, que sai atirando no seu desafeto Luiz Henrique","datePublished":"2015-01-30T22:51:52+00:00","dateModified":"2015-01-31T12:53:07+00:00","mainEntityOfPage":{"@id":"https:\/\/www.notibras.com\/site\/pmdb-indica-renan-para-reeleicao-que-sai-atirando-contra-luiz-henrique\/"},"wordCount":389,"commentCount":0,"publisher":{"@id":"https:\/\/www.notibras.com\/site\/#organization"},"image":{"@id":"https:\/\/www.notibras.com\/site\/pmdb-indica-renan-para-reeleicao-que-sai-atirando-contra-luiz-henrique\/#primaryimage"},"thumbnailUrl":"https:\/\/www.notibras.com\/site\/wp-content\/uploads\/2015\/01\/940072-posse-tcu-4.jpg","articleSection":["Brasil"],"inLanguage":"pt-BR","potentialAction":[{"@type":"CommentAction","name":"Comment","target":["https:\/\/www.notibras.com\/site\/pmdb-indica-renan-para-reeleicao-que-sai-atirando-contra-luiz-henrique\/#respond"]}]},{"@type":"WebPage","@id":"https:\/\/www.notibras.com\/site\/pmdb-indica-renan-para-reeleicao-que-sai-atirando-contra-luiz-henrique\/","url":"https:\/\/www.notibras.com\/site\/pmdb-indica-renan-para-reeleicao-que-sai-atirando-contra-luiz-henrique\/","name":"PMDB indica Renan para a reelei\u00e7\u00e3o, que sai atirando no seu desafeto Luiz Henrique - Notibras","isPartOf":{"@id":"https:\/\/www.notibras.com\/site\/#website"},"primaryImageOfPage":{"@id":"https:\/\/www.notibras.com\/site\/pmdb-indica-renan-para-reeleicao-que-sai-atirando-contra-luiz-henrique\/#primaryimage"},"image":{"@id":"https:\/\/www.notibras.com\/site\/pmdb-indica-renan-para-reeleicao-que-sai-atirando-contra-luiz-henrique\/#primaryimage"},"thumbnailUrl":"https:\/\/www.notibras.com\/site\/wp-content\/uploads\/2015\/01\/940072-posse-tcu-4.jpg","datePublished":"2015-01-30T22:51:52+00:00","dateModified":"2015-01-31T12:53:07+00:00","breadcrumb":{"@id":"https:\/\/www.notibras.com\/site\/pmdb-indica-renan-para-reeleicao-que-sai-atirando-contra-luiz-henrique\/#breadcrumb"},"inLanguage":"pt-BR","potentialAction":[{"@type":"ReadAction","target":["https:\/\/www.notibras.com\/site\/pmdb-indica-renan-para-reeleicao-que-sai-atirando-contra-luiz-henrique\/"]}]},{"@type":"ImageObject","inLanguage":"pt-BR","@id":"https:\/\/www.notibras.com\/site\/pmdb-indica-renan-para-reeleicao-que-sai-atirando-contra-luiz-henrique\/#primaryimage","url":"https:\/\/www.notibras.com\/site\/wp-content\/uploads\/2015\/01\/940072-posse-tcu-4.jpg","contentUrl":"https:\/\/www.notibras.com\/site\/wp-content\/uploads\/2015\/01\/940072-posse-tcu-4.jpg","width":580,"height":388},{"@type":"BreadcrumbList","@id":"https:\/\/www.notibras.com\/site\/pmdb-indica-renan-para-reeleicao-que-sai-atirando-contra-luiz-henrique\/#breadcrumb","itemListElement":[{"@type":"ListItem","position":1,"name":"In\u00edcio","item":"https:\/\/www.notibras.com\/site\/"},{"@type":"ListItem","position":2,"name":"PMDB indica Renan para a reelei\u00e7\u00e3o, que sai atirando no seu desafeto Luiz Henrique"}]},{"@type":"WebSite","@id":"https:\/\/www.notibras.com\/site\/#website","url":"https:\/\/www.notibras.com\/site\/","name":"Notibras","description":"Not\u00edcias de Bras\u00edlia, do Brasil e do Mundo","publisher":{"@id":"https:\/\/www.notibras.com\/site\/#organization"},"potentialAction":[{"@type":"SearchAction","target":{"@type":"EntryPoint","urlTemplate":"https:\/\/www.notibras.com\/site\/?s={search_term_string}"},"query-input":{"@type":"PropertyValueSpecification","valueRequired":true,"valueName":"search_term_string"}}],"inLanguage":"pt-BR"},{"@type":"Organization","@id":"https:\/\/www.notibras.com\/site\/#organization","name":"Grupo Notibras de Comunica\u00e7\u00e3o","url":"https:\/\/www.notibras.com\/site\/","logo":{"@type":"ImageObject","inLanguage":"pt-BR","@id":"https:\/\/www.notibras.com\/site\/#\/schema\/logo\/image\/","url":"https:\/\/www.notibras.com\/site\/wp-content\/uploads\/2023\/01\/notibras23.png","contentUrl":"https:\/\/www.notibras.com\/site\/wp-content\/uploads\/2023\/01\/notibras23.png","width":350,"height":87,"caption":"Grupo Notibras de Comunica\u00e7\u00e3o"},"image":{"@id":"https:\/\/www.notibras.com\/site\/#\/schema\/logo\/image\/"},"sameAs":["https:\/\/www.facebook.com\/notibras\/","https:\/\/x.com\/Notibras","https:\/\/www.instagram.com\/notibras\/"]},{"@type":"Person","@id":"https:\/\/www.notibras.com\/site\/#\/schema\/person\/36ab0979449956132d3e5b517ea76ac8","name":"Reda\u00e7\u00e3o","image":{"@type":"ImageObject","inLanguage":"pt-BR","@id":"https:\/\/secure.gravatar.com\/avatar\/e0a867bdedb85fd243eadf09663511f96fc81e0720a4a42581f334ad4303aa6b?s=96&d=mm&r=g","url":"https:\/\/secure.gravatar.com\/avatar\/e0a867bdedb85fd243eadf09663511f96fc81e0720a4a42581f334ad4303aa6b?s=96&d=mm&r=g","contentUrl":"https:\/\/secure.gravatar.com\/avatar\/e0a867bdedb85fd243eadf09663511f96fc81e0720a4a42581f334ad4303aa6b?s=96&d=mm&r=g","caption":"Reda\u00e7\u00e3o"}}]}},"amp_enabled":true,"_links":{"self":[{"href":"https:\/\/www.notibras.com\/site\/wp-json\/wp\/v2\/posts\/35503","targetHints":{"allow":["GET"]}}],"collection":[{"href":"https:\/\/www.notibras.com\/site\/wp-json\/wp\/v2\/posts"}],"about":[{"href":"https:\/\/www.notibras.com\/site\/wp-json\/wp\/v2\/types\/post"}],"author":[{"embeddable":true,"href":"https:\/\/www.notibras.com\/site\/wp-json\/wp\/v2\/users\/2"}],"replies":[{"embeddable":true,"href":"https:\/\/www.notibras.com\/site\/wp-json\/wp\/v2\/comments?post=35503"}],"version-history":[{"count":0,"href":"https:\/\/www.notibras.com\/site\/wp-json\/wp\/v2\/posts\/35503\/revisions"}],"wp:featuredmedia":[{"embeddable":true,"href":"https:\/\/www.notibras.com\/site\/wp-json\/wp\/v2\/media\/35504"}],"wp:attachment":[{"href":"https:\/\/www.notibras.com\/site\/wp-json\/wp\/v2\/media?parent=35503"}],"wp:term":[{"taxonomy":"category","embeddable":true,"href":"https:\/\/www.notibras.com\/site\/wp-json\/wp\/v2\/categories?post=35503"},{"taxonomy":"post_tag","embeddable":true,"href":"https:\/\/www.notibras.com\/site\/wp-json\/wp\/v2\/tags?post=35503"}],"curies":[{"name":"wp","href":"https:\/\/api.w.org\/{rel}","templated":true}]}}