{"id":355031,"date":"2025-06-02T02:12:17","date_gmt":"2025-06-02T05:12:17","guid":{"rendered":"https:\/\/www.notibras.com\/site\/?p=355031"},"modified":"2025-06-02T02:16:08","modified_gmt":"2025-06-02T05:16:08","slug":"entre-os-nordestinos-quando-se-chora-no-enterro-a-dor-vira-doenca","status":"publish","type":"post","link":"https:\/\/www.notibras.com\/site\/entre-os-nordestinos-quando-se-chora-no-enterro-a-dor-vira-doenca\/","title":{"rendered":"Entre os nordestinos, quando se chora no enterro, a dor vira doen\u00e7a"},"content":{"rendered":"<p>No sil\u00eancio das manh\u00e3s seguintes ao enterro, quando o caf\u00e9 esfria na mesa e ningu\u00e9m mais liga para saber como voc\u00ea est\u00e1, come\u00e7a o verdadeiro luto. A perda, que no vel\u00f3rio era um rio revolto de l\u00e1grimas, vai se transformando numa correnteza silenciosa, que corre por dentro, desgastando os ossos e escurecendo os dias.<\/p>\n<p>Dizem que o tempo cura tudo, mas n\u00e3o dizem quanto tempo. Tamb\u00e9m n\u00e3o avisam que o luto adoece \u2014 n\u00e3o s\u00f3 a alma, mas o corpo. V\u00eam as dores que os m\u00e9dicos n\u00e3o explicam, o cansa\u00e7o que n\u00e3o passa com sono, os esquecimentos que assustam. O peito aperta, o est\u00f4mago recusa, o cora\u00e7\u00e3o acelera em horas vazias. \u00c9 o corpo chorando o que a alma j\u00e1 n\u00e3o d\u00e1 conta de carregar sozinha.<\/p>\n<p>No enterro, choram todos. Mas depois&#8230; \u00e9 s\u00f3 o enlutado e sua solid\u00e3o. Os outros voltam ao trabalho, aos compromissos, \u00e0 vida. E o enlutado, esse segue preso num tempo que parou no \u00faltimo suspiro daquele que se foi.<\/p>\n<p>A sociedade cobra supera\u00e7\u00e3o, pede for\u00e7a, exige rea\u00e7\u00e3o. Como se a dor tivesse prazo de validade. Como se bastasse enterrar o corpo para enterrar o amor. Mas h\u00e1 lutos que n\u00e3o passam. H\u00e1 dores que viram parte do corpo, como uma cicatriz que arde no frio, um osso mal curado, uma mem\u00f3ria que insiste em sangrar.<\/p>\n<p>E \u00e9 assim que muitos adoecem: sem febre, sem ferida vis\u00edvel, mas com um vazio que pesa toneladas. Porque o luto, quando n\u00e3o acolhido, se entranha. Porque a dor, quando n\u00e3o escutada, grita de outras formas. E, muitas vezes, o choro abafado no enterro \u00e9 s\u00f3 o come\u00e7o de uma doen\u00e7a que ningu\u00e9m v\u00ea \u2014 mas que consome, devagar, por dentro.<\/p>\n","protected":false},"excerpt":{"rendered":"<p>No sil\u00eancio das manh\u00e3s seguintes ao enterro, quando o caf\u00e9 esfria na mesa e ningu\u00e9m mais liga para saber como voc\u00ea est\u00e1, come\u00e7a o verdadeiro luto. A perda, que no vel\u00f3rio era um rio revolto de l\u00e1grimas, vai se transformando numa correnteza silenciosa, que corre por dentro, desgastando os ossos e escurecendo os dias. Dizem [&hellip;]<\/p>\n","protected":false},"author":2,"featured_media":355032,"comment_status":"closed","ping_status":"closed","sticky":false,"template":"","format":"standard","meta":{"_acf_changed":false,"footnotes":""},"categories":[165],"tags":[],"class_list":["post-355031","post","type-post","status-publish","format-standard","has-post-thumbnail","hentry","category-nordeste"],"acf":[],"_links":{"self":[{"href":"https:\/\/www.notibras.com\/site\/wp-json\/wp\/v2\/posts\/355031","targetHints":{"allow":["GET"]}}],"collection":[{"href":"https:\/\/www.notibras.com\/site\/wp-json\/wp\/v2\/posts"}],"about":[{"href":"https:\/\/www.notibras.com\/site\/wp-json\/wp\/v2\/types\/post"}],"author":[{"embeddable":true,"href":"https:\/\/www.notibras.com\/site\/wp-json\/wp\/v2\/users\/2"}],"replies":[{"embeddable":true,"href":"https:\/\/www.notibras.com\/site\/wp-json\/wp\/v2\/comments?post=355031"}],"version-history":[{"count":4,"href":"https:\/\/www.notibras.com\/site\/wp-json\/wp\/v2\/posts\/355031\/revisions"}],"predecessor-version":[{"id":355036,"href":"https:\/\/www.notibras.com\/site\/wp-json\/wp\/v2\/posts\/355031\/revisions\/355036"}],"wp:featuredmedia":[{"embeddable":true,"href":"https:\/\/www.notibras.com\/site\/wp-json\/wp\/v2\/media\/355032"}],"wp:attachment":[{"href":"https:\/\/www.notibras.com\/site\/wp-json\/wp\/v2\/media?parent=355031"}],"wp:term":[{"taxonomy":"category","embeddable":true,"href":"https:\/\/www.notibras.com\/site\/wp-json\/wp\/v2\/categories?post=355031"},{"taxonomy":"post_tag","embeddable":true,"href":"https:\/\/www.notibras.com\/site\/wp-json\/wp\/v2\/tags?post=355031"}],"curies":[{"name":"wp","href":"https:\/\/api.w.org\/{rel}","templated":true}]}}