{"id":355050,"date":"2025-06-02T08:16:06","date_gmt":"2025-06-02T11:16:06","guid":{"rendered":"https:\/\/www.notibras.com\/site\/?p=355050"},"modified":"2025-06-02T11:19:31","modified_gmt":"2025-06-02T14:19:31","slug":"congresso-do-brics-em-nosso-congresso-cria-seguranca-do-g20","status":"publish","type":"post","link":"https:\/\/www.notibras.com\/site\/congresso-do-brics-em-nosso-congresso-cria-seguranca-do-g20\/","title":{"rendered":"Congresso do Brics em nosso Congresso cria seguran\u00e7a do G20"},"content":{"rendered":"<p>O Congresso Nacional promove nesta semana o 11\u00ba F\u00f3rum Parlamentar do Brics com a participa\u00e7\u00e3o de aproximadamente 150 deputados ou senadores de 15 na\u00e7\u00f5es. Al\u00e9m de parlamentares dos 11 membros permanentes do bloco, como \u00cdndia, China, R\u00fassia, \u00c1frica do Sul, Ir\u00e3 e Indon\u00e9sia, o encontro conta com delega\u00e7\u00f5es de pa\u00edses parceiros, como Cuba, Bol\u00edvia, Nig\u00e9ria, Cazaquist\u00e3o e Belarus.<\/p>\n<p>Entre ter\u00e7a-feira (3) e quinta-feira (5), o parlamento brasileiro ser\u00e1 palco de debates internacionais sobre iniciativas legislativas na \u00e1rea de regula\u00e7\u00e3o da Intelig\u00eancia Artificial (IA), sa\u00fade global, crise clim\u00e1tica, desenvolvimento econ\u00f4mico, reforma na governan\u00e7a mundial para paz e seguran\u00e7a e sobre a participa\u00e7\u00e3o das mulheres nos diversos temas.<\/p>\n<p>O f\u00f3rum tem in\u00edcio com reuni\u00e3o de mulheres parlamentares do Brics, na ter\u00e7a-feira (2), para discutir a participa\u00e7\u00e3o feminina na era digital, no enfrentamento da crise clim\u00e1tica e como agentes e benefici\u00e1rias de financiamentos.<\/p>\n<p>Ainda na ter\u00e7a-feira, ocorre o encontro de presidentes das Comiss\u00f5es de Rela\u00e7\u00f5es Exteriores dos parlamentos do Brics, com debates sobre fortalecimento do com\u00e9rcio entre os pa\u00edses do bloco, promo\u00e7\u00e3o de investimentos e transfer\u00eancia de tecnologia para o desenvolvimento sustent\u00e1vel e de instrumentos financeiros para o bloco.<\/p>\n<p>As delega\u00e7\u00f5es do Brics chegam nesta quarta-feira (4) para a solenidade de abertura oficial do evento e foto oficial. A programa\u00e7\u00e3o completa pode ser conferida aqui.<\/p>\n<p><strong>F\u00f3rum Parlamentar Brics<\/strong><br \/>\nO Brasil preside o Brics em 2025 em meio \u00e0 expans\u00e3o do bloco que re\u00fane as principais economias emergentes do planeta. Inicialmente formado por Brasil, R\u00fassia, \u00cdndia, China e \u00c1frica do Sul, a coaliza\u00e7\u00e3o de pa\u00edses incluiu, no ano passado, como membros permanentes o Ir\u00e3, a Ar\u00e1bia Saudita, o Egito, a Eti\u00f3pia e o Emirados \u00c1rabes Unidos.<\/p>\n<p>Neste ano, foi a vez da Indon\u00e9sia ser inclu\u00edda como membro permanente. Al\u00e9m disso, em 2025, foi inaugurada a modalidade de membros parceiros, com a inclus\u00e3o de nove pa\u00edses: Belarus, Bol\u00edvia, Cuba, Cazaquist\u00e3o, Mal\u00e1sia, Nig\u00e9ria, Tail\u00e2ndia, Uganda e Uzbequist\u00e3o.<\/p>\n<p>O F\u00f3rum Parlamentar do Brics come\u00e7ou em 2011, por iniciativa do Brasil, para reunir parlamentares com objetivo de alinhar iniciativas legislativas comuns e de interesses dos pa\u00edses membros.<\/p>\n<p>Com 40% da popula\u00e7\u00e3o mundial e somando 37% de economia do planeta, o Brics articula, entre suas demandas, a defesa de uma reforma na governan\u00e7a global, com amplia\u00e7\u00e3o da representa\u00e7\u00e3o dos pa\u00edses da \u00c1sia, \u00c1frica e Am\u00e9rica Latina em \u00f3rg\u00e3os como o Conselho de Seguran\u00e7a da ONU, a Organiza\u00e7\u00e3o Mundial do Com\u00e9rcio (CMO) e institui\u00e7\u00f5es financeiras como Banco Mundial e Fundo Monet\u00e1rio Internacional (FMI).<\/p>\n","protected":false},"excerpt":{"rendered":"<p>O Congresso Nacional promove nesta semana o 11\u00ba F\u00f3rum Parlamentar do Brics com a participa\u00e7\u00e3o de aproximadamente 150 deputados ou senadores de 15 na\u00e7\u00f5es. Al\u00e9m de parlamentares dos 11 membros permanentes do bloco, como \u00cdndia, China, R\u00fassia, \u00c1frica do Sul, Ir\u00e3 e Indon\u00e9sia, o encontro conta com delega\u00e7\u00f5es de pa\u00edses parceiros, como Cuba, Bol\u00edvia, Nig\u00e9ria, [&hellip;]<\/p>\n","protected":false},"author":2,"featured_media":355051,"comment_status":"closed","ping_status":"closed","sticky":false,"template":"","format":"standard","meta":{"_acf_changed":false,"footnotes":""},"categories":[161],"tags":[],"class_list":["post-355050","post","type-post","status-publish","format-standard","has-post-thumbnail","hentry","category-quadradinho-em-foco"],"acf":[],"_links":{"self":[{"href":"https:\/\/www.notibras.com\/site\/wp-json\/wp\/v2\/posts\/355050","targetHints":{"allow":["GET"]}}],"collection":[{"href":"https:\/\/www.notibras.com\/site\/wp-json\/wp\/v2\/posts"}],"about":[{"href":"https:\/\/www.notibras.com\/site\/wp-json\/wp\/v2\/types\/post"}],"author":[{"embeddable":true,"href":"https:\/\/www.notibras.com\/site\/wp-json\/wp\/v2\/users\/2"}],"replies":[{"embeddable":true,"href":"https:\/\/www.notibras.com\/site\/wp-json\/wp\/v2\/comments?post=355050"}],"version-history":[{"count":1,"href":"https:\/\/www.notibras.com\/site\/wp-json\/wp\/v2\/posts\/355050\/revisions"}],"predecessor-version":[{"id":355052,"href":"https:\/\/www.notibras.com\/site\/wp-json\/wp\/v2\/posts\/355050\/revisions\/355052"}],"wp:featuredmedia":[{"embeddable":true,"href":"https:\/\/www.notibras.com\/site\/wp-json\/wp\/v2\/media\/355051"}],"wp:attachment":[{"href":"https:\/\/www.notibras.com\/site\/wp-json\/wp\/v2\/media?parent=355050"}],"wp:term":[{"taxonomy":"category","embeddable":true,"href":"https:\/\/www.notibras.com\/site\/wp-json\/wp\/v2\/categories?post=355050"},{"taxonomy":"post_tag","embeddable":true,"href":"https:\/\/www.notibras.com\/site\/wp-json\/wp\/v2\/tags?post=355050"}],"curies":[{"name":"wp","href":"https:\/\/api.w.org\/{rel}","templated":true}]}}