{"id":355053,"date":"2025-06-02T07:46:10","date_gmt":"2025-06-02T10:46:10","guid":{"rendered":"https:\/\/www.notibras.com\/site\/?p=355053"},"modified":"2025-06-02T11:48:13","modified_gmt":"2025-06-02T14:48:13","slug":"profissionais-de-saude-ajudarao-a-combater-uso-de-alcool-e-outras-drogas","status":"publish","type":"post","link":"https:\/\/www.notibras.com\/site\/profissionais-de-saude-ajudarao-a-combater-uso-de-alcool-e-outras-drogas\/","title":{"rendered":"Profissionais de sa\u00fade ajudar\u00e3o a combater uso de \u00e1lcool e outras drogas"},"content":{"rendered":"<p>O uso abusivo de \u00e1lcool e outras drogas n\u00e3o \u00e9 apenas um desafio cl\u00ednico &#8211; \u00e9 um drama social que afeta fam\u00edlias inteiras, desestrutura vidas e pressiona ainda mais os servi\u00e7os p\u00fablicos de sa\u00fade. Para quem atua na linha de frente da sa\u00fade, saber lidar com essa realidade vai muito al\u00e9m da t\u00e9cnica: exige escuta, empatia e, principalmente, desconstru\u00e7\u00e3o de julgamentos.<\/p>\n<p>\u00c9 com esse objetivo que a Diretoria de Inova\u00e7\u00e3o, Ensino e Pesquisa (Diep), do Instituto de Gest\u00e3o Estrat\u00e9gica de Sa\u00fade do DF (IgesDF), dar\u00e1 in\u00edcio, neste m\u00eas, \u00e0 capacita\u00e7\u00e3o voltada para profissionais da sa\u00fade. O foco \u00e9 promover uma abordagem mais sens\u00edvel, qualificada e baseada em evid\u00eancias sobre o cuidado com pessoas em uso grave e persistente de subst\u00e2ncias.<\/p>\n<p>Uma das palestrantes da capacita\u00e7\u00e3o, a assistente social Beatriz Sousa Liarte chama a aten\u00e7\u00e3o para o preconceito, que ainda ocorre em larga escala: \u201cO uso de \u00e1lcool e outras drogas, infelizmente, ainda \u00e9 muito visto como falha de car\u00e1ter, mas a gente precisa lembrar que \u00e9 uma quest\u00e3o de sa\u00fade p\u00fablica reconhecida pela Organiza\u00e7\u00e3o Mundial de Sa\u00fade [OMS] e que pode impactar diretamente no tratamento de outras condi\u00e7\u00f5es cl\u00ednicas; por isso precisamos tratar isso com responsabilidade, acolhimento e sem julgamentos\u201d.<\/p>\n<p>A proposta do curso \u00e9 oferecer n\u00e3o s\u00f3 ferramentas t\u00e9cnicas de interven\u00e7\u00e3o, mas tamb\u00e9m refor\u00e7ar a import\u00e2ncia de pr\u00e1ticas mais humanas e inclusivas. Entre os temas discutidos est\u00e3o escuta ativa, redu\u00e7\u00e3o de danos, encaminhamentos adequados para unidades especializadas e estrat\u00e9gias de comunica\u00e7\u00e3o com pacientes em situa\u00e7\u00e3o de vulnerabilidade.<\/p>\n<p>A capacita\u00e7\u00e3o ser\u00e1 ministrada em quatro encontros presenciais, distribu\u00eddos entre o Hospital de Base e o Hospital Regional de Santa Maria. \u00c9 aberta a todos os profissionais da \u00e1rea da sa\u00fade, incluindo p\u00fablico externo. As aulas ser\u00e3o sempre das 9h \u00e0s 11h, com a seguinte distribui\u00e7\u00e3o: dias 13 e18, na Diep do Hospital de Base; dias 16 e 24, no audit\u00f3rio do Hospital Regional de Santa Maria.<\/p>\n<p>A ideia \u00e9 que, em breve, as unidades de pronto atendimento (UPAs) tamb\u00e9m sejam contempladas com o treinamento. \u201cN\u00e3o se trata apenas de lidar com uma crise, mas de criar uma cultura de cuidado, e isso come\u00e7a com profissionais preparados para enxergar o outro com mais humanidade\u201d, pontua Beatriz Liarte.<\/p>\n","protected":false},"excerpt":{"rendered":"<p>O uso abusivo de \u00e1lcool e outras drogas n\u00e3o \u00e9 apenas um desafio cl\u00ednico &#8211; \u00e9 um drama social que afeta fam\u00edlias inteiras, desestrutura vidas e pressiona ainda mais os servi\u00e7os p\u00fablicos de sa\u00fade. Para quem atua na linha de frente da sa\u00fade, saber lidar com essa realidade vai muito al\u00e9m da t\u00e9cnica: exige escuta, [&hellip;]<\/p>\n","protected":false},"author":2,"featured_media":355054,"comment_status":"closed","ping_status":"closed","sticky":false,"template":"","format":"standard","meta":{"_acf_changed":false,"footnotes":""},"categories":[161],"tags":[],"class_list":["post-355053","post","type-post","status-publish","format-standard","has-post-thumbnail","hentry","category-quadradinho-em-foco"],"acf":[],"_links":{"self":[{"href":"https:\/\/www.notibras.com\/site\/wp-json\/wp\/v2\/posts\/355053","targetHints":{"allow":["GET"]}}],"collection":[{"href":"https:\/\/www.notibras.com\/site\/wp-json\/wp\/v2\/posts"}],"about":[{"href":"https:\/\/www.notibras.com\/site\/wp-json\/wp\/v2\/types\/post"}],"author":[{"embeddable":true,"href":"https:\/\/www.notibras.com\/site\/wp-json\/wp\/v2\/users\/2"}],"replies":[{"embeddable":true,"href":"https:\/\/www.notibras.com\/site\/wp-json\/wp\/v2\/comments?post=355053"}],"version-history":[{"count":1,"href":"https:\/\/www.notibras.com\/site\/wp-json\/wp\/v2\/posts\/355053\/revisions"}],"predecessor-version":[{"id":355055,"href":"https:\/\/www.notibras.com\/site\/wp-json\/wp\/v2\/posts\/355053\/revisions\/355055"}],"wp:featuredmedia":[{"embeddable":true,"href":"https:\/\/www.notibras.com\/site\/wp-json\/wp\/v2\/media\/355054"}],"wp:attachment":[{"href":"https:\/\/www.notibras.com\/site\/wp-json\/wp\/v2\/media?parent=355053"}],"wp:term":[{"taxonomy":"category","embeddable":true,"href":"https:\/\/www.notibras.com\/site\/wp-json\/wp\/v2\/categories?post=355053"},{"taxonomy":"post_tag","embeddable":true,"href":"https:\/\/www.notibras.com\/site\/wp-json\/wp\/v2\/tags?post=355053"}],"curies":[{"name":"wp","href":"https:\/\/api.w.org\/{rel}","templated":true}]}}