{"id":355122,"date":"2025-06-03T08:35:08","date_gmt":"2025-06-03T11:35:08","guid":{"rendered":"https:\/\/www.notibras.com\/site\/?p=355122"},"modified":"2025-06-03T08:37:50","modified_gmt":"2025-06-03T11:37:50","slug":"empresario-denunciado-como-mandante-de-ataque-covarde-em-recife","status":"publish","type":"post","link":"https:\/\/www.notibras.com\/site\/empresario-denunciado-como-mandante-de-ataque-covarde-em-recife\/","title":{"rendered":"Empres\u00e1rio denunciado como mandante de ataque covarde em Recife"},"content":{"rendered":"<p>Em uma tarde que deveria ser comum nas ruas de Boa Viagem, no cora\u00e7\u00e3o da Zona Sul do Recife, a brutalidade rasgou a rotina e desfigurou um rosto \u2014 e talvez, por algum tempo, a pr\u00f3pria liberdade de imprensa em Pernambuco.<\/p>\n<p>O Minist\u00e9rio P\u00fablico local denunciou o empres\u00e1rio Rodrigo Tavares Ramos, de 35 anos, como mandante de uma agress\u00e3o covarde e premeditada contra o jornalista Ricardo Antunes, conhecido por sua atua\u00e7\u00e3o independente e den\u00fancias contundentes contra os poderosos. A viol\u00eancia aconteceu em plena luz do dia, em novembro do ano passado, diante de testemunhas, c\u00e2meras e da cidade at\u00f4nita.<\/p>\n<p>Segundo a den\u00fancia, o ataque foi um recado s\u00f3rdido: uma retalia\u00e7\u00e3o cruel \u00e0s reportagens publicadas no blog de Antunes, que expunham poss\u00edveis irregularidades cometidas por Tavares na gest\u00e3o da rede de cl\u00ednicas populares que comanda em Recife e na Regi\u00e3o Metropolitana. Entre as den\u00fancias estavam casos alarmantes: agress\u00e3o a pacientes, uso de registro m\u00e9dico vencido e at\u00e9 falsifica\u00e7\u00e3o de assinaturas \u2014 tudo isso em unidades que deveriam zelar pela sa\u00fade da popula\u00e7\u00e3o mais vulner\u00e1vel.<\/p>\n<p>Mas em vez de responder com documentos, esclarecimentos ou a\u00e7\u00f5es legais, Rodrigo Tavares \u2014 afirma o MPPE \u2014 escolheu silenciar com os punhos.<\/p>\n<p>O executor da viol\u00eancia, Pedro Henrique Costa de Oliveira, de 29 anos, foi identificado como o homem que, \u00e0 sa\u00edda de uma barbearia, se aproximou de Antunes com a frieza de quem cumpre uma ordem. Um \u00fanico golpe, um soco no rosto, foi suficiente para derrubar o jornalista. Mas n\u00e3o foi tudo. No ch\u00e3o, indefeso, Ricardo Antunes foi espancado com tamanha brutalidade que teve o rosto afundado, precisando de uma cirurgia delicada de duas horas para reconstru\u00e7\u00e3o facial, envolvendo a implanta\u00e7\u00e3o de placas, pinos e 33 pontos no rosto. O jornalista quase perdeu o olho esquerdo.<\/p>\n<p>\u201cO crime foi registrado por uma c\u00e2mera, de dentro de um carro, como se fosse uma cena ensaiada, encomendada para ser exibida. E foi. O v\u00eddeo correu as redes sociais como uma amea\u00e7a velada a todos os que ousam falar demais\u201d, diz a den\u00fancia do MPPE.<\/p>\n<p>Os promotores foram categ\u00f3ricos: o crime foi planejado, executado e filmado com o claro intuito de destruir a imagem, a honra e o corpo da v\u00edtima. E a motiva\u00e7\u00e3o, segundo a investiga\u00e7\u00e3o, n\u00e3o deixa d\u00favidas: as reportagens de Ricardo Antunes incomodavam \u2014 tanto que foi necess\u00e1rio silenci\u00e1-lo, com sangue.<\/p>\n<p>A conex\u00e3o entre mandante e executor foi refor\u00e7ada por v\u00eddeos anexados aos autos, nos quais Tavares e Oliveira aparecem juntos. O MPPE tamb\u00e9m revelou que Rodrigo Tavares tem hist\u00f3rico de viol\u00eancia, com registros de amea\u00e7as e viol\u00eancia dom\u00e9stica, o que tra\u00e7a um retrato ainda mais sombrio do acusado.<\/p>\n<p>Ambos respondem agora a uma a\u00e7\u00e3o penal na 3\u00aa Vara Criminal do Recife, por les\u00e3o corporal grav\u00edssima. A pena pode chegar a 11 anos de pris\u00e3o \u2014 um n\u00famero que, mesmo que cumprido, jamais apagar\u00e1 da pele e da mem\u00f3ria de Ricardo Antunes o horror daquele dia.<\/p>\n<p>No epicentro desse drama, fica a pergunta inc\u00f4moda: at\u00e9 quando se poder\u00e1 escrever a verdade sem sangrar por ela?<\/p>\n","protected":false},"excerpt":{"rendered":"<p>Em uma tarde que deveria ser comum nas ruas de Boa Viagem, no cora\u00e7\u00e3o da Zona Sul do Recife, a brutalidade rasgou a rotina e desfigurou um rosto \u2014 e talvez, por algum tempo, a pr\u00f3pria liberdade de imprensa em Pernambuco. O Minist\u00e9rio P\u00fablico local denunciou o empres\u00e1rio Rodrigo Tavares Ramos, de 35 anos, como [&hellip;]<\/p>\n","protected":false},"author":2,"featured_media":355124,"comment_status":"closed","ping_status":"closed","sticky":false,"template":"","format":"standard","meta":{"_acf_changed":false,"footnotes":""},"categories":[165],"tags":[],"class_list":["post-355122","post","type-post","status-publish","format-standard","has-post-thumbnail","hentry","category-nordeste"],"acf":[],"_links":{"self":[{"href":"https:\/\/www.notibras.com\/site\/wp-json\/wp\/v2\/posts\/355122","targetHints":{"allow":["GET"]}}],"collection":[{"href":"https:\/\/www.notibras.com\/site\/wp-json\/wp\/v2\/posts"}],"about":[{"href":"https:\/\/www.notibras.com\/site\/wp-json\/wp\/v2\/types\/post"}],"author":[{"embeddable":true,"href":"https:\/\/www.notibras.com\/site\/wp-json\/wp\/v2\/users\/2"}],"replies":[{"embeddable":true,"href":"https:\/\/www.notibras.com\/site\/wp-json\/wp\/v2\/comments?post=355122"}],"version-history":[{"count":3,"href":"https:\/\/www.notibras.com\/site\/wp-json\/wp\/v2\/posts\/355122\/revisions"}],"predecessor-version":[{"id":355127,"href":"https:\/\/www.notibras.com\/site\/wp-json\/wp\/v2\/posts\/355122\/revisions\/355127"}],"wp:featuredmedia":[{"embeddable":true,"href":"https:\/\/www.notibras.com\/site\/wp-json\/wp\/v2\/media\/355124"}],"wp:attachment":[{"href":"https:\/\/www.notibras.com\/site\/wp-json\/wp\/v2\/media?parent=355122"}],"wp:term":[{"taxonomy":"category","embeddable":true,"href":"https:\/\/www.notibras.com\/site\/wp-json\/wp\/v2\/categories?post=355122"},{"taxonomy":"post_tag","embeddable":true,"href":"https:\/\/www.notibras.com\/site\/wp-json\/wp\/v2\/tags?post=355122"}],"curies":[{"name":"wp","href":"https:\/\/api.w.org\/{rel}","templated":true}]}}