{"id":355185,"date":"2025-06-04T07:07:18","date_gmt":"2025-06-04T10:07:18","guid":{"rendered":"https:\/\/www.notibras.com\/site\/?p=355185"},"modified":"2025-06-04T07:08:30","modified_gmt":"2025-06-04T10:08:30","slug":"sao-joao-acende-fogueiras-para-deixar-o-nordeste-ainda-mais-acolhedor","status":"publish","type":"post","link":"https:\/\/www.notibras.com\/site\/sao-joao-acende-fogueiras-para-deixar-o-nordeste-ainda-mais-acolhedor\/","title":{"rendered":"S\u00e3o Jo\u00e3o acende fogueiras para deixar o Nordeste ainda mais acolhedor"},"content":{"rendered":"<p>Neste m\u00eas de junho, o c\u00e9u do Nordeste ganha um brilho especial. As estrelas parecem competir com os bal\u00f5es coloridos, e o cheiro de fuma\u00e7a no ar n\u00e3o incomoda \u2014 pelo contr\u00e1rio, abra\u00e7a. \u00c9 S\u00e3o Jo\u00e3o chegando, e com ele, um calor que vai al\u00e9m do fogo das fogueiras: \u00e9 o calor humano, aquele que s\u00f3 o Nordeste sabe acender.<\/p>\n<p>Em cada rua de barro ou de paralelep\u00edpedo, surgem bandeirolas dan\u00e7ando com o vento, como se quisessem ensaiar para o arrasta-p\u00e9 da noite. As crian\u00e7as correm de um lado para o outro, estalando biribas e soltando risadas que explodem mais alto que qualquer fogos de artif\u00edcio. As casas se enfeitam com simplicidade e orgulho, como quem sabe que beleza mesmo est\u00e1 na alma da festa.<\/p>\n<p>O S\u00e3o Jo\u00e3o nordestino \u00e9 mais que tradi\u00e7\u00e3o \u2014 \u00e9 identidade. \u00c9 o momento em que o interior vira capital da alegria, em que o sanfoneiro vira rei e o milho vira ouro. Cozido, assado, em forma de canjica ou pamonha, o milho reina soberano nas mesas fartas, ladeado pelo cheiro doce de bolo de macaxeira e o som da zabumba que n\u00e3o deixa ningu\u00e9m parado.<\/p>\n<p>Na pra\u00e7a, o forr\u00f3 convida: \u201cVem dan\u00e7ar!\u201d. E n\u00e3o importa se os passos est\u00e3o enferrujados ou se a bota aperta \u2014 o corpo vai, puxado pelo cora\u00e7\u00e3o. Ali, nos bra\u00e7os de um xote apertado, se esquece da pressa e se lembra do que importa: estar junto, sorrir, celebrar.<\/p>\n<p>As fogueiras crepitam como se contassem hist\u00f3rias. E contam mesmo. Falam dos tempos antigos, das promessas feitas a Santo Ant\u00f4nio, dos pedidos ao S\u00e3o Jo\u00e3o, das chuvas esperadas para o ro\u00e7ado. O fogo esquenta n\u00e3o s\u00f3 as noites frias, mas tamb\u00e9m as mem\u00f3rias \u2014 e aquece at\u00e9 quem vem de longe, fazendo do Nordeste lar por alguns dias.<\/p>\n<p>Porque \u00e9 isso que o S\u00e3o Jo\u00e3o faz: transforma ruas em sal\u00f5es, comidas simples em banquetes, e o cora\u00e7\u00e3o de quem vive aqui em abrigo para quem chega. No Nordeste, S\u00e3o Jo\u00e3o n\u00e3o \u00e9 apenas festa \u2014 \u00e9 a forma mais bonita de dizer: \u201cSe achegue. Aqui, sempre cabe mais um.\u201d<\/p>\n","protected":false},"excerpt":{"rendered":"<p>Neste m\u00eas de junho, o c\u00e9u do Nordeste ganha um brilho especial. As estrelas parecem competir com os bal\u00f5es coloridos, e o cheiro de fuma\u00e7a no ar n\u00e3o incomoda \u2014 pelo contr\u00e1rio, abra\u00e7a. \u00c9 S\u00e3o Jo\u00e3o chegando, e com ele, um calor que vai al\u00e9m do fogo das fogueiras: \u00e9 o calor humano, aquele que [&hellip;]<\/p>\n","protected":false},"author":2,"featured_media":355186,"comment_status":"closed","ping_status":"closed","sticky":false,"template":"","format":"standard","meta":{"_acf_changed":false,"footnotes":""},"categories":[165],"tags":[],"class_list":["post-355185","post","type-post","status-publish","format-standard","has-post-thumbnail","hentry","category-nordeste"],"acf":[],"_links":{"self":[{"href":"https:\/\/www.notibras.com\/site\/wp-json\/wp\/v2\/posts\/355185","targetHints":{"allow":["GET"]}}],"collection":[{"href":"https:\/\/www.notibras.com\/site\/wp-json\/wp\/v2\/posts"}],"about":[{"href":"https:\/\/www.notibras.com\/site\/wp-json\/wp\/v2\/types\/post"}],"author":[{"embeddable":true,"href":"https:\/\/www.notibras.com\/site\/wp-json\/wp\/v2\/users\/2"}],"replies":[{"embeddable":true,"href":"https:\/\/www.notibras.com\/site\/wp-json\/wp\/v2\/comments?post=355185"}],"version-history":[{"count":2,"href":"https:\/\/www.notibras.com\/site\/wp-json\/wp\/v2\/posts\/355185\/revisions"}],"predecessor-version":[{"id":355188,"href":"https:\/\/www.notibras.com\/site\/wp-json\/wp\/v2\/posts\/355185\/revisions\/355188"}],"wp:featuredmedia":[{"embeddable":true,"href":"https:\/\/www.notibras.com\/site\/wp-json\/wp\/v2\/media\/355186"}],"wp:attachment":[{"href":"https:\/\/www.notibras.com\/site\/wp-json\/wp\/v2\/media?parent=355185"}],"wp:term":[{"taxonomy":"category","embeddable":true,"href":"https:\/\/www.notibras.com\/site\/wp-json\/wp\/v2\/categories?post=355185"},{"taxonomy":"post_tag","embeddable":true,"href":"https:\/\/www.notibras.com\/site\/wp-json\/wp\/v2\/tags?post=355185"}],"curies":[{"name":"wp","href":"https:\/\/api.w.org\/{rel}","templated":true}]}}