{"id":355198,"date":"2025-06-04T00:00:43","date_gmt":"2025-06-04T03:00:43","guid":{"rendered":"https:\/\/www.notibras.com\/site\/?p=355198"},"modified":"2025-06-04T07:44:53","modified_gmt":"2025-06-04T10:44:53","slug":"confirmado-caso-de-gripe-aviaria-no-zoologico-de-brasilia","status":"publish","type":"post","link":"https:\/\/www.notibras.com\/site\/confirmado-caso-de-gripe-aviaria-no-zoologico-de-brasilia\/","title":{"rendered":"Confirmado caso de gripe avi\u00e1ria no Zool\u00f3gico de Bras\u00edlia"},"content":{"rendered":"<p>O Governo do Distrito Federal informou nesta ter\u00e7a-feira (03) que foi detectado um caso de influenza avi\u00e1ria de alta patogenicidade (IAAP) no Zool\u00f3gico de Bras\u00edlia. As amostras foram coletadas no dia 28 de maio ap\u00f3s a notifica\u00e7\u00e3o do zool\u00f3gico da mortalidade de duas aves.<\/p>\n<p>De acordo com a Secretaria de Agricultura (Seagri), o fechamento tempor\u00e1rio do zool\u00f3gico ocorreu como medida preventiva, at\u00e9 a confirma\u00e7\u00e3o do diagn\u00f3stico laboratorial realizado pelo Laborat\u00f3rio Federal de Defesa Agropecu\u00e1ria (LFDA-MAPA).<\/p>\n<p>Com a confirma\u00e7\u00e3o do foco, conforme tratativas junto a Coordena\u00e7\u00e3o do Programa Nacional de Sanidade Av\u00edcola do Minist\u00e9rio da Agricultura e Pecu\u00e1ria, ser\u00e1 mantida a interdi\u00e7\u00e3o do Zool\u00f3gico at\u00e9 o dia 12 de junho, caso n\u00e3o ocorra novos casos no local. A vigil\u00e2ncia ser\u00e1 cont\u00ednua a fim de monitorar a sa\u00fade das aves.<\/p>\n<p>A Seagri refor\u00e7a que o consumo de carne de aves e ovos inspecionados \u00e9 seguro, j\u00e1 que a doen\u00e7a n\u00e3o \u00e9 transmitida por esse meio. A popula\u00e7\u00e3o pode se manter tranquila, n\u00e3o havendo qualquer restri\u00e7\u00e3o quanto a alimenta\u00e7\u00e3o.<\/p>\n<p>Ressaltamos que a manipula\u00e7\u00e3o de aves mortas dever\u00e1 ser evitada, e todas as suspeitas que incluem sinais respirat\u00f3rios, neurol\u00f3gicos ou mortalidade alta e s\u00fabita em aves devem ser notificadas imediatamente \u00e0 Secretaria da Agricultura atrav\u00e9s do e-mail falecomadefesa@seagri.df.gov.br ou pelo telefone (whatsapp) 61-99154-1539.<\/p>\n","protected":false},"excerpt":{"rendered":"<p>O Governo do Distrito Federal informou nesta ter\u00e7a-feira (03) que foi detectado um caso de influenza avi\u00e1ria de alta patogenicidade (IAAP) no Zool\u00f3gico de Bras\u00edlia. As amostras foram coletadas no dia 28 de maio ap\u00f3s a notifica\u00e7\u00e3o do zool\u00f3gico da mortalidade de duas aves. De acordo com a Secretaria de Agricultura (Seagri), o fechamento tempor\u00e1rio [&hellip;]<\/p>\n","protected":false},"author":2,"featured_media":238395,"comment_status":"closed","ping_status":"closed","sticky":false,"template":"","format":"standard","meta":{"_acf_changed":false,"footnotes":""},"categories":[161],"tags":[],"class_list":["post-355198","post","type-post","status-publish","format-standard","has-post-thumbnail","hentry","category-quadradinho-em-foco"],"acf":[],"_links":{"self":[{"href":"https:\/\/www.notibras.com\/site\/wp-json\/wp\/v2\/posts\/355198","targetHints":{"allow":["GET"]}}],"collection":[{"href":"https:\/\/www.notibras.com\/site\/wp-json\/wp\/v2\/posts"}],"about":[{"href":"https:\/\/www.notibras.com\/site\/wp-json\/wp\/v2\/types\/post"}],"author":[{"embeddable":true,"href":"https:\/\/www.notibras.com\/site\/wp-json\/wp\/v2\/users\/2"}],"replies":[{"embeddable":true,"href":"https:\/\/www.notibras.com\/site\/wp-json\/wp\/v2\/comments?post=355198"}],"version-history":[{"count":1,"href":"https:\/\/www.notibras.com\/site\/wp-json\/wp\/v2\/posts\/355198\/revisions"}],"predecessor-version":[{"id":355199,"href":"https:\/\/www.notibras.com\/site\/wp-json\/wp\/v2\/posts\/355198\/revisions\/355199"}],"wp:featuredmedia":[{"embeddable":true,"href":"https:\/\/www.notibras.com\/site\/wp-json\/wp\/v2\/media\/238395"}],"wp:attachment":[{"href":"https:\/\/www.notibras.com\/site\/wp-json\/wp\/v2\/media?parent=355198"}],"wp:term":[{"taxonomy":"category","embeddable":true,"href":"https:\/\/www.notibras.com\/site\/wp-json\/wp\/v2\/categories?post=355198"},{"taxonomy":"post_tag","embeddable":true,"href":"https:\/\/www.notibras.com\/site\/wp-json\/wp\/v2\/tags?post=355198"}],"curies":[{"name":"wp","href":"https:\/\/api.w.org\/{rel}","templated":true}]}}