{"id":35524,"date":"2015-01-31T09:35:48","date_gmt":"2015-01-31T12:35:48","guid":{"rendered":"http:\/\/www.notibras.com\/site\/?p=35524"},"modified":"2015-01-31T20:02:31","modified_gmt":"2015-01-31T23:02:31","slug":"terceirizacao-de-mao-deobra-e-uma-coisa-contrato-de-faccao-outra","status":"publish","type":"post","link":"https:\/\/www.notibras.com\/site\/terceirizacao-de-mao-deobra-e-uma-coisa-contrato-de-faccao-outra\/","title":{"rendered":"Terceiriza\u00e7\u00e3o de m\u00e3o de obra \u00e9 uma coisa; j\u00e1 contrato de fac\u00e7\u00e3o&#8230;"},"content":{"rendered":"<p>A terceiriza\u00e7\u00e3o \u00e9 um fen\u00f4meno observado com grande frequ\u00eancia nos dias atuais, sendo muitas vezes praticada com objetivos de diminuir custos, bem como de alcan\u00e7ar mais efici\u00eancia, produtividade e competitividade, aspectos cada vez mais almejados em tempos de globaliza\u00e7\u00e3o. Ela pode ser entendida como a transfer\u00eancia de certas atividades perif\u00e9ricas do tomador de servi\u00e7os, passando a ser exercidas por empresas distintas e especializadas.<\/p>\n<p>Como consequ\u00eancia, embora o trabalhador preste servi\u00e7os \u00e0 empresa tomadora, a rela\u00e7\u00e3o de emprego existe com a empresa prestadora de servi\u00e7os. Portanto, a rela\u00e7\u00e3o jur\u00eddica passa a ser triangular, envolvendo o empregado, a empresa prestadora de servi\u00e7os (empregador) e o tomador, que \u00e9 justamente quem terceirizou alguma atividade.<\/p>\n<p>O contrato de trabalho \u00e9 mantido, assim, entre o empregado e o empregador, que, no caso, \u00e9 uma empresa prestadora de servi\u00e7os. O v\u00ednculo entre o tomador e a empresa prestadora, por sua vez, decorre de contrato de natureza civil ou comercial, tendo como objeto a presta\u00e7\u00e3o de servi\u00e7o.<\/p>\n<p>Na verdadeira terceiriza\u00e7\u00e3o, portanto, o que se contrata \u00e9 a presta\u00e7\u00e3o de servi\u00e7o especializado, e n\u00e3o o simples fornecimento de m\u00e3o de obra. Com exce\u00e7\u00e3o das hip\u00f3teses de trabalho tempor\u00e1rio, a intermedia\u00e7\u00e3o de m\u00e3o de obra \u00e9 manifestamente proibida, pois o trabalho humano jamais pode ser tratado como mercadoria.<\/p>\n<blockquote><p>Nesse sentido prev\u00ea, inclusive, a Declara\u00e7\u00e3o de Filad\u00e9lfia, da Organiza\u00e7\u00e3o Internacional do Trabalho, ao reafirmar, entre os seus princ\u00edpios fundamentais, o de que &#8220;o trabalho n\u00e3o \u00e9 uma mercadoria&#8221;. Cabe ao sistema jur\u00eddico estabelecer limites \u00e0 terceiriza\u00e7\u00e3o, tendo em vista a necessidade de prote\u00e7\u00e3o da rela\u00e7\u00e3o de emprego, preservando-se o valor constitucional do trabalho, em respeito ao princ\u00edpio magno da dignidade da pessoa humana.<\/p><\/blockquote>\n<p>A jurisprud\u00eancia do TST (Tribunal Superior do Trabalho), por meio da S\u00famula 331, admite a contrata\u00e7\u00e3o de servi\u00e7os de vigil\u00e2ncia (lei 7.102\/1983) e de conserva\u00e7\u00e3o e limpeza, bem como a de servi\u00e7os especializados ligados \u00e0 atividade-meio do tomador, desde que inexistente a pessoalidade e a subordina\u00e7\u00e3o direta.<\/p>\n<p>Entretanto, mesmo nesses casos, se o empregador (que \u00e9 a empresa prestadora de servi\u00e7o) descumprir as obriga\u00e7\u00f5es trabalhistas em face de seu empregado, o tomador dos servi\u00e7os responde de forma subsidi\u00e1ria, pois se beneficiou do labor prestado.<\/p>\n<p>Em sentido inverso, n\u00e3o \u00e9 permitida, em regra, a terceiriza\u00e7\u00e3o da chamada atividade fim, ou seja, que integra o n\u00facleo ou a ess\u00eancia da organiza\u00e7\u00e3o empresarial.<\/p>\n<p>Ainda quanto ao tema, mais recentemente, tem-se observado a intensifica\u00e7\u00e3o, nas rela\u00e7\u00f5es empresariais, do chamado &#8220;contrato de fac\u00e7\u00e3o&#8221;, o qual pode ser entendido como a aven\u00e7a de natureza civil ou comercial, em que o contratante pactua, com terceiro, o fornecimento de produtos prontos e acabados, sem interferir na produ\u00e7\u00e3o.<\/p>\n<p>Como se pode notar, a rigor, o verdadeiro contrato de fac\u00e7\u00e3o n\u00e3o tem como objetivo a presta\u00e7\u00e3o de servi\u00e7os propriamente, nem muito menos o fornecimento de m\u00e3o de obra, mas sim a aquisi\u00e7\u00e3o de um produto.<\/p>\n<p>Logo, nesses contratos, a jurisprud\u00eancia majorit\u00e1ria tem entendido que n\u00e3o h\u00e1 terceiriza\u00e7\u00e3o de servi\u00e7os, o que afasta a incid\u00eancia da responsabilidade do ente tomador, exceto se houver a demonstra\u00e7\u00e3o da pr\u00e1tica de fraude, nos termos do art. 9\u00ba da CLT.<\/p>\n<blockquote><p>No sentido acima exposto, o TST j\u00e1 decidiu que o &#8220;contrato de fac\u00e7\u00e3o destina-se ao fornecimento de produtos por um empres\u00e1rio a outro, a fim de que deles se utilize em sua atividade econ\u00f4mica. O referido ajuste, ao contr\u00e1rio da terceiriza\u00e7\u00e3o [&#8230;], n\u00e3o visa \u00e0 obten\u00e7\u00e3o da m\u00e3o de obra imprescind\u00edvel \u00e0 realiza\u00e7\u00e3o de atividades meio de uma das partes da aven\u00e7a, mas t\u00e3o somente da mat\u00e9ria prima necess\u00e1ria \u00e0 explora\u00e7\u00e3o do seu objeto social, motivo pelo qual, aquele que adquire os bens em comento n\u00e3o pode ser responsabilizado subsidiariamente pelos cr\u00e9ditos trabalhistas devidos aos empregados de seu parceiro comercial&#8221;.<\/p><\/blockquote>\n<p>Deve-se distinguir, portanto, o verdadeiro contrato de fac\u00e7\u00e3o do mero fornecimento de m\u00e3o de obra, bem como da terceiriza\u00e7\u00e3o de servi\u00e7os. Com esse objetivo, \u00e9 necess\u00e1rio verificar, em cada caso em concreto, a efetiva verdade dos fatos, e n\u00e3o a simples forma ou denomina\u00e7\u00e3o atribu\u00edda ao neg\u00f3cio jur\u00eddico envolvido.<\/p>\n<p><strong>Gustavo Filipe Barbosa Garcia<\/strong><\/p>\n","protected":false},"excerpt":{"rendered":"<p>A terceiriza\u00e7\u00e3o \u00e9 um fen\u00f4meno observado com grande frequ\u00eancia nos dias atuais, sendo muitas vezes praticada com objetivos de diminuir custos, bem como de alcan\u00e7ar mais efici\u00eancia, produtividade e competitividade, aspectos cada vez mais almejados em tempos de globaliza\u00e7\u00e3o. Ela pode ser entendida como a transfer\u00eancia de certas atividades perif\u00e9ricas do tomador de servi\u00e7os, passando [&hellip;]<\/p>\n","protected":false},"author":2,"featured_media":35525,"comment_status":"open","ping_status":"closed","sticky":false,"template":"","format":"standard","meta":{"_acf_changed":false,"footnotes":""},"categories":[25],"tags":[],"class_list":["post-35524","post","type-post","status-publish","format-standard","has-post-thumbnail","hentry","category-opina-ai"],"acf":[],"yoast_head":"<!-- This site is optimized with the Yoast SEO plugin v27.2 - https:\/\/yoast.com\/product\/yoast-seo-wordpress\/ -->\n<title>Terceiriza\u00e7\u00e3o de m\u00e3o de obra \u00e9 uma coisa; j\u00e1 contrato de fac\u00e7\u00e3o... - Notibras<\/title>\n<meta name=\"robots\" content=\"index, follow, max-snippet:-1, max-image-preview:large, max-video-preview:-1\" \/>\n<link rel=\"canonical\" href=\"https:\/\/www.notibras.com\/site\/terceirizacao-de-mao-deobra-e-uma-coisa-contrato-de-faccao-outra\/\" \/>\n<meta property=\"og:locale\" content=\"pt_BR\" \/>\n<meta property=\"og:type\" content=\"article\" \/>\n<meta property=\"og:title\" content=\"Terceiriza\u00e7\u00e3o de m\u00e3o de obra \u00e9 uma coisa; j\u00e1 contrato de fac\u00e7\u00e3o... - Notibras\" \/>\n<meta property=\"og:description\" content=\"A terceiriza\u00e7\u00e3o \u00e9 um fen\u00f4meno observado com grande frequ\u00eancia nos dias atuais, sendo muitas vezes praticada com objetivos de diminuir custos, bem como de alcan\u00e7ar mais efici\u00eancia, produtividade e competitividade, aspectos cada vez mais almejados em tempos de globaliza\u00e7\u00e3o. Ela pode ser entendida como a transfer\u00eancia de certas atividades perif\u00e9ricas do tomador de servi\u00e7os, passando [&hellip;]\" \/>\n<meta property=\"og:url\" content=\"https:\/\/www.notibras.com\/site\/terceirizacao-de-mao-deobra-e-uma-coisa-contrato-de-faccao-outra\/\" \/>\n<meta property=\"og:site_name\" content=\"Notibras\" \/>\n<meta property=\"article:publisher\" content=\"https:\/\/www.facebook.com\/notibras\/\" \/>\n<meta property=\"article:published_time\" content=\"2015-01-31T12:35:48+00:00\" \/>\n<meta property=\"article:modified_time\" content=\"2015-01-31T23:02:31+00:00\" \/>\n<meta property=\"og:image\" content=\"https:\/\/www.notibras.com\/site\/wp-content\/uploads\/2015\/01\/ma.jpg\" \/>\n\t<meta property=\"og:image:width\" content=\"560\" \/>\n\t<meta property=\"og:image:height\" content=\"375\" \/>\n\t<meta property=\"og:image:type\" content=\"image\/jpeg\" \/>\n<meta name=\"author\" content=\"Reda\u00e7\u00e3o\" \/>\n<meta name=\"twitter:card\" content=\"summary_large_image\" \/>\n<meta name=\"twitter:creator\" content=\"@Notibras\" \/>\n<meta name=\"twitter:site\" content=\"@Notibras\" \/>\n<meta name=\"twitter:label1\" content=\"Escrito por\" \/>\n\t<meta name=\"twitter:data1\" content=\"Reda\u00e7\u00e3o\" \/>\n\t<meta name=\"twitter:label2\" content=\"Est. tempo de leitura\" \/>\n\t<meta name=\"twitter:data2\" content=\"4 minutos\" \/>\n<script type=\"application\/ld+json\" class=\"yoast-schema-graph\">{\"@context\":\"https:\/\/schema.org\",\"@graph\":[{\"@type\":\"Article\",\"@id\":\"https:\/\/www.notibras.com\/site\/terceirizacao-de-mao-deobra-e-uma-coisa-contrato-de-faccao-outra\/#article\",\"isPartOf\":{\"@id\":\"https:\/\/www.notibras.com\/site\/terceirizacao-de-mao-deobra-e-uma-coisa-contrato-de-faccao-outra\/\"},\"author\":{\"name\":\"Reda\u00e7\u00e3o\",\"@id\":\"https:\/\/www.notibras.com\/site\/#\/schema\/person\/36ab0979449956132d3e5b517ea76ac8\"},\"headline\":\"Terceiriza\u00e7\u00e3o de m\u00e3o de obra \u00e9 uma coisa; j\u00e1 contrato de fac\u00e7\u00e3o&#8230;\",\"datePublished\":\"2015-01-31T12:35:48+00:00\",\"dateModified\":\"2015-01-31T23:02:31+00:00\",\"mainEntityOfPage\":{\"@id\":\"https:\/\/www.notibras.com\/site\/terceirizacao-de-mao-deobra-e-uma-coisa-contrato-de-faccao-outra\/\"},\"wordCount\":758,\"commentCount\":0,\"publisher\":{\"@id\":\"https:\/\/www.notibras.com\/site\/#organization\"},\"image\":{\"@id\":\"https:\/\/www.notibras.com\/site\/terceirizacao-de-mao-deobra-e-uma-coisa-contrato-de-faccao-outra\/#primaryimage\"},\"thumbnailUrl\":\"https:\/\/www.notibras.com\/site\/wp-content\/uploads\/2015\/01\/ma.jpg\",\"articleSection\":[\"Opina a\u00ed\"],\"inLanguage\":\"pt-BR\",\"potentialAction\":[{\"@type\":\"CommentAction\",\"name\":\"Comment\",\"target\":[\"https:\/\/www.notibras.com\/site\/terceirizacao-de-mao-deobra-e-uma-coisa-contrato-de-faccao-outra\/#respond\"]}]},{\"@type\":\"WebPage\",\"@id\":\"https:\/\/www.notibras.com\/site\/terceirizacao-de-mao-deobra-e-uma-coisa-contrato-de-faccao-outra\/\",\"url\":\"https:\/\/www.notibras.com\/site\/terceirizacao-de-mao-deobra-e-uma-coisa-contrato-de-faccao-outra\/\",\"name\":\"Terceiriza\u00e7\u00e3o de m\u00e3o de obra \u00e9 uma coisa; j\u00e1 contrato de fac\u00e7\u00e3o... - Notibras\",\"isPartOf\":{\"@id\":\"https:\/\/www.notibras.com\/site\/#website\"},\"primaryImageOfPage\":{\"@id\":\"https:\/\/www.notibras.com\/site\/terceirizacao-de-mao-deobra-e-uma-coisa-contrato-de-faccao-outra\/#primaryimage\"},\"image\":{\"@id\":\"https:\/\/www.notibras.com\/site\/terceirizacao-de-mao-deobra-e-uma-coisa-contrato-de-faccao-outra\/#primaryimage\"},\"thumbnailUrl\":\"https:\/\/www.notibras.com\/site\/wp-content\/uploads\/2015\/01\/ma.jpg\",\"datePublished\":\"2015-01-31T12:35:48+00:00\",\"dateModified\":\"2015-01-31T23:02:31+00:00\",\"breadcrumb\":{\"@id\":\"https:\/\/www.notibras.com\/site\/terceirizacao-de-mao-deobra-e-uma-coisa-contrato-de-faccao-outra\/#breadcrumb\"},\"inLanguage\":\"pt-BR\",\"potentialAction\":[{\"@type\":\"ReadAction\",\"target\":[\"https:\/\/www.notibras.com\/site\/terceirizacao-de-mao-deobra-e-uma-coisa-contrato-de-faccao-outra\/\"]}]},{\"@type\":\"ImageObject\",\"inLanguage\":\"pt-BR\",\"@id\":\"https:\/\/www.notibras.com\/site\/terceirizacao-de-mao-deobra-e-uma-coisa-contrato-de-faccao-outra\/#primaryimage\",\"url\":\"https:\/\/www.notibras.com\/site\/wp-content\/uploads\/2015\/01\/ma.jpg\",\"contentUrl\":\"https:\/\/www.notibras.com\/site\/wp-content\/uploads\/2015\/01\/ma.jpg\",\"width\":560,\"height\":375},{\"@type\":\"BreadcrumbList\",\"@id\":\"https:\/\/www.notibras.com\/site\/terceirizacao-de-mao-deobra-e-uma-coisa-contrato-de-faccao-outra\/#breadcrumb\",\"itemListElement\":[{\"@type\":\"ListItem\",\"position\":1,\"name\":\"In\u00edcio\",\"item\":\"https:\/\/www.notibras.com\/site\/\"},{\"@type\":\"ListItem\",\"position\":2,\"name\":\"Terceiriza\u00e7\u00e3o de m\u00e3o de obra \u00e9 uma coisa; j\u00e1 contrato de fac\u00e7\u00e3o&#8230;\"}]},{\"@type\":\"WebSite\",\"@id\":\"https:\/\/www.notibras.com\/site\/#website\",\"url\":\"https:\/\/www.notibras.com\/site\/\",\"name\":\"Notibras\",\"description\":\"Not\u00edcias de Bras\u00edlia, do Brasil e do Mundo\",\"publisher\":{\"@id\":\"https:\/\/www.notibras.com\/site\/#organization\"},\"potentialAction\":[{\"@type\":\"SearchAction\",\"target\":{\"@type\":\"EntryPoint\",\"urlTemplate\":\"https:\/\/www.notibras.com\/site\/?s={search_term_string}\"},\"query-input\":{\"@type\":\"PropertyValueSpecification\",\"valueRequired\":true,\"valueName\":\"search_term_string\"}}],\"inLanguage\":\"pt-BR\"},{\"@type\":\"Organization\",\"@id\":\"https:\/\/www.notibras.com\/site\/#organization\",\"name\":\"Grupo Notibras de Comunica\u00e7\u00e3o\",\"url\":\"https:\/\/www.notibras.com\/site\/\",\"logo\":{\"@type\":\"ImageObject\",\"inLanguage\":\"pt-BR\",\"@id\":\"https:\/\/www.notibras.com\/site\/#\/schema\/logo\/image\/\",\"url\":\"https:\/\/www.notibras.com\/site\/wp-content\/uploads\/2023\/01\/notibras23.png\",\"contentUrl\":\"https:\/\/www.notibras.com\/site\/wp-content\/uploads\/2023\/01\/notibras23.png\",\"width\":350,\"height\":87,\"caption\":\"Grupo Notibras de Comunica\u00e7\u00e3o\"},\"image\":{\"@id\":\"https:\/\/www.notibras.com\/site\/#\/schema\/logo\/image\/\"},\"sameAs\":[\"https:\/\/www.facebook.com\/notibras\/\",\"https:\/\/x.com\/Notibras\",\"https:\/\/www.instagram.com\/notibras\/\"]},{\"@type\":\"Person\",\"@id\":\"https:\/\/www.notibras.com\/site\/#\/schema\/person\/36ab0979449956132d3e5b517ea76ac8\",\"name\":\"Reda\u00e7\u00e3o\",\"image\":{\"@type\":\"ImageObject\",\"inLanguage\":\"pt-BR\",\"@id\":\"https:\/\/secure.gravatar.com\/avatar\/e0a867bdedb85fd243eadf09663511f96fc81e0720a4a42581f334ad4303aa6b?s=96&d=mm&r=g\",\"url\":\"https:\/\/secure.gravatar.com\/avatar\/e0a867bdedb85fd243eadf09663511f96fc81e0720a4a42581f334ad4303aa6b?s=96&d=mm&r=g\",\"contentUrl\":\"https:\/\/secure.gravatar.com\/avatar\/e0a867bdedb85fd243eadf09663511f96fc81e0720a4a42581f334ad4303aa6b?s=96&d=mm&r=g\",\"caption\":\"Reda\u00e7\u00e3o\"}}]}<\/script>\n<!-- \/ Yoast SEO plugin. -->","yoast_head_json":{"title":"Terceiriza\u00e7\u00e3o de m\u00e3o de obra \u00e9 uma coisa; j\u00e1 contrato de fac\u00e7\u00e3o... - Notibras","robots":{"index":"index","follow":"follow","max-snippet":"max-snippet:-1","max-image-preview":"max-image-preview:large","max-video-preview":"max-video-preview:-1"},"canonical":"https:\/\/www.notibras.com\/site\/terceirizacao-de-mao-deobra-e-uma-coisa-contrato-de-faccao-outra\/","og_locale":"pt_BR","og_type":"article","og_title":"Terceiriza\u00e7\u00e3o de m\u00e3o de obra \u00e9 uma coisa; j\u00e1 contrato de fac\u00e7\u00e3o... - Notibras","og_description":"A terceiriza\u00e7\u00e3o \u00e9 um fen\u00f4meno observado com grande frequ\u00eancia nos dias atuais, sendo muitas vezes praticada com objetivos de diminuir custos, bem como de alcan\u00e7ar mais efici\u00eancia, produtividade e competitividade, aspectos cada vez mais almejados em tempos de globaliza\u00e7\u00e3o. Ela pode ser entendida como a transfer\u00eancia de certas atividades perif\u00e9ricas do tomador de servi\u00e7os, passando [&hellip;]","og_url":"https:\/\/www.notibras.com\/site\/terceirizacao-de-mao-deobra-e-uma-coisa-contrato-de-faccao-outra\/","og_site_name":"Notibras","article_publisher":"https:\/\/www.facebook.com\/notibras\/","article_published_time":"2015-01-31T12:35:48+00:00","article_modified_time":"2015-01-31T23:02:31+00:00","og_image":[{"width":560,"height":375,"url":"https:\/\/www.notibras.com\/site\/wp-content\/uploads\/2015\/01\/ma.jpg","type":"image\/jpeg"}],"author":"Reda\u00e7\u00e3o","twitter_card":"summary_large_image","twitter_creator":"@Notibras","twitter_site":"@Notibras","twitter_misc":{"Escrito por":"Reda\u00e7\u00e3o","Est. tempo de leitura":"4 minutos"},"schema":{"@context":"https:\/\/schema.org","@graph":[{"@type":"Article","@id":"https:\/\/www.notibras.com\/site\/terceirizacao-de-mao-deobra-e-uma-coisa-contrato-de-faccao-outra\/#article","isPartOf":{"@id":"https:\/\/www.notibras.com\/site\/terceirizacao-de-mao-deobra-e-uma-coisa-contrato-de-faccao-outra\/"},"author":{"name":"Reda\u00e7\u00e3o","@id":"https:\/\/www.notibras.com\/site\/#\/schema\/person\/36ab0979449956132d3e5b517ea76ac8"},"headline":"Terceiriza\u00e7\u00e3o de m\u00e3o de obra \u00e9 uma coisa; j\u00e1 contrato de fac\u00e7\u00e3o&#8230;","datePublished":"2015-01-31T12:35:48+00:00","dateModified":"2015-01-31T23:02:31+00:00","mainEntityOfPage":{"@id":"https:\/\/www.notibras.com\/site\/terceirizacao-de-mao-deobra-e-uma-coisa-contrato-de-faccao-outra\/"},"wordCount":758,"commentCount":0,"publisher":{"@id":"https:\/\/www.notibras.com\/site\/#organization"},"image":{"@id":"https:\/\/www.notibras.com\/site\/terceirizacao-de-mao-deobra-e-uma-coisa-contrato-de-faccao-outra\/#primaryimage"},"thumbnailUrl":"https:\/\/www.notibras.com\/site\/wp-content\/uploads\/2015\/01\/ma.jpg","articleSection":["Opina a\u00ed"],"inLanguage":"pt-BR","potentialAction":[{"@type":"CommentAction","name":"Comment","target":["https:\/\/www.notibras.com\/site\/terceirizacao-de-mao-deobra-e-uma-coisa-contrato-de-faccao-outra\/#respond"]}]},{"@type":"WebPage","@id":"https:\/\/www.notibras.com\/site\/terceirizacao-de-mao-deobra-e-uma-coisa-contrato-de-faccao-outra\/","url":"https:\/\/www.notibras.com\/site\/terceirizacao-de-mao-deobra-e-uma-coisa-contrato-de-faccao-outra\/","name":"Terceiriza\u00e7\u00e3o de m\u00e3o de obra \u00e9 uma coisa; j\u00e1 contrato de fac\u00e7\u00e3o... - Notibras","isPartOf":{"@id":"https:\/\/www.notibras.com\/site\/#website"},"primaryImageOfPage":{"@id":"https:\/\/www.notibras.com\/site\/terceirizacao-de-mao-deobra-e-uma-coisa-contrato-de-faccao-outra\/#primaryimage"},"image":{"@id":"https:\/\/www.notibras.com\/site\/terceirizacao-de-mao-deobra-e-uma-coisa-contrato-de-faccao-outra\/#primaryimage"},"thumbnailUrl":"https:\/\/www.notibras.com\/site\/wp-content\/uploads\/2015\/01\/ma.jpg","datePublished":"2015-01-31T12:35:48+00:00","dateModified":"2015-01-31T23:02:31+00:00","breadcrumb":{"@id":"https:\/\/www.notibras.com\/site\/terceirizacao-de-mao-deobra-e-uma-coisa-contrato-de-faccao-outra\/#breadcrumb"},"inLanguage":"pt-BR","potentialAction":[{"@type":"ReadAction","target":["https:\/\/www.notibras.com\/site\/terceirizacao-de-mao-deobra-e-uma-coisa-contrato-de-faccao-outra\/"]}]},{"@type":"ImageObject","inLanguage":"pt-BR","@id":"https:\/\/www.notibras.com\/site\/terceirizacao-de-mao-deobra-e-uma-coisa-contrato-de-faccao-outra\/#primaryimage","url":"https:\/\/www.notibras.com\/site\/wp-content\/uploads\/2015\/01\/ma.jpg","contentUrl":"https:\/\/www.notibras.com\/site\/wp-content\/uploads\/2015\/01\/ma.jpg","width":560,"height":375},{"@type":"BreadcrumbList","@id":"https:\/\/www.notibras.com\/site\/terceirizacao-de-mao-deobra-e-uma-coisa-contrato-de-faccao-outra\/#breadcrumb","itemListElement":[{"@type":"ListItem","position":1,"name":"In\u00edcio","item":"https:\/\/www.notibras.com\/site\/"},{"@type":"ListItem","position":2,"name":"Terceiriza\u00e7\u00e3o de m\u00e3o de obra \u00e9 uma coisa; j\u00e1 contrato de fac\u00e7\u00e3o&#8230;"}]},{"@type":"WebSite","@id":"https:\/\/www.notibras.com\/site\/#website","url":"https:\/\/www.notibras.com\/site\/","name":"Notibras","description":"Not\u00edcias de Bras\u00edlia, do Brasil e do Mundo","publisher":{"@id":"https:\/\/www.notibras.com\/site\/#organization"},"potentialAction":[{"@type":"SearchAction","target":{"@type":"EntryPoint","urlTemplate":"https:\/\/www.notibras.com\/site\/?s={search_term_string}"},"query-input":{"@type":"PropertyValueSpecification","valueRequired":true,"valueName":"search_term_string"}}],"inLanguage":"pt-BR"},{"@type":"Organization","@id":"https:\/\/www.notibras.com\/site\/#organization","name":"Grupo Notibras de Comunica\u00e7\u00e3o","url":"https:\/\/www.notibras.com\/site\/","logo":{"@type":"ImageObject","inLanguage":"pt-BR","@id":"https:\/\/www.notibras.com\/site\/#\/schema\/logo\/image\/","url":"https:\/\/www.notibras.com\/site\/wp-content\/uploads\/2023\/01\/notibras23.png","contentUrl":"https:\/\/www.notibras.com\/site\/wp-content\/uploads\/2023\/01\/notibras23.png","width":350,"height":87,"caption":"Grupo Notibras de Comunica\u00e7\u00e3o"},"image":{"@id":"https:\/\/www.notibras.com\/site\/#\/schema\/logo\/image\/"},"sameAs":["https:\/\/www.facebook.com\/notibras\/","https:\/\/x.com\/Notibras","https:\/\/www.instagram.com\/notibras\/"]},{"@type":"Person","@id":"https:\/\/www.notibras.com\/site\/#\/schema\/person\/36ab0979449956132d3e5b517ea76ac8","name":"Reda\u00e7\u00e3o","image":{"@type":"ImageObject","inLanguage":"pt-BR","@id":"https:\/\/secure.gravatar.com\/avatar\/e0a867bdedb85fd243eadf09663511f96fc81e0720a4a42581f334ad4303aa6b?s=96&d=mm&r=g","url":"https:\/\/secure.gravatar.com\/avatar\/e0a867bdedb85fd243eadf09663511f96fc81e0720a4a42581f334ad4303aa6b?s=96&d=mm&r=g","contentUrl":"https:\/\/secure.gravatar.com\/avatar\/e0a867bdedb85fd243eadf09663511f96fc81e0720a4a42581f334ad4303aa6b?s=96&d=mm&r=g","caption":"Reda\u00e7\u00e3o"}}]}},"amp_enabled":true,"_links":{"self":[{"href":"https:\/\/www.notibras.com\/site\/wp-json\/wp\/v2\/posts\/35524","targetHints":{"allow":["GET"]}}],"collection":[{"href":"https:\/\/www.notibras.com\/site\/wp-json\/wp\/v2\/posts"}],"about":[{"href":"https:\/\/www.notibras.com\/site\/wp-json\/wp\/v2\/types\/post"}],"author":[{"embeddable":true,"href":"https:\/\/www.notibras.com\/site\/wp-json\/wp\/v2\/users\/2"}],"replies":[{"embeddable":true,"href":"https:\/\/www.notibras.com\/site\/wp-json\/wp\/v2\/comments?post=35524"}],"version-history":[{"count":0,"href":"https:\/\/www.notibras.com\/site\/wp-json\/wp\/v2\/posts\/35524\/revisions"}],"wp:featuredmedia":[{"embeddable":true,"href":"https:\/\/www.notibras.com\/site\/wp-json\/wp\/v2\/media\/35525"}],"wp:attachment":[{"href":"https:\/\/www.notibras.com\/site\/wp-json\/wp\/v2\/media?parent=35524"}],"wp:term":[{"taxonomy":"category","embeddable":true,"href":"https:\/\/www.notibras.com\/site\/wp-json\/wp\/v2\/categories?post=35524"},{"taxonomy":"post_tag","embeddable":true,"href":"https:\/\/www.notibras.com\/site\/wp-json\/wp\/v2\/tags?post=35524"}],"curies":[{"name":"wp","href":"https:\/\/api.w.org\/{rel}","templated":true}]}}