{"id":355289,"date":"2025-06-05T06:30:35","date_gmt":"2025-06-05T09:30:35","guid":{"rendered":"https:\/\/www.notibras.com\/site\/?p=355289"},"modified":"2025-06-05T07:32:48","modified_gmt":"2025-06-05T10:32:48","slug":"joao-pessoa-entra-em-cena-para-oferecer-melhores-festas-juninas","status":"publish","type":"post","link":"https:\/\/www.notibras.com\/site\/joao-pessoa-entra-em-cena-para-oferecer-melhores-festas-juninas\/","title":{"rendered":"Jo\u00e3o Pessoa entra em cena para oferecer melhores festas juninas"},"content":{"rendered":"<p>No cora\u00e7\u00e3o do Nordeste, o m\u00eas de junho transforma Jo\u00e3o Pessoa e suas cidades vizinhas em um verdadeiro arraial a c\u00e9u aberto. A festa de S\u00e3o Jo\u00e3o, uma das mais tradicionais do Brasil, ganha destaque na capital paraibana e nas cidades do interior, com muita m\u00fasica, dan\u00e7a, comidas t\u00edpicas e religiosidade.<\/p>\n<p>As festividades juninas t\u00eam ra\u00edzes profundas na cultura nordestina. Em Jo\u00e3o Pessoa, bairros como o Centro Hist\u00f3rico, Mangabeira e Bairro dos Estados se enfeitam com bandeirolas coloridas e palho\u00e7\u00f5es, onde ocorrem apresenta\u00e7\u00f5es de quadrilhas juninas, trios de forr\u00f3 p\u00e9-de-serra e grupos folcl\u00f3ricos.<\/p>\n<p>\u201c\u00c9 uma \u00e9poca que a cidade se transforma. O S\u00e3o Jo\u00e3o \u00e9 mais do que festa, \u00e9 a celebra\u00e7\u00e3o da nossa identidade cultural\u201d, afirma Maria do Socorro, coordenadora de um grupo de quadrilha junina da cidade.<\/p>\n<p>Embora Jo\u00e3o Pessoa seja o palco de grandes festas, muitos moradores e turistas se deslocam at\u00e9 Campina Grande, a cerca de 130 km da capital, para participar do que \u00e9 considerado \u201cO Maior S\u00e3o Jo\u00e3o do Mundo\u201d. Durante todo o m\u00eas de junho, a cidade vizinha recebe milh\u00f5es de pessoas com uma programa\u00e7\u00e3o intensa de shows, feiras e apresenta\u00e7\u00f5es culturais.<\/p>\n<p>Mesmo assim, Jo\u00e3o Pessoa n\u00e3o fica para tr\u00e1s. O Festival de Quadrilhas Juninas, organizado pela Prefeitura, atrai grupos de v\u00e1rias partes do estado e lota as arquibancadas montadas no Espa\u00e7o Cultural Jos\u00e9 Lins do R\u00eago. \u201cA gente se prepara o ano inteiro para esse momento. \u00c9 uma competi\u00e7\u00e3o, mas tamb\u00e9m uma celebra\u00e7\u00e3o da nossa arte\u201d, comenta Jo\u00e3o Paulo, integrante da quadrilha Explos\u00e3o Nordestina.<\/p>\n<p>Nenhum S\u00e3o Jo\u00e3o est\u00e1 completo sem a gastronomia t\u00edpica: pamonha, canjica, milho cozido, bolo de milho, p\u00e9-de-moleque e o tradicional quent\u00e3o. Barracas espalhadas pela cidade oferecem esses sabores que remetem \u00e0 inf\u00e2ncia e \u00e0 ro\u00e7a. Al\u00e9m disso, a festa tamb\u00e9m tem seu lado religioso. Missas, novenas e prociss\u00f5es em homenagem a S\u00e3o Jo\u00e3o Batista acontecem em diversas par\u00f3quias da cidade, refor\u00e7ando o aspecto devocional da celebra\u00e7\u00e3o.<\/p>\n<p>O S\u00e3o Jo\u00e3o movimenta n\u00e3o s\u00f3 a cultura, mas tamb\u00e9m a economia local. Hot\u00e9is, restaurantes, com\u00e9rcio e transporte t\u00eam aumento significativo de demanda. Artes\u00e3os e costureiras tamb\u00e9m se beneficiam com a venda de trajes t\u00edpicos e artigos decorativos.<\/p>\n<p>Segundo dados da Secretaria de Turismo, o evento atrai milhares de visitantes todos os anos e injeta milh\u00f5es na economia da regi\u00e3o. \u201c\u00c9 uma festa que gera emprego, renda e promove a cultura local\u201d, destaca o secret\u00e1rio municipal de Turismo.<\/p>\n","protected":false},"excerpt":{"rendered":"<p>No cora\u00e7\u00e3o do Nordeste, o m\u00eas de junho transforma Jo\u00e3o Pessoa e suas cidades vizinhas em um verdadeiro arraial a c\u00e9u aberto. A festa de S\u00e3o Jo\u00e3o, uma das mais tradicionais do Brasil, ganha destaque na capital paraibana e nas cidades do interior, com muita m\u00fasica, dan\u00e7a, comidas t\u00edpicas e religiosidade. As festividades juninas t\u00eam [&hellip;]<\/p>\n","protected":false},"author":2,"featured_media":355290,"comment_status":"closed","ping_status":"closed","sticky":false,"template":"","format":"standard","meta":{"_acf_changed":false,"footnotes":""},"categories":[165],"tags":[],"class_list":["post-355289","post","type-post","status-publish","format-standard","has-post-thumbnail","hentry","category-nordeste"],"acf":[],"_links":{"self":[{"href":"https:\/\/www.notibras.com\/site\/wp-json\/wp\/v2\/posts\/355289","targetHints":{"allow":["GET"]}}],"collection":[{"href":"https:\/\/www.notibras.com\/site\/wp-json\/wp\/v2\/posts"}],"about":[{"href":"https:\/\/www.notibras.com\/site\/wp-json\/wp\/v2\/types\/post"}],"author":[{"embeddable":true,"href":"https:\/\/www.notibras.com\/site\/wp-json\/wp\/v2\/users\/2"}],"replies":[{"embeddable":true,"href":"https:\/\/www.notibras.com\/site\/wp-json\/wp\/v2\/comments?post=355289"}],"version-history":[{"count":1,"href":"https:\/\/www.notibras.com\/site\/wp-json\/wp\/v2\/posts\/355289\/revisions"}],"predecessor-version":[{"id":355291,"href":"https:\/\/www.notibras.com\/site\/wp-json\/wp\/v2\/posts\/355289\/revisions\/355291"}],"wp:featuredmedia":[{"embeddable":true,"href":"https:\/\/www.notibras.com\/site\/wp-json\/wp\/v2\/media\/355290"}],"wp:attachment":[{"href":"https:\/\/www.notibras.com\/site\/wp-json\/wp\/v2\/media?parent=355289"}],"wp:term":[{"taxonomy":"category","embeddable":true,"href":"https:\/\/www.notibras.com\/site\/wp-json\/wp\/v2\/categories?post=355289"},{"taxonomy":"post_tag","embeddable":true,"href":"https:\/\/www.notibras.com\/site\/wp-json\/wp\/v2\/tags?post=355289"}],"curies":[{"name":"wp","href":"https:\/\/api.w.org\/{rel}","templated":true}]}}