{"id":355292,"date":"2025-06-05T07:42:12","date_gmt":"2025-06-05T10:42:12","guid":{"rendered":"https:\/\/www.notibras.com\/site\/?p=355292"},"modified":"2025-06-05T07:42:12","modified_gmt":"2025-06-05T10:42:12","slug":"o-dia-em-que-o-velho-ataliba-entrou-em-desespero","status":"publish","type":"post","link":"https:\/\/www.notibras.com\/site\/o-dia-em-que-o-velho-ataliba-entrou-em-desespero\/","title":{"rendered":"O dia em que o velho Ataliba entrou em desespero"},"content":{"rendered":"<p>O velho Ataliba, mal acordou, buscou o ma\u00e7o na cabeceira. Vazio. Nem se lembrava de que havia fumado o \u00faltimo cigarro antes de adormecer. Sem alternativa, tratou de cal\u00e7ar o chinelo e caminhar at\u00e9 a venda na esquina.<\/p>\n<p>\u2014 Bom dia, Ant\u00f4nio.<\/p>\n<p>\u2014 Bom dia, Ataliba.<\/p>\n<p>\u2014 Quatro ma\u00e7os.<\/p>\n<p>\u2014 S\u00f3 isso?<\/p>\n<p>\u2014 Me v\u00ea um isqueiro tamb\u00e9m.<\/p>\n<p>J\u00e1 na cal\u00e7ada, acendeu o primeiro cigarro do dia. Ap\u00f3s algumas boas tragadas, sentiu a alma retornar ao corpo. Foi a\u00ed que percebeu um jovem se aproximar de modo suspeito. Ataliba, apesar de j\u00e1 passado dos 70 anos, era parrudo o suficiente para intimidar poss\u00edveis assaltantes.<\/p>\n<p>\u2014 \u00d4, velho, me d\u00e1 um cigarro a\u00ed!<\/p>\n<p>\u2014 Seu pai n\u00e3o te deu educa\u00e7\u00e3o?<\/p>\n<p>\u2014 Tenho pai n\u00e3o.<\/p>\n<p>Ataliba sentiu um calafrio subir por toda a espinha. Manteve o olhar firme sobre o seu mais novo desafeto, quando, ent\u00e3o, ouviu outro desaforo.<\/p>\n<p>\u2014 S\u00f3 n\u00e3o te dou um murro porque voc\u00ea \u00e9 idoso.<\/p>\n<p>\u2014 O qu\u00ea?<\/p>\n<p>\u2014 O que o qu\u00ea, velho?<\/p>\n<p>Como Ataliba j\u00e1 havia atravessado o Rubic\u00e3o, n\u00e3o tinha mais volta.<\/p>\n<p>\u2014 Pois, venha, moleque!<\/p>\n<p>E l\u00e1 foi o velho, punhos em riste, em dire\u00e7\u00e3o ao desafiante. Por sorte, o rapaz saiu correndo. Ataliba sentiu o maior al\u00edvio e, ent\u00e3o, tratou de voltar o mais r\u00e1pido poss\u00edvel para seu o apartamento.<\/p>\n<p>J\u00e1 acomodado na poltrona da sala, pensou em voz alta: &#8220;Cigarro mata!&#8221;<\/p>\n<p>&#8230;&#8230;&#8230;&#8230;&#8230;&#8230;<\/p>\n<p><strong>Eduardo Mart\u00ednez \u00e9 autor do livro 57 Contos e Cr\u00f4nicas por um Autor Muito Velho\u2019<\/strong><\/p>\n<p>Compre aqui\u00a0<span class=\"x19la9d6 x1fc57z9 x6ikm8r x10wlt62 x19co3pv x1g5zs5t xfibh0p xiy17q3 x1xsqp64 x1lkfr7t xexx8yu x4uap5 x18d9i69 xkhd6sd\"><span class=\"xrtxmta x1bhl96m\"><img decoding=\"async\" class=\"emoji\" role=\"img\" draggable=\"false\" src=\"https:\/\/s.w.org\/images\/core\/emoji\/15.0.3\/svg\/1f447-1f3ff.svg\" alt=\"&#x1f447;&#x1f3ff;\" \/><\/span><\/span><\/p>\n<p><a href=\"https:\/\/www.joanineditora.com.br\/57-contos-e-cronicas-por-um-autor-muito-velho\">https:\/\/www.joanineditora.com.br\/57-contos-e-cronicas-por-um-autor-muito-velho<\/a><\/p>\n","protected":false},"excerpt":{"rendered":"<p>O velho Ataliba, mal acordou, buscou o ma\u00e7o na cabeceira. Vazio. Nem se lembrava de que havia fumado o \u00faltimo cigarro antes de adormecer. Sem alternativa, tratou de cal\u00e7ar o chinelo e caminhar at\u00e9 a venda na esquina. \u2014 Bom dia, Ant\u00f4nio. \u2014 Bom dia, Ataliba. \u2014 Quatro ma\u00e7os. \u2014 S\u00f3 isso? \u2014 Me v\u00ea [&hellip;]<\/p>\n","protected":false},"author":2,"featured_media":355293,"comment_status":"closed","ping_status":"closed","sticky":false,"template":"","format":"standard","meta":{"_acf_changed":false,"footnotes":""},"categories":[161],"tags":[],"class_list":["post-355292","post","type-post","status-publish","format-standard","has-post-thumbnail","hentry","category-quadradinho-em-foco"],"acf":[],"_links":{"self":[{"href":"https:\/\/www.notibras.com\/site\/wp-json\/wp\/v2\/posts\/355292","targetHints":{"allow":["GET"]}}],"collection":[{"href":"https:\/\/www.notibras.com\/site\/wp-json\/wp\/v2\/posts"}],"about":[{"href":"https:\/\/www.notibras.com\/site\/wp-json\/wp\/v2\/types\/post"}],"author":[{"embeddable":true,"href":"https:\/\/www.notibras.com\/site\/wp-json\/wp\/v2\/users\/2"}],"replies":[{"embeddable":true,"href":"https:\/\/www.notibras.com\/site\/wp-json\/wp\/v2\/comments?post=355292"}],"version-history":[{"count":1,"href":"https:\/\/www.notibras.com\/site\/wp-json\/wp\/v2\/posts\/355292\/revisions"}],"predecessor-version":[{"id":355294,"href":"https:\/\/www.notibras.com\/site\/wp-json\/wp\/v2\/posts\/355292\/revisions\/355294"}],"wp:featuredmedia":[{"embeddable":true,"href":"https:\/\/www.notibras.com\/site\/wp-json\/wp\/v2\/media\/355293"}],"wp:attachment":[{"href":"https:\/\/www.notibras.com\/site\/wp-json\/wp\/v2\/media?parent=355292"}],"wp:term":[{"taxonomy":"category","embeddable":true,"href":"https:\/\/www.notibras.com\/site\/wp-json\/wp\/v2\/categories?post=355292"},{"taxonomy":"post_tag","embeddable":true,"href":"https:\/\/www.notibras.com\/site\/wp-json\/wp\/v2\/tags?post=355292"}],"curies":[{"name":"wp","href":"https:\/\/api.w.org\/{rel}","templated":true}]}}