{"id":355309,"date":"2025-06-06T02:32:18","date_gmt":"2025-06-06T05:32:18","guid":{"rendered":"https:\/\/www.notibras.com\/site\/?p=355309"},"modified":"2025-06-05T21:35:05","modified_gmt":"2025-06-06T00:35:05","slug":"velho-chico-irrigara-terras-e-a-economia-nordestina","status":"publish","type":"post","link":"https:\/\/www.notibras.com\/site\/velho-chico-irrigara-terras-e-a-economia-nordestina\/","title":{"rendered":"Velho Chico irrigar\u00e1 terras e a economia nordestina"},"content":{"rendered":"<p>Com a conclus\u00e3o das obras de transposi\u00e7\u00e3o, o fornecimento de \u00e1guas do Rio S\u00e3o Francisco ser\u00e1 cada vez maior, com destinos que v\u00e3o al\u00e9m do consumo humano. As novas adutoras, canais e barragens ter\u00e3o como destino irriga\u00e7\u00e3o e produ\u00e7\u00e3o de alimentos, al\u00e9m de setores como o do turismo e o industrial, disse nesta quinta-feira (5) o ministro da Integra\u00e7\u00e3o e do Desenvolvimento Regional, Waldez G\u00f3es.<\/p>\n<p>Nessa etapa do projeto de transposi\u00e7\u00e3o das \u00e1guas do S\u00e3o Francisco, ser\u00e1 necess\u00e1ria a mobiliza\u00e7\u00e3o de prefeitos e governadores no sentido de elaborarem e apresentarem planos, visando o uso da \u00e1gua para fins que v\u00e3o al\u00e9m do consumo humano.<\/p>\n<p>Est\u00e3o previstos mais R$ 12 bilh\u00f5es em recursos para o Eixo \u00c1gua para Todos, segundo o ministro.<\/p>\n<p>\u201cOs governos Lula e Dilma j\u00e1 haviam investido R$ 12 bilh\u00f5es para garantir a transposi\u00e7\u00e3o. Agora s\u00e3o mais R$ 12 bilh\u00f5es para uma s\u00e9rie de canais; para a revitaliza\u00e7\u00e3o de bacias e de adutoras em todo nordeste brasileiro, beneficiando mais de 12 milh\u00f5es de pessoas\u201d, explicou G\u00f3es.<\/p>\n<p><strong>Mais \u00e1gua<\/strong><br \/>\nDe acordo com o ministro, j\u00e1 foi implantado no eixo norte um complexo de bombas que viabilizar\u00e1 o bombeamento de \u00e1gua para mais localidades. \u201cO projeto prev\u00ea, ao todo, quatro conjuntos de bombas. Demos agora ordem de servi\u00e7o para implantar um segundo conjunto de bombas\u201d, disse G\u00f3es.<\/p>\n<p>\u201cIsso vai dobrar a quantidade de \u00e1gua a ser fornecida para o semi\u00e1rido. E, daqui a uns anos, vai se implantar outros conjuntos de bombas. Na medida em que vai aumentando a demanda, n\u00e3o s\u00f3 para o consumo humano, mas para a produ\u00e7\u00e3o de alimentos, mais \u00e1gua vai sendo disponibilizada\u201d, acrescentou.<\/p>\n<p>Para ampliar cada vez mais as regi\u00f5es com acesso \u00e0s \u00e1guas fornecidas pelo empreendimento, o ministro tem contatado prefeitos e governadores, na busca por parcerias.<\/p>\n<p>\u201cEles [prefeitos e governadores] precisam ter os seus planos regionais, municipais, interestaduais bem definidos para o uso da \u00e1gua, al\u00e9m do consumo humano. A transposi\u00e7\u00e3o est\u00e1 conclu\u00edda e, agora, poderemos disponibilizar cada vez mais \u00e1gua\u201d, reiterou.<\/p>\n<p><strong>Revitaliza\u00e7\u00e3o<\/strong><br \/>\nPara garantir o fornecimento da \u00e1gua ao longo do tempo, o governo federal j\u00e1 destinou, segundo o ministro, \u201cbilh\u00f5es em recursos\u201d tamb\u00e9m para a revitaliza\u00e7\u00e3o do rio.<\/p>\n<p>\u201cSe vamos disponibilizar mais \u00e1gua para o semi\u00e1rido nordestino, a gente precisa cuidar da fonte. Para isso j\u00e1 foram destinados recursos. Temos alguns bilh\u00f5es de reais sendo investidos em muitos projetos que cuidam da fonte; que cuidam da revitaliza\u00e7\u00e3o do Rio S\u00e3o Francisco.\u201d<\/p>\n<p>A conclus\u00e3o das obras de infraestrutura h\u00eddrica est\u00e1 prevista at\u00e9 2027, dando in\u00edcio a uma nova etapa. \u201cMuitas outras obras complementares ser\u00e3o requisitadas, solicitadas e realizadas, ou por prefeituras ou por governos estaduais, com seus planos de expans\u00e3o do servi\u00e7o para todo o Nordeste brasileiro\u201d, completou o ministro.<\/p>\n","protected":false},"excerpt":{"rendered":"<p>Com a conclus\u00e3o das obras de transposi\u00e7\u00e3o, o fornecimento de \u00e1guas do Rio S\u00e3o Francisco ser\u00e1 cada vez maior, com destinos que v\u00e3o al\u00e9m do consumo humano. As novas adutoras, canais e barragens ter\u00e3o como destino irriga\u00e7\u00e3o e produ\u00e7\u00e3o de alimentos, al\u00e9m de setores como o do turismo e o industrial, disse nesta quinta-feira (5) [&hellip;]<\/p>\n","protected":false},"author":2,"featured_media":161614,"comment_status":"closed","ping_status":"closed","sticky":false,"template":"","format":"standard","meta":{"_acf_changed":false,"footnotes":""},"categories":[165],"tags":[],"class_list":["post-355309","post","type-post","status-publish","format-standard","has-post-thumbnail","hentry","category-nordeste"],"acf":[],"_links":{"self":[{"href":"https:\/\/www.notibras.com\/site\/wp-json\/wp\/v2\/posts\/355309","targetHints":{"allow":["GET"]}}],"collection":[{"href":"https:\/\/www.notibras.com\/site\/wp-json\/wp\/v2\/posts"}],"about":[{"href":"https:\/\/www.notibras.com\/site\/wp-json\/wp\/v2\/types\/post"}],"author":[{"embeddable":true,"href":"https:\/\/www.notibras.com\/site\/wp-json\/wp\/v2\/users\/2"}],"replies":[{"embeddable":true,"href":"https:\/\/www.notibras.com\/site\/wp-json\/wp\/v2\/comments?post=355309"}],"version-history":[{"count":3,"href":"https:\/\/www.notibras.com\/site\/wp-json\/wp\/v2\/posts\/355309\/revisions"}],"predecessor-version":[{"id":355313,"href":"https:\/\/www.notibras.com\/site\/wp-json\/wp\/v2\/posts\/355309\/revisions\/355313"}],"wp:featuredmedia":[{"embeddable":true,"href":"https:\/\/www.notibras.com\/site\/wp-json\/wp\/v2\/media\/161614"}],"wp:attachment":[{"href":"https:\/\/www.notibras.com\/site\/wp-json\/wp\/v2\/media?parent=355309"}],"wp:term":[{"taxonomy":"category","embeddable":true,"href":"https:\/\/www.notibras.com\/site\/wp-json\/wp\/v2\/categories?post=355309"},{"taxonomy":"post_tag","embeddable":true,"href":"https:\/\/www.notibras.com\/site\/wp-json\/wp\/v2\/tags?post=355309"}],"curies":[{"name":"wp","href":"https:\/\/api.w.org\/{rel}","templated":true}]}}