{"id":355337,"date":"2025-06-06T10:32:25","date_gmt":"2025-06-06T13:32:25","guid":{"rendered":"https:\/\/www.notibras.com\/site\/?p=355337"},"modified":"2025-06-06T10:32:25","modified_gmt":"2025-06-06T13:32:25","slug":"o-nosso-amigo-mico-estrela-e-sua-bela-familia","status":"publish","type":"post","link":"https:\/\/www.notibras.com\/site\/o-nosso-amigo-mico-estrela-e-sua-bela-familia\/","title":{"rendered":"O nosso amigo mico-estrela e sua bela fam\u00edlia"},"content":{"rendered":"<p>Durante as folgas no trabalho, costumo levar a minha ca\u00e7ula, a Malulinha, de um ano e nove meses, no per\u00edodo da tarde, ao parque aqui pertinho de casa, onde j\u00e1 t\u00ednhamos visto um mico-estrela. Ontem, ao procur\u00e1-lo entre as \u00e1rvores, descobrimos algo inusitado.<\/p>\n<p>Assim que chegamos, minha pequena correu para o balan\u00e7o, depois subiu e desceu o escorrega aquela costumeira infinidade de vezes. Catou algumas sementes vermelhas no ch\u00e3o e, em seguida, apontou para a copa da \u00e1rvore logo acima.<\/p>\n<p>\u2014 Hum! Hum! Hum!<\/p>\n<p>Esse modo de se comunicar \u00e9 bastante peculiar, e, sem perder tempo, olhei para cima na tentativa de ver o que ela estaria vendo. Mas eis que a minha filha, assim que nossos olhos se cruzaram, abriu os bra\u00e7os com as palmas das m\u00e3os voltadas para cima.<\/p>\n<p>\u2014 Cad\u00ea? Cad\u00ea?<\/p>\n<p>Pois \u00e9, cad\u00ea o sagui? Foi a\u00ed que a minha menina me puxou pela m\u00e3o e fomos fazer um saf\u00e1ri pelo parquinho. N\u00e3o sei se voc\u00ea j\u00e1 tentou encontrar um desses primatas entre a folhagem densa, mas afirmo que n\u00e3o \u00e9 coisa f\u00e1cil, ainda mais quando o danado parece brincar de est\u00e1tua.<\/p>\n<p>Olha daqui, olha dali, olha at\u00e9 dacol\u00e1. Nada! N\u00e3o tive d\u00favida e, n\u00e3o tardou, l\u00e1 estava eu imitando a Malulinha.<\/p>\n<p>\u2014 Cad\u00ea? Cad\u00ea?<\/p>\n<p>Olhos mais argutos que os meus, eis que a ca\u00e7ulinha, de repente, apontou o dedo em dire\u00e7\u00e3o a uns galhos bem l\u00e1 no alto.<\/p>\n<p>\u2014 Hum! Hum!<\/p>\n<p>Foi a\u00ed que avistei o nosso amiguinho. E, para nossa surpresa, ele n\u00e3o est\u00e1 s\u00f3 neste mundo. H\u00e1 uma fam\u00edlia inteira, inclusive com crian\u00e7as-macaquinhas.<\/p>\n<p>Ficamos ali com a cabe\u00e7a voltada para cima vendo as perip\u00e9cias daqueles que s\u00e3o nossos primos, at\u00e9 que, quando deu a hora, voltamos de m\u00e3os dadas para casa. N\u00e3o sei exatamente o que a Malulinha pensa sobre a sua descoberta, mas certamente sabe que ter algu\u00e9m para se aninhar \u00e9 essencial. No m\u00ednimo, d\u00e1 uma sensa\u00e7\u00e3o de seguran\u00e7a e conforto, como se o mundo pode at\u00e9 desabar, mas sempre teremos o aconchego de um colo.<\/p>\n<p>&#8230;&#8230;&#8230;&#8230;&#8230;&#8230;&#8230;.<\/p>\n<p><strong>Eduardo Mart\u00ednez \u00e9 autor do livro 57 Contos e Cr\u00f4nicas por um Autor Muito Velho\u2019<\/strong><\/p>\n<p>Compre aqui\u00a0<span class=\"x19la9d6 x1fc57z9 x6ikm8r x10wlt62 x19co3pv x1g5zs5t xfibh0p xiy17q3 x1xsqp64 x1lkfr7t xexx8yu x4uap5 x18d9i69 xkhd6sd\"><span class=\"xrtxmta x1bhl96m\"><img decoding=\"async\" class=\"emoji\" role=\"img\" draggable=\"false\" src=\"https:\/\/s.w.org\/images\/core\/emoji\/15.0.3\/svg\/1f447-1f3ff.svg\" alt=\"&#x1f447;&#x1f3ff;\" \/><\/span><\/span><\/p>\n<p><a href=\"https:\/\/www.joanineditora.com.br\/57-contos-e-cronicas-por-um-autor-muito-velho\">https:\/\/www.joanineditora.com.br\/57-contos-e-cronicas-por-um-autor-muito-velho<\/a><\/p>\n","protected":false},"excerpt":{"rendered":"<p>Durante as folgas no trabalho, costumo levar a minha ca\u00e7ula, a Malulinha, de um ano e nove meses, no per\u00edodo da tarde, ao parque aqui pertinho de casa, onde j\u00e1 t\u00ednhamos visto um mico-estrela. Ontem, ao procur\u00e1-lo entre as \u00e1rvores, descobrimos algo inusitado. Assim que chegamos, minha pequena correu para o balan\u00e7o, depois subiu e [&hellip;]<\/p>\n","protected":false},"author":2,"featured_media":355338,"comment_status":"closed","ping_status":"closed","sticky":false,"template":"","format":"standard","meta":{"_acf_changed":false,"footnotes":""},"categories":[161],"tags":[],"class_list":["post-355337","post","type-post","status-publish","format-standard","has-post-thumbnail","hentry","category-quadradinho-em-foco"],"acf":[],"_links":{"self":[{"href":"https:\/\/www.notibras.com\/site\/wp-json\/wp\/v2\/posts\/355337","targetHints":{"allow":["GET"]}}],"collection":[{"href":"https:\/\/www.notibras.com\/site\/wp-json\/wp\/v2\/posts"}],"about":[{"href":"https:\/\/www.notibras.com\/site\/wp-json\/wp\/v2\/types\/post"}],"author":[{"embeddable":true,"href":"https:\/\/www.notibras.com\/site\/wp-json\/wp\/v2\/users\/2"}],"replies":[{"embeddable":true,"href":"https:\/\/www.notibras.com\/site\/wp-json\/wp\/v2\/comments?post=355337"}],"version-history":[{"count":1,"href":"https:\/\/www.notibras.com\/site\/wp-json\/wp\/v2\/posts\/355337\/revisions"}],"predecessor-version":[{"id":355339,"href":"https:\/\/www.notibras.com\/site\/wp-json\/wp\/v2\/posts\/355337\/revisions\/355339"}],"wp:featuredmedia":[{"embeddable":true,"href":"https:\/\/www.notibras.com\/site\/wp-json\/wp\/v2\/media\/355338"}],"wp:attachment":[{"href":"https:\/\/www.notibras.com\/site\/wp-json\/wp\/v2\/media?parent=355337"}],"wp:term":[{"taxonomy":"category","embeddable":true,"href":"https:\/\/www.notibras.com\/site\/wp-json\/wp\/v2\/categories?post=355337"},{"taxonomy":"post_tag","embeddable":true,"href":"https:\/\/www.notibras.com\/site\/wp-json\/wp\/v2\/tags?post=355337"}],"curies":[{"name":"wp","href":"https:\/\/api.w.org\/{rel}","templated":true}]}}