{"id":355356,"date":"2025-06-07T08:45:40","date_gmt":"2025-06-07T11:45:40","guid":{"rendered":"https:\/\/www.notibras.com\/site\/?p=355356"},"modified":"2025-06-07T08:50:30","modified_gmt":"2025-06-07T11:50:30","slug":"recife-e-fortaleza-puxam-a-queda-de-precos-de-itens-da-cesta-basica","status":"publish","type":"post","link":"https:\/\/www.notibras.com\/site\/recife-e-fortaleza-puxam-a-queda-de-precos-de-itens-da-cesta-basica\/","title":{"rendered":"Recife e Fortaleza puxam a queda de pre\u00e7os de itens da cesta b\u00e1sica"},"content":{"rendered":"<p>O pre\u00e7o da cesta b\u00e1sica de alimentos diminuiu em 15 capitais do pa\u00eds no m\u00eas de maio, em compara\u00e7\u00e3o a abril. As maiores quedas foram registradas no Recife (-2,56%), em Belo Horizonte (-2,50%) e Fortaleza (-2,42%). As duas altas foram registradas em Florian\u00f3polis (0,09%) e Bel\u00e9m (0,02%).<\/p>\n<p>Os dados s\u00e3o do Departamento Intersindical de Estat\u00edstica e Estudos Socioecon\u00f4micos (Dieese), que pesquisa mensalmente o pre\u00e7o da cesta de alimentos em 17 capitais.<\/p>\n<p>S\u00e3o Paulo foi a capital em que o conjunto dos alimentos b\u00e1sicos apresentou o maior custo: R$ 896,15, seguida de Florian\u00f3polis (R$ 858,93), Rio de Janeiro (R$ 847,99) e Porto Alegre (R$ 819,05). Os menores valores foram registrados em Aracaju (R$ 579,54), Salvador (R$ 628,97), Recife (R$ 636,00) e Jo\u00e3o Pessoa (R$ 636,73). Nas regi\u00f5es Norte e Nordeste, a composi\u00e7\u00e3o da cesta \u00e9 diferente, geralmente com produtos mais baratos.<\/p>\n<p>Comparando o pre\u00e7o da cesta b\u00e1sica de maio deste ano com a do mesmo m\u00eas de 2024, houve alta em 16 das 17 capitais pesquisadas, com varia\u00e7\u00f5es que oscilaram entre 0,77%, em Natal, e 8,43%, em Vit\u00f3ria. Na capital sergipana, n\u00e3o houve varia\u00e7\u00e3o.<\/p>\n<p>No acumulado dos cinco primeiros meses do ano (de janeiro a maio), o custo da cesta b\u00e1sica aumentou em todas as capitais pesquisadas, com taxas que oscilaram entre 2,48%, em Campo Grande, e 9,09%, em Bel\u00e9m.<\/p>\n<p>S\u00e3o Paulo registrou a cesta mais cara em maio. E, levando em considera\u00e7\u00e3o a determina\u00e7\u00e3o constitucional de que o sal\u00e1rio m\u00ednimo deveria ser suficiente para suprir as despesas de uma fam\u00edlia, de quatro pessoas, com alimenta\u00e7\u00e3o, moradia, sa\u00fade, educa\u00e7\u00e3o, vestu\u00e1rio, higiene, transporte, lazer e previd\u00eancia, o Dieese estimou que o valor do sal\u00e1rio m\u00ednimo necess\u00e1rio, no quinto m\u00eas do ano, deveria ser de R$ 7.528,56 ou 4,96 vezes o m\u00ednimo reajustado em R$ 1.518.<\/p>\n<p><strong>Produtos<\/strong><br \/>\nEm maio de 2025, o pre\u00e7o da carne de primeira subiu em 14 das 17 cidades pesquisadas, com destaque para Curitiba (alta de 3,91% em compara\u00e7\u00e3o a abril) e Florian\u00f3polis (2,68%).<\/p>\n<p>Houve redu\u00e7\u00e3o de pre\u00e7o em tr\u00eas cidades: S\u00e3o Paulo (-0,82%), Fortaleza (-0,65%) e Porto Alegre (-0,04%). No acumulado de 12 meses, o pre\u00e7o da carne subiu em todas as 17 capitais pesquisadas. As eleva\u00e7\u00f5es ficaram entre 7,43%, em Aracaju, e 28,86%, em Bras\u00edlia.<\/p>\n<p>O pre\u00e7o do quilo do caf\u00e9 em p\u00f3 aumentou em 16 capitais em maio, na compara\u00e7\u00e3o com o m\u00eas anterior. Destaque para as varia\u00e7\u00f5es de Aracaju (10,70%), S\u00e3o Paulo (8,49%) e Jo\u00e3o Pessoa (7,98%). Houve redu\u00e7\u00e3o de valor em Goi\u00e2nia (-1,71%). No acumulado de 12 meses, o pre\u00e7o do caf\u00e9 apresentou alta em todas as 17 cidades pesquisadas. As eleva\u00e7\u00f5es ficaram entre 75,5% (em S\u00e3o Paulo) e 127,89% (em Vit\u00f3ria).<\/p>\n<p>O pre\u00e7o do arroz agulhinha caiu nas 17 capitais pesquisadas. As baixas variaram entre -12,91%, em Vit\u00f3ria, e -1,80%, em Belo Horizonte. No acumulado de 12 meses, houve, tamb\u00e9m, diminui\u00e7\u00e3o do pre\u00e7o em todas as capitais pesquisadas, com varia\u00e7\u00f5es entre -29,17%, em Vit\u00f3ria, e -3,57%, em S\u00e3o Paulo.<\/p>\n<p>O pre\u00e7o do tomate tamb\u00e9m ficou menor nas 17 capitais da pesquisa. As quedas variaram entre -20,85%, em Belo Horizonte, e -1,64%, em Aracaju. No acumulado de 12 meses, apenas Vit\u00f3ria (11,41%) apresentou taxa positiva. Nas demais capitais, o valor caiu, com destaque para Jo\u00e3o Pessoa (-32,22%), Natal (-27,87%) e Recife (-25,33%).<\/p>\n","protected":false},"excerpt":{"rendered":"<p>O pre\u00e7o da cesta b\u00e1sica de alimentos diminuiu em 15 capitais do pa\u00eds no m\u00eas de maio, em compara\u00e7\u00e3o a abril. As maiores quedas foram registradas no Recife (-2,56%), em Belo Horizonte (-2,50%) e Fortaleza (-2,42%). As duas altas foram registradas em Florian\u00f3polis (0,09%) e Bel\u00e9m (0,02%). Os dados s\u00e3o do Departamento Intersindical de Estat\u00edstica [&hellip;]<\/p>\n","protected":false},"author":2,"featured_media":355357,"comment_status":"closed","ping_status":"closed","sticky":false,"template":"","format":"standard","meta":{"_acf_changed":false,"footnotes":""},"categories":[165],"tags":[],"class_list":["post-355356","post","type-post","status-publish","format-standard","has-post-thumbnail","hentry","category-nordeste"],"acf":[],"_links":{"self":[{"href":"https:\/\/www.notibras.com\/site\/wp-json\/wp\/v2\/posts\/355356","targetHints":{"allow":["GET"]}}],"collection":[{"href":"https:\/\/www.notibras.com\/site\/wp-json\/wp\/v2\/posts"}],"about":[{"href":"https:\/\/www.notibras.com\/site\/wp-json\/wp\/v2\/types\/post"}],"author":[{"embeddable":true,"href":"https:\/\/www.notibras.com\/site\/wp-json\/wp\/v2\/users\/2"}],"replies":[{"embeddable":true,"href":"https:\/\/www.notibras.com\/site\/wp-json\/wp\/v2\/comments?post=355356"}],"version-history":[{"count":2,"href":"https:\/\/www.notibras.com\/site\/wp-json\/wp\/v2\/posts\/355356\/revisions"}],"predecessor-version":[{"id":355360,"href":"https:\/\/www.notibras.com\/site\/wp-json\/wp\/v2\/posts\/355356\/revisions\/355360"}],"wp:featuredmedia":[{"embeddable":true,"href":"https:\/\/www.notibras.com\/site\/wp-json\/wp\/v2\/media\/355357"}],"wp:attachment":[{"href":"https:\/\/www.notibras.com\/site\/wp-json\/wp\/v2\/media?parent=355356"}],"wp:term":[{"taxonomy":"category","embeddable":true,"href":"https:\/\/www.notibras.com\/site\/wp-json\/wp\/v2\/categories?post=355356"},{"taxonomy":"post_tag","embeddable":true,"href":"https:\/\/www.notibras.com\/site\/wp-json\/wp\/v2\/tags?post=355356"}],"curies":[{"name":"wp","href":"https:\/\/api.w.org\/{rel}","templated":true}]}}