{"id":355375,"date":"2025-06-07T09:41:37","date_gmt":"2025-06-07T12:41:37","guid":{"rendered":"https:\/\/www.notibras.com\/site\/?p=355375"},"modified":"2025-06-07T09:41:37","modified_gmt":"2025-06-07T12:41:37","slug":"desavenca-em-delegacia-faz-de-romao-delegado-machao-virar-gato-de-pelucia","status":"publish","type":"post","link":"https:\/\/www.notibras.com\/site\/desavenca-em-delegacia-faz-de-romao-delegado-machao-virar-gato-de-pelucia\/","title":{"rendered":"Desaven\u00e7a em delegacia faz de Rom\u00e3o, delegado mach\u00e3o, virar gato de pel\u00facia"},"content":{"rendered":"<p>Se essa hist\u00f3ria \u00e9 verdadeira ou n\u00e3o, h\u00e1 d\u00favida que, ora pende para um lado, ora para outro. No entanto, mesmo que n\u00e3o tenha ocorrido exatamente assim, vale a pena ser contatada, mesmo que sirva apenas para causar espanto aos leitores. Dizem que aconteceu em uma delegacia l\u00e1 pelos lados de Sobradinho ou Planaltina, se bem que, n\u00e3o raro, h\u00e1 quem afirme categoricamente que o fato se deu na Ceil\u00e2ndia. Detalhes que, para ser sincero, n\u00e3o interferem no causo, mas, sim, o tornam ainda mais instigante.<\/p>\n<p>Delegado Rom\u00e3o era r\u00edgido quanto \u00e0 hierarquia. Tratava escriv\u00e3es e agentes como meros subalternos e, por conseguinte, ai daquele que ousasse fazer algo que a autoridade discordasse. Era, no m\u00ednimo, aquela bronca, sem falar nas costumeiras advert\u00eancias, suspens\u00f5es e remo\u00e7\u00f5es para outras delegacias bem distantes, de prefer\u00eancia para Brazl\u00e2ndia ou Gama. Dessa forma, o clima no ambiente de trabalho era tenso.<\/p>\n<p>Ali tamb\u00e9m trabalhava, no plant\u00e3o, o agente Savarino, que estava perto de se aposentar. Tipo quase mudo, n\u00e3o falava al\u00e9m do necess\u00e1rio, tanto \u00e9 que alguns colegas n\u00e3o se lembravam da \u00faltima vez que haviam escutado a voz do sisudo. E, por conta dessa caracter\u00edstica, eram raros o que se atreviam a lhe dirigir at\u00e9 um mero &#8216;Bom dia!&#8217; ou &#8216;Boa tarde!&#8217;, qui\u00e7\u00e1 um &#8216;Boa noite, colega!&#8217;, ainda mais porque era capaz do sujeito lhe lan\u00e7ar um olhar de &#8216;T\u00e1 falando comigo, desgra\u00e7ado?&#8217; Melhor, ent\u00e3o, era manter dist\u00e2ncia.<\/p>\n<p>Pois l\u00e1 estava o calad\u00e3o no balc\u00e3o da delegacia, testa franzida, olhar g\u00e9lido, x\u00edcara de caf\u00e9 fumegante ao lado, quando surgiu o Rom\u00e3o. Pela cara do delegado, era poss\u00edvel notar que ele estava furioso com algo. Os outros agentes, temendo que fossem levar bronca, se encolheram que nem menino quando a m\u00e3e, segurando um chinelo, levanta a m\u00e3o.<\/p>\n<p>Sem papas na l\u00edngua, a autoridade esbravejou contra Rom\u00e3o, que a tudo ouviu como de costume: calado. Talvez para n\u00e3o deixar o colega sozinho, todos os outros agentes e o escriv\u00e3o tamb\u00e9m se mantiveram mudos. Em seguida, o delegado retornou para a sua sala, mas, n\u00e3o tardou, Savarino se levantou e o seguiu. Mal entrou na sala, lan\u00e7ou aquele olhar de on\u00e7a-pintada diante de uma solit\u00e1ria capivara.<\/p>\n<p>\u2014 Olha aqui, seu delegado vagabundo, ordin\u00e1rio, in\u00fatil, cretino, mentecapto, se voc\u00ea dirigir essa sua boca fedorenta mais uma vez para mim, eu te dou um tiro na cara.<\/p>\n<p>Feitas as devidas observa\u00e7\u00f5es, Savarino retornou tranquilamente para o balc\u00e3o, onde come\u00e7ou a atender uma senhora que foi registrar ocorr\u00eancia. Nisso, ainda deveras abalado, l\u00e1 foi o Rom\u00e3o contar o ocorrido para o delegado-chefe. Este, por sua vez, n\u00e3o teve d\u00favida e, ent\u00e3o, mandou chamar o Savarino para esclarecer os fatos. E \u00e9 \u00f3bvio que o agente negou tudo.<\/p>\n<p>\u2014 Eeeeeu? Doutor, o senhor me conhece. Nunca seria capaz de fazer uma coisa dessas.<\/p>\n<p>\u2014 Ele fez, sim! Ele me amea\u00e7ou e me xingou!<\/p>\n<p>\u2014 Calma, Rom\u00e3o, deixe o Savarino falar.<\/p>\n<p>\u2014 Mas ele disse que vai me matar.<\/p>\n<p>\u2014 Voc\u00ea disse isso, Savarino?<\/p>\n<p>\u2014 Doutor, o senhor sabe muito bem que eu seria incapaz de falar um absurdo desses. Sempre respeitei a hierarquia. E, afinal, sem ela, o que seria da nossa pol\u00edcia, n\u00e3o \u00e9 verdade?<\/p>\n<p>Sem testemunhas do ocorrido, a coisa ficou por aquilo mesmo. Quer dizer, o delegado Rom\u00e3o acabou pedindo para ser transferido para outra delegacia e, dizem, nunca mais buscou intrigas com os outros policiais. Dizem at\u00e9 que os trata com a maior considera\u00e7\u00e3o.<\/p>\n<p>&#8230;&#8230;&#8230;&#8230;&#8230;&#8230;&#8230;&#8230;.<\/p>\n<p><strong>Eduardo Mart\u00ednez \u00e9 autor do livro 57 Contos e Cr\u00f4nicas por um Autor Muito Velho\u2019<\/strong><\/p>\n<p>Compre aqui\u00a0<span class=\"x19la9d6 x1fc57z9 x6ikm8r x10wlt62 x19co3pv x1g5zs5t xfibh0p xiy17q3 x1xsqp64 x1lkfr7t xexx8yu x4uap5 x18d9i69 xkhd6sd\"><span class=\"xrtxmta x1bhl96m\"><img decoding=\"async\" class=\"emoji\" role=\"img\" draggable=\"false\" src=\"https:\/\/s.w.org\/images\/core\/emoji\/15.0.3\/svg\/1f447-1f3ff.svg\" alt=\"&#x1f447;&#x1f3ff;\" \/><\/span><\/span><\/p>\n<p><a href=\"https:\/\/www.joanineditora.com.br\/57-contos-e-cronicas-por-um-autor-muito-velho\">https:\/\/www.joanineditora.com.br\/57-contos-e-cronicas-por-um-autor-muito-velho<\/a><\/p>\n","protected":false},"excerpt":{"rendered":"<p>Se essa hist\u00f3ria \u00e9 verdadeira ou n\u00e3o, h\u00e1 d\u00favida que, ora pende para um lado, ora para outro. No entanto, mesmo que n\u00e3o tenha ocorrido exatamente assim, vale a pena ser contatada, mesmo que sirva apenas para causar espanto aos leitores. Dizem que aconteceu em uma delegacia l\u00e1 pelos lados de Sobradinho ou Planaltina, se [&hellip;]<\/p>\n","protected":false},"author":2,"featured_media":355376,"comment_status":"closed","ping_status":"closed","sticky":false,"template":"","format":"standard","meta":{"_acf_changed":false,"footnotes":""},"categories":[161],"tags":[],"class_list":["post-355375","post","type-post","status-publish","format-standard","has-post-thumbnail","hentry","category-quadradinho-em-foco"],"acf":[],"_links":{"self":[{"href":"https:\/\/www.notibras.com\/site\/wp-json\/wp\/v2\/posts\/355375","targetHints":{"allow":["GET"]}}],"collection":[{"href":"https:\/\/www.notibras.com\/site\/wp-json\/wp\/v2\/posts"}],"about":[{"href":"https:\/\/www.notibras.com\/site\/wp-json\/wp\/v2\/types\/post"}],"author":[{"embeddable":true,"href":"https:\/\/www.notibras.com\/site\/wp-json\/wp\/v2\/users\/2"}],"replies":[{"embeddable":true,"href":"https:\/\/www.notibras.com\/site\/wp-json\/wp\/v2\/comments?post=355375"}],"version-history":[{"count":1,"href":"https:\/\/www.notibras.com\/site\/wp-json\/wp\/v2\/posts\/355375\/revisions"}],"predecessor-version":[{"id":355377,"href":"https:\/\/www.notibras.com\/site\/wp-json\/wp\/v2\/posts\/355375\/revisions\/355377"}],"wp:featuredmedia":[{"embeddable":true,"href":"https:\/\/www.notibras.com\/site\/wp-json\/wp\/v2\/media\/355376"}],"wp:attachment":[{"href":"https:\/\/www.notibras.com\/site\/wp-json\/wp\/v2\/media?parent=355375"}],"wp:term":[{"taxonomy":"category","embeddable":true,"href":"https:\/\/www.notibras.com\/site\/wp-json\/wp\/v2\/categories?post=355375"},{"taxonomy":"post_tag","embeddable":true,"href":"https:\/\/www.notibras.com\/site\/wp-json\/wp\/v2\/tags?post=355375"}],"curies":[{"name":"wp","href":"https:\/\/api.w.org\/{rel}","templated":true}]}}