{"id":35543,"date":"2015-01-31T20:10:06","date_gmt":"2015-01-31T23:10:06","guid":{"rendered":"http:\/\/www.notibras.com\/site\/?p=35543"},"modified":"2015-01-31T20:10:40","modified_gmt":"2015-01-31T23:10:40","slug":"alckmin-sugere-fechar-torneira-porque-crise-da-agua-pode-piorar","status":"publish","type":"post","link":"https:\/\/www.notibras.com\/site\/alckmin-sugere-fechar-torneira-porque-crise-da-agua-pode-piorar\/","title":{"rendered":"Alckmin sugere fechar torneira, porque crise da \u00e1gua pode ser pior"},"content":{"rendered":"<p class=\"text\">O governador de S\u00e3o Paulo, Geraldo Alckmin (PSDB), voltou neste s\u00e1bado a pedir \u00e0 popula\u00e7\u00e3o para continuar economizando \u00e1gua, pois a seca deste ano poder\u00e1 ser igual ou pior que a do ano passado. \u201cNeste m\u00eas de janeiro choveu menos que no mesmo m\u00eas do ano passado. Tivemos um m\u00eas de janeiro muito seco e com pouca \u00e1gua, ent\u00e3o podemos repetir de novo um ano seco\u201d, comentou o governador durante entrega de viaturas para produtores rurais em Coroados, no interior de S\u00e3o Paulo.<\/p>\n<p class=\"text\">Segundo Alckmin, \u201ca regi\u00e3o Sudeste do Brasil, vive a maior seca dos \u00faltimos 100 anos\u201d, por isso, segundo ele, a popula\u00e7\u00e3o deve continuar economizando. \u201cPrimeiro, quero agradecer \u00e0\u00a0popula\u00e7\u00e3o, porque 81% da popula\u00e7\u00e3o fez o uso racional da \u00e1gua; S\u00e3o Paulo consumiu 72 metros c\u00fabicos, hoje consome 55\u201d, afirmou.<\/p>\n<p class=\"text\">\u201cMas a palavra \u00e9 que todos ajudem, pois n\u00f3s n\u00e3o podemos abrir m\u00e3o de ningu\u00e9m. Ent\u00e3o precisamos da colabora\u00e7\u00e3o de todos\u201d, apelou o governador. \u201cTodo mundo deve continuar colaborando pois esta \u00e9 a maior seca do s\u00e9culo; o ano mais seco foi em 1953, mas no ano passado, choveu metade de\u00a0(o que choveu em)\u00a01953. E este m\u00eas a mesma coisa; no Cantareira choveu a metade e no Alto Tiet\u00ea, 40%\u201d, completou.<\/p>\n<blockquote>\n<p class=\"text\">O governador afirmou que a Sabesp ainda n\u00e3o se decidiu sobre a ado\u00e7\u00e3o de racionamento de \u00e1gua na Grande S\u00e3o Paulo. Uma das possibilidades seria cortar o consumo quatro dias para liberar por dois. \u201cN\u00e3o nada decidido. \u00c9 uma decis\u00e3o t\u00e9cnica, que est\u00e1 sendo estudada pela Sabesp, que tem administrado bem a crise h\u00eddrica. Mas n\u00e3o tomaremos nenhuma medida de racionamento sem uma anteced\u00eancia e comunica\u00e7\u00e3o para a popula\u00e7\u00e3o\u201d.<\/p>\n<\/blockquote>\n<p class=\"text\">Segundo Alckmin, enquanto a Sabesp n\u00e3o se decide, o governo continua com a\u00e7\u00f5es para reduzir o consumo por meio do pagamento de b\u00f4nus, aplica\u00e7\u00e3o de sistema redutor de press\u00e3o durante a madrugada (reduz perdas f\u00edsicas) e distribui\u00e7\u00e3o de caixas d\u2019\u00e1gua para fam\u00edlias de baixa renda. \u201cAs caixas possibilitam \u00e0s fam\u00edlias fazerem reserva\u00e7\u00e3o de \u00e1gua por 24 horas para n\u00e3o ficar sem \u00e1gua durante a redu\u00e7\u00e3o de press\u00e3o\u201d, explicou. \u201cSem as caixas, a \u00e1gua seca quando \u00e9 retirada do cano sem a reserva\u00e7\u00e3o\u201d, completou.<\/p>\n","protected":false},"excerpt":{"rendered":"<p>O governador de S\u00e3o Paulo, Geraldo Alckmin (PSDB), voltou neste s\u00e1bado a pedir \u00e0 popula\u00e7\u00e3o para continuar economizando \u00e1gua, pois a seca deste ano poder\u00e1 ser igual ou pior que a do ano passado. \u201cNeste m\u00eas de janeiro choveu menos que no mesmo m\u00eas do ano passado. Tivemos um m\u00eas de janeiro muito seco e [&hellip;]<\/p>\n","protected":false},"author":2,"featured_media":35544,"comment_status":"open","ping_status":"closed","sticky":false,"template":"","format":"standard","meta":{"_acf_changed":false,"footnotes":""},"categories":[16],"tags":[],"class_list":["post-35543","post","type-post","status-publish","format-standard","has-post-thumbnail","hentry","category-brasil"],"acf":[],"yoast_head":"<!-- This site is optimized with the Yoast SEO plugin v27.2 - https:\/\/yoast.com\/product\/yoast-seo-wordpress\/ -->\n<title>Alckmin sugere fechar torneira, porque crise da \u00e1gua pode ser pior - Notibras<\/title>\n<meta name=\"robots\" content=\"index, follow, max-snippet:-1, max-image-preview:large, max-video-preview:-1\" \/>\n<link rel=\"canonical\" href=\"https:\/\/www.notibras.com\/site\/alckmin-sugere-fechar-torneira-porque-crise-da-agua-pode-piorar\/\" \/>\n<meta property=\"og:locale\" content=\"pt_BR\" \/>\n<meta property=\"og:type\" content=\"article\" \/>\n<meta property=\"og:title\" content=\"Alckmin sugere fechar torneira, porque crise da \u00e1gua pode ser pior - Notibras\" \/>\n<meta property=\"og:description\" content=\"O governador de S\u00e3o Paulo, Geraldo Alckmin (PSDB), voltou neste s\u00e1bado a pedir \u00e0 popula\u00e7\u00e3o para continuar economizando \u00e1gua, pois a seca deste ano poder\u00e1 ser igual ou pior que a do ano passado. \u201cNeste m\u00eas de janeiro choveu menos que no mesmo m\u00eas do ano passado. Tivemos um m\u00eas de janeiro muito seco e [&hellip;]\" \/>\n<meta property=\"og:url\" content=\"https:\/\/www.notibras.com\/site\/alckmin-sugere-fechar-torneira-porque-crise-da-agua-pode-piorar\/\" \/>\n<meta property=\"og:site_name\" content=\"Notibras\" \/>\n<meta property=\"article:publisher\" content=\"https:\/\/www.facebook.com\/notibras\/\" \/>\n<meta property=\"article:published_time\" content=\"2015-01-31T23:10:06+00:00\" \/>\n<meta property=\"article:modified_time\" content=\"2015-01-31T23:10:40+00:00\" \/>\n<meta property=\"og:image\" content=\"https:\/\/www.notibras.com\/site\/wp-content\/uploads\/2015\/01\/012015x2824z.jpg\" \/>\n\t<meta property=\"og:image:width\" content=\"460\" \/>\n\t<meta property=\"og:image:height\" content=\"307\" \/>\n\t<meta property=\"og:image:type\" content=\"image\/jpeg\" \/>\n<meta name=\"author\" content=\"Reda\u00e7\u00e3o\" \/>\n<meta name=\"twitter:card\" content=\"summary_large_image\" \/>\n<meta name=\"twitter:creator\" content=\"@Notibras\" \/>\n<meta name=\"twitter:site\" content=\"@Notibras\" \/>\n<meta name=\"twitter:label1\" content=\"Escrito por\" \/>\n\t<meta name=\"twitter:data1\" content=\"Reda\u00e7\u00e3o\" \/>\n\t<meta name=\"twitter:label2\" content=\"Est. tempo de leitura\" \/>\n\t<meta name=\"twitter:data2\" content=\"2 minutos\" \/>\n<script type=\"application\/ld+json\" class=\"yoast-schema-graph\">{\"@context\":\"https:\/\/schema.org\",\"@graph\":[{\"@type\":\"Article\",\"@id\":\"https:\/\/www.notibras.com\/site\/alckmin-sugere-fechar-torneira-porque-crise-da-agua-pode-piorar\/#article\",\"isPartOf\":{\"@id\":\"https:\/\/www.notibras.com\/site\/alckmin-sugere-fechar-torneira-porque-crise-da-agua-pode-piorar\/\"},\"author\":{\"name\":\"Reda\u00e7\u00e3o\",\"@id\":\"https:\/\/www.notibras.com\/site\/#\/schema\/person\/36ab0979449956132d3e5b517ea76ac8\"},\"headline\":\"Alckmin sugere fechar torneira, porque crise da \u00e1gua pode ser pior\",\"datePublished\":\"2015-01-31T23:10:06+00:00\",\"dateModified\":\"2015-01-31T23:10:40+00:00\",\"mainEntityOfPage\":{\"@id\":\"https:\/\/www.notibras.com\/site\/alckmin-sugere-fechar-torneira-porque-crise-da-agua-pode-piorar\/\"},\"wordCount\":402,\"commentCount\":0,\"publisher\":{\"@id\":\"https:\/\/www.notibras.com\/site\/#organization\"},\"image\":{\"@id\":\"https:\/\/www.notibras.com\/site\/alckmin-sugere-fechar-torneira-porque-crise-da-agua-pode-piorar\/#primaryimage\"},\"thumbnailUrl\":\"https:\/\/www.notibras.com\/site\/wp-content\/uploads\/2015\/01\/012015x2824z.jpg\",\"articleSection\":[\"Brasil\"],\"inLanguage\":\"pt-BR\",\"potentialAction\":[{\"@type\":\"CommentAction\",\"name\":\"Comment\",\"target\":[\"https:\/\/www.notibras.com\/site\/alckmin-sugere-fechar-torneira-porque-crise-da-agua-pode-piorar\/#respond\"]}]},{\"@type\":\"WebPage\",\"@id\":\"https:\/\/www.notibras.com\/site\/alckmin-sugere-fechar-torneira-porque-crise-da-agua-pode-piorar\/\",\"url\":\"https:\/\/www.notibras.com\/site\/alckmin-sugere-fechar-torneira-porque-crise-da-agua-pode-piorar\/\",\"name\":\"Alckmin sugere fechar torneira, porque crise da \u00e1gua pode ser pior - Notibras\",\"isPartOf\":{\"@id\":\"https:\/\/www.notibras.com\/site\/#website\"},\"primaryImageOfPage\":{\"@id\":\"https:\/\/www.notibras.com\/site\/alckmin-sugere-fechar-torneira-porque-crise-da-agua-pode-piorar\/#primaryimage\"},\"image\":{\"@id\":\"https:\/\/www.notibras.com\/site\/alckmin-sugere-fechar-torneira-porque-crise-da-agua-pode-piorar\/#primaryimage\"},\"thumbnailUrl\":\"https:\/\/www.notibras.com\/site\/wp-content\/uploads\/2015\/01\/012015x2824z.jpg\",\"datePublished\":\"2015-01-31T23:10:06+00:00\",\"dateModified\":\"2015-01-31T23:10:40+00:00\",\"breadcrumb\":{\"@id\":\"https:\/\/www.notibras.com\/site\/alckmin-sugere-fechar-torneira-porque-crise-da-agua-pode-piorar\/#breadcrumb\"},\"inLanguage\":\"pt-BR\",\"potentialAction\":[{\"@type\":\"ReadAction\",\"target\":[\"https:\/\/www.notibras.com\/site\/alckmin-sugere-fechar-torneira-porque-crise-da-agua-pode-piorar\/\"]}]},{\"@type\":\"ImageObject\",\"inLanguage\":\"pt-BR\",\"@id\":\"https:\/\/www.notibras.com\/site\/alckmin-sugere-fechar-torneira-porque-crise-da-agua-pode-piorar\/#primaryimage\",\"url\":\"https:\/\/www.notibras.com\/site\/wp-content\/uploads\/2015\/01\/012015x2824z.jpg\",\"contentUrl\":\"https:\/\/www.notibras.com\/site\/wp-content\/uploads\/2015\/01\/012015x2824z.jpg\",\"width\":460,\"height\":307},{\"@type\":\"BreadcrumbList\",\"@id\":\"https:\/\/www.notibras.com\/site\/alckmin-sugere-fechar-torneira-porque-crise-da-agua-pode-piorar\/#breadcrumb\",\"itemListElement\":[{\"@type\":\"ListItem\",\"position\":1,\"name\":\"In\u00edcio\",\"item\":\"https:\/\/www.notibras.com\/site\/\"},{\"@type\":\"ListItem\",\"position\":2,\"name\":\"Alckmin sugere fechar torneira, porque crise da \u00e1gua pode ser pior\"}]},{\"@type\":\"WebSite\",\"@id\":\"https:\/\/www.notibras.com\/site\/#website\",\"url\":\"https:\/\/www.notibras.com\/site\/\",\"name\":\"Notibras\",\"description\":\"Not\u00edcias de Bras\u00edlia, do Brasil e do Mundo\",\"publisher\":{\"@id\":\"https:\/\/www.notibras.com\/site\/#organization\"},\"potentialAction\":[{\"@type\":\"SearchAction\",\"target\":{\"@type\":\"EntryPoint\",\"urlTemplate\":\"https:\/\/www.notibras.com\/site\/?s={search_term_string}\"},\"query-input\":{\"@type\":\"PropertyValueSpecification\",\"valueRequired\":true,\"valueName\":\"search_term_string\"}}],\"inLanguage\":\"pt-BR\"},{\"@type\":\"Organization\",\"@id\":\"https:\/\/www.notibras.com\/site\/#organization\",\"name\":\"Grupo Notibras de Comunica\u00e7\u00e3o\",\"url\":\"https:\/\/www.notibras.com\/site\/\",\"logo\":{\"@type\":\"ImageObject\",\"inLanguage\":\"pt-BR\",\"@id\":\"https:\/\/www.notibras.com\/site\/#\/schema\/logo\/image\/\",\"url\":\"https:\/\/www.notibras.com\/site\/wp-content\/uploads\/2023\/01\/notibras23.png\",\"contentUrl\":\"https:\/\/www.notibras.com\/site\/wp-content\/uploads\/2023\/01\/notibras23.png\",\"width\":350,\"height\":87,\"caption\":\"Grupo Notibras de Comunica\u00e7\u00e3o\"},\"image\":{\"@id\":\"https:\/\/www.notibras.com\/site\/#\/schema\/logo\/image\/\"},\"sameAs\":[\"https:\/\/www.facebook.com\/notibras\/\",\"https:\/\/x.com\/Notibras\",\"https:\/\/www.instagram.com\/notibras\/\"]},{\"@type\":\"Person\",\"@id\":\"https:\/\/www.notibras.com\/site\/#\/schema\/person\/36ab0979449956132d3e5b517ea76ac8\",\"name\":\"Reda\u00e7\u00e3o\",\"image\":{\"@type\":\"ImageObject\",\"inLanguage\":\"pt-BR\",\"@id\":\"https:\/\/secure.gravatar.com\/avatar\/e0a867bdedb85fd243eadf09663511f96fc81e0720a4a42581f334ad4303aa6b?s=96&d=mm&r=g\",\"url\":\"https:\/\/secure.gravatar.com\/avatar\/e0a867bdedb85fd243eadf09663511f96fc81e0720a4a42581f334ad4303aa6b?s=96&d=mm&r=g\",\"contentUrl\":\"https:\/\/secure.gravatar.com\/avatar\/e0a867bdedb85fd243eadf09663511f96fc81e0720a4a42581f334ad4303aa6b?s=96&d=mm&r=g\",\"caption\":\"Reda\u00e7\u00e3o\"}}]}<\/script>\n<!-- \/ Yoast SEO plugin. -->","yoast_head_json":{"title":"Alckmin sugere fechar torneira, porque crise da \u00e1gua pode ser pior - Notibras","robots":{"index":"index","follow":"follow","max-snippet":"max-snippet:-1","max-image-preview":"max-image-preview:large","max-video-preview":"max-video-preview:-1"},"canonical":"https:\/\/www.notibras.com\/site\/alckmin-sugere-fechar-torneira-porque-crise-da-agua-pode-piorar\/","og_locale":"pt_BR","og_type":"article","og_title":"Alckmin sugere fechar torneira, porque crise da \u00e1gua pode ser pior - Notibras","og_description":"O governador de S\u00e3o Paulo, Geraldo Alckmin (PSDB), voltou neste s\u00e1bado a pedir \u00e0 popula\u00e7\u00e3o para continuar economizando \u00e1gua, pois a seca deste ano poder\u00e1 ser igual ou pior que a do ano passado. \u201cNeste m\u00eas de janeiro choveu menos que no mesmo m\u00eas do ano passado. Tivemos um m\u00eas de janeiro muito seco e [&hellip;]","og_url":"https:\/\/www.notibras.com\/site\/alckmin-sugere-fechar-torneira-porque-crise-da-agua-pode-piorar\/","og_site_name":"Notibras","article_publisher":"https:\/\/www.facebook.com\/notibras\/","article_published_time":"2015-01-31T23:10:06+00:00","article_modified_time":"2015-01-31T23:10:40+00:00","og_image":[{"width":460,"height":307,"url":"https:\/\/www.notibras.com\/site\/wp-content\/uploads\/2015\/01\/012015x2824z.jpg","type":"image\/jpeg"}],"author":"Reda\u00e7\u00e3o","twitter_card":"summary_large_image","twitter_creator":"@Notibras","twitter_site":"@Notibras","twitter_misc":{"Escrito por":"Reda\u00e7\u00e3o","Est. tempo de leitura":"2 minutos"},"schema":{"@context":"https:\/\/schema.org","@graph":[{"@type":"Article","@id":"https:\/\/www.notibras.com\/site\/alckmin-sugere-fechar-torneira-porque-crise-da-agua-pode-piorar\/#article","isPartOf":{"@id":"https:\/\/www.notibras.com\/site\/alckmin-sugere-fechar-torneira-porque-crise-da-agua-pode-piorar\/"},"author":{"name":"Reda\u00e7\u00e3o","@id":"https:\/\/www.notibras.com\/site\/#\/schema\/person\/36ab0979449956132d3e5b517ea76ac8"},"headline":"Alckmin sugere fechar torneira, porque crise da \u00e1gua pode ser pior","datePublished":"2015-01-31T23:10:06+00:00","dateModified":"2015-01-31T23:10:40+00:00","mainEntityOfPage":{"@id":"https:\/\/www.notibras.com\/site\/alckmin-sugere-fechar-torneira-porque-crise-da-agua-pode-piorar\/"},"wordCount":402,"commentCount":0,"publisher":{"@id":"https:\/\/www.notibras.com\/site\/#organization"},"image":{"@id":"https:\/\/www.notibras.com\/site\/alckmin-sugere-fechar-torneira-porque-crise-da-agua-pode-piorar\/#primaryimage"},"thumbnailUrl":"https:\/\/www.notibras.com\/site\/wp-content\/uploads\/2015\/01\/012015x2824z.jpg","articleSection":["Brasil"],"inLanguage":"pt-BR","potentialAction":[{"@type":"CommentAction","name":"Comment","target":["https:\/\/www.notibras.com\/site\/alckmin-sugere-fechar-torneira-porque-crise-da-agua-pode-piorar\/#respond"]}]},{"@type":"WebPage","@id":"https:\/\/www.notibras.com\/site\/alckmin-sugere-fechar-torneira-porque-crise-da-agua-pode-piorar\/","url":"https:\/\/www.notibras.com\/site\/alckmin-sugere-fechar-torneira-porque-crise-da-agua-pode-piorar\/","name":"Alckmin sugere fechar torneira, porque crise da \u00e1gua pode ser pior - Notibras","isPartOf":{"@id":"https:\/\/www.notibras.com\/site\/#website"},"primaryImageOfPage":{"@id":"https:\/\/www.notibras.com\/site\/alckmin-sugere-fechar-torneira-porque-crise-da-agua-pode-piorar\/#primaryimage"},"image":{"@id":"https:\/\/www.notibras.com\/site\/alckmin-sugere-fechar-torneira-porque-crise-da-agua-pode-piorar\/#primaryimage"},"thumbnailUrl":"https:\/\/www.notibras.com\/site\/wp-content\/uploads\/2015\/01\/012015x2824z.jpg","datePublished":"2015-01-31T23:10:06+00:00","dateModified":"2015-01-31T23:10:40+00:00","breadcrumb":{"@id":"https:\/\/www.notibras.com\/site\/alckmin-sugere-fechar-torneira-porque-crise-da-agua-pode-piorar\/#breadcrumb"},"inLanguage":"pt-BR","potentialAction":[{"@type":"ReadAction","target":["https:\/\/www.notibras.com\/site\/alckmin-sugere-fechar-torneira-porque-crise-da-agua-pode-piorar\/"]}]},{"@type":"ImageObject","inLanguage":"pt-BR","@id":"https:\/\/www.notibras.com\/site\/alckmin-sugere-fechar-torneira-porque-crise-da-agua-pode-piorar\/#primaryimage","url":"https:\/\/www.notibras.com\/site\/wp-content\/uploads\/2015\/01\/012015x2824z.jpg","contentUrl":"https:\/\/www.notibras.com\/site\/wp-content\/uploads\/2015\/01\/012015x2824z.jpg","width":460,"height":307},{"@type":"BreadcrumbList","@id":"https:\/\/www.notibras.com\/site\/alckmin-sugere-fechar-torneira-porque-crise-da-agua-pode-piorar\/#breadcrumb","itemListElement":[{"@type":"ListItem","position":1,"name":"In\u00edcio","item":"https:\/\/www.notibras.com\/site\/"},{"@type":"ListItem","position":2,"name":"Alckmin sugere fechar torneira, porque crise da \u00e1gua pode ser pior"}]},{"@type":"WebSite","@id":"https:\/\/www.notibras.com\/site\/#website","url":"https:\/\/www.notibras.com\/site\/","name":"Notibras","description":"Not\u00edcias de Bras\u00edlia, do Brasil e do Mundo","publisher":{"@id":"https:\/\/www.notibras.com\/site\/#organization"},"potentialAction":[{"@type":"SearchAction","target":{"@type":"EntryPoint","urlTemplate":"https:\/\/www.notibras.com\/site\/?s={search_term_string}"},"query-input":{"@type":"PropertyValueSpecification","valueRequired":true,"valueName":"search_term_string"}}],"inLanguage":"pt-BR"},{"@type":"Organization","@id":"https:\/\/www.notibras.com\/site\/#organization","name":"Grupo Notibras de Comunica\u00e7\u00e3o","url":"https:\/\/www.notibras.com\/site\/","logo":{"@type":"ImageObject","inLanguage":"pt-BR","@id":"https:\/\/www.notibras.com\/site\/#\/schema\/logo\/image\/","url":"https:\/\/www.notibras.com\/site\/wp-content\/uploads\/2023\/01\/notibras23.png","contentUrl":"https:\/\/www.notibras.com\/site\/wp-content\/uploads\/2023\/01\/notibras23.png","width":350,"height":87,"caption":"Grupo Notibras de Comunica\u00e7\u00e3o"},"image":{"@id":"https:\/\/www.notibras.com\/site\/#\/schema\/logo\/image\/"},"sameAs":["https:\/\/www.facebook.com\/notibras\/","https:\/\/x.com\/Notibras","https:\/\/www.instagram.com\/notibras\/"]},{"@type":"Person","@id":"https:\/\/www.notibras.com\/site\/#\/schema\/person\/36ab0979449956132d3e5b517ea76ac8","name":"Reda\u00e7\u00e3o","image":{"@type":"ImageObject","inLanguage":"pt-BR","@id":"https:\/\/secure.gravatar.com\/avatar\/e0a867bdedb85fd243eadf09663511f96fc81e0720a4a42581f334ad4303aa6b?s=96&d=mm&r=g","url":"https:\/\/secure.gravatar.com\/avatar\/e0a867bdedb85fd243eadf09663511f96fc81e0720a4a42581f334ad4303aa6b?s=96&d=mm&r=g","contentUrl":"https:\/\/secure.gravatar.com\/avatar\/e0a867bdedb85fd243eadf09663511f96fc81e0720a4a42581f334ad4303aa6b?s=96&d=mm&r=g","caption":"Reda\u00e7\u00e3o"}}]}},"amp_enabled":true,"_links":{"self":[{"href":"https:\/\/www.notibras.com\/site\/wp-json\/wp\/v2\/posts\/35543","targetHints":{"allow":["GET"]}}],"collection":[{"href":"https:\/\/www.notibras.com\/site\/wp-json\/wp\/v2\/posts"}],"about":[{"href":"https:\/\/www.notibras.com\/site\/wp-json\/wp\/v2\/types\/post"}],"author":[{"embeddable":true,"href":"https:\/\/www.notibras.com\/site\/wp-json\/wp\/v2\/users\/2"}],"replies":[{"embeddable":true,"href":"https:\/\/www.notibras.com\/site\/wp-json\/wp\/v2\/comments?post=35543"}],"version-history":[{"count":0,"href":"https:\/\/www.notibras.com\/site\/wp-json\/wp\/v2\/posts\/35543\/revisions"}],"wp:featuredmedia":[{"embeddable":true,"href":"https:\/\/www.notibras.com\/site\/wp-json\/wp\/v2\/media\/35544"}],"wp:attachment":[{"href":"https:\/\/www.notibras.com\/site\/wp-json\/wp\/v2\/media?parent=35543"}],"wp:term":[{"taxonomy":"category","embeddable":true,"href":"https:\/\/www.notibras.com\/site\/wp-json\/wp\/v2\/categories?post=35543"},{"taxonomy":"post_tag","embeddable":true,"href":"https:\/\/www.notibras.com\/site\/wp-json\/wp\/v2\/tags?post=35543"}],"curies":[{"name":"wp","href":"https:\/\/api.w.org\/{rel}","templated":true}]}}