{"id":35547,"date":"2015-01-31T18:16:03","date_gmt":"2015-01-31T21:16:03","guid":{"rendered":"http:\/\/www.notibras.com\/site\/?p=35547"},"modified":"2015-01-31T20:23:37","modified_gmt":"2015-01-31T23:23:37","slug":"juca-sucessor-de-marta-escancara-e-diz-que-senadora-e-irresponsavel","status":"publish","type":"post","link":"https:\/\/www.notibras.com\/site\/juca-sucessor-de-marta-escancara-e-diz-que-senadora-e-irresponsavel\/","title":{"rendered":"Juca, sucessor de Marta, diz que senadora \u00e9 irrespons\u00e1vel"},"content":{"rendered":"<p>Juca Ferreira (PT), 65 anos, comandou o Minist\u00e9rio da Cultura por dois anos e meio, de 2008 a 2010, no segundo mandato de Lula. Cinco anos antes, atuou como secret\u00e1rio-executivo, no MinC, na gest\u00e3o de Gilberto Gil. Convidado no fim do ano passado pela presidente Dilma Rousseff para retomar a fun\u00e7\u00e3o, cruzou a mira de Marta Suplicy.<\/p>\n<p>A senadora apresentou documentos \u00e0 Controladoria-Geral da Uni\u00e3o que apontam irregularidades na Cinemateca Brasileira, \u00f3rg\u00e3o do MinC, na primeira gest\u00e3o de Ferreira como ministro.<\/p>\n<blockquote><p>\u201cO processo nos acusa, por exemplo, de comprar a obra de Glauber Rocha sem licita\u00e7\u00e3o. Ela deveria saber que n\u00e3o existem dois \u2018Glaubers\u2019 para se fazer compara\u00e7\u00e3o de pre\u00e7o\u201d, diz o soci\u00f3logo baiano em entrevista \u00e0 revista Isto\u00c9 desta semana.<\/p><\/blockquote>\n<p>Conhecido por suas cr\u00edticas \u00e0s leis de incentivo fiscal no fomento \u00e0 cultura e pela defesa da flexibiliza\u00e7\u00e3o da regula\u00e7\u00e3o de direitos autorais, Ferreira pretende ampliar a atua\u00e7\u00e3o do minist\u00e9rio nos munic\u00edpios e incrementar o apoio \u00e0s manifesta\u00e7\u00f5es populares e socioeducativas em detrimento do cinema, que considera uma \u00e1rea provida de investimentos \u201crobustos\u201d.<\/p>\n","protected":false},"excerpt":{"rendered":"<p>Juca Ferreira (PT), 65 anos, comandou o Minist\u00e9rio da Cultura por dois anos e meio, de 2008 a 2010, no segundo mandato de Lula. Cinco anos antes, atuou como secret\u00e1rio-executivo, no MinC, na gest\u00e3o de Gilberto Gil. Convidado no fim do ano passado pela presidente Dilma Rousseff para retomar a fun\u00e7\u00e3o, cruzou a mira de [&hellip;]<\/p>\n","protected":false},"author":2,"featured_media":35548,"comment_status":"open","ping_status":"closed","sticky":false,"template":"","format":"standard","meta":{"_acf_changed":false,"footnotes":""},"categories":[16],"tags":[],"class_list":["post-35547","post","type-post","status-publish","format-standard","has-post-thumbnail","hentry","category-brasil"],"acf":[],"yoast_head":"<!-- This site is optimized with the Yoast SEO plugin v27.2 - https:\/\/yoast.com\/product\/yoast-seo-wordpress\/ -->\n<title>Juca, sucessor de Marta, diz que senadora \u00e9 irrespons\u00e1vel - Notibras<\/title>\n<meta name=\"robots\" content=\"index, follow, max-snippet:-1, max-image-preview:large, max-video-preview:-1\" \/>\n<link rel=\"canonical\" href=\"https:\/\/www.notibras.com\/site\/juca-sucessor-de-marta-escancara-e-diz-que-senadora-e-irresponsavel\/\" \/>\n<meta property=\"og:locale\" content=\"pt_BR\" \/>\n<meta property=\"og:type\" content=\"article\" \/>\n<meta property=\"og:title\" content=\"Juca, sucessor de Marta, diz que senadora \u00e9 irrespons\u00e1vel - Notibras\" \/>\n<meta property=\"og:description\" content=\"Juca Ferreira (PT), 65 anos, comandou o Minist\u00e9rio da Cultura por dois anos e meio, de 2008 a 2010, no segundo mandato de Lula. Cinco anos antes, atuou como secret\u00e1rio-executivo, no MinC, na gest\u00e3o de Gilberto Gil. Convidado no fim do ano passado pela presidente Dilma Rousseff para retomar a fun\u00e7\u00e3o, cruzou a mira de [&hellip;]\" \/>\n<meta property=\"og:url\" content=\"https:\/\/www.notibras.com\/site\/juca-sucessor-de-marta-escancara-e-diz-que-senadora-e-irresponsavel\/\" \/>\n<meta property=\"og:site_name\" content=\"Notibras\" \/>\n<meta property=\"article:publisher\" content=\"https:\/\/www.facebook.com\/notibras\/\" \/>\n<meta property=\"article:published_time\" content=\"2015-01-31T21:16:03+00:00\" \/>\n<meta property=\"article:modified_time\" content=\"2015-01-31T23:23:37+00:00\" \/>\n<meta property=\"og:image\" content=\"https:\/\/www.notibras.com\/site\/wp-content\/uploads\/2015\/01\/mi_88502572255643.jpg\" \/>\n\t<meta property=\"og:image:width\" content=\"483\" \/>\n\t<meta property=\"og:image:height\" content=\"303\" \/>\n\t<meta property=\"og:image:type\" content=\"image\/jpeg\" \/>\n<meta name=\"author\" content=\"Reda\u00e7\u00e3o\" \/>\n<meta name=\"twitter:card\" content=\"summary_large_image\" \/>\n<meta name=\"twitter:creator\" content=\"@Notibras\" \/>\n<meta name=\"twitter:site\" content=\"@Notibras\" \/>\n<meta name=\"twitter:label1\" content=\"Escrito por\" \/>\n\t<meta name=\"twitter:data1\" content=\"Reda\u00e7\u00e3o\" \/>\n\t<meta name=\"twitter:label2\" content=\"Est. tempo de leitura\" \/>\n\t<meta name=\"twitter:data2\" content=\"1 minuto\" \/>\n<script type=\"application\/ld+json\" class=\"yoast-schema-graph\">{\"@context\":\"https:\/\/schema.org\",\"@graph\":[{\"@type\":\"Article\",\"@id\":\"https:\/\/www.notibras.com\/site\/juca-sucessor-de-marta-escancara-e-diz-que-senadora-e-irresponsavel\/#article\",\"isPartOf\":{\"@id\":\"https:\/\/www.notibras.com\/site\/juca-sucessor-de-marta-escancara-e-diz-que-senadora-e-irresponsavel\/\"},\"author\":{\"name\":\"Reda\u00e7\u00e3o\",\"@id\":\"https:\/\/www.notibras.com\/site\/#\/schema\/person\/36ab0979449956132d3e5b517ea76ac8\"},\"headline\":\"Juca, sucessor de Marta, diz que senadora \u00e9 irrespons\u00e1vel\",\"datePublished\":\"2015-01-31T21:16:03+00:00\",\"dateModified\":\"2015-01-31T23:23:37+00:00\",\"mainEntityOfPage\":{\"@id\":\"https:\/\/www.notibras.com\/site\/juca-sucessor-de-marta-escancara-e-diz-que-senadora-e-irresponsavel\/\"},\"wordCount\":196,\"commentCount\":0,\"publisher\":{\"@id\":\"https:\/\/www.notibras.com\/site\/#organization\"},\"image\":{\"@id\":\"https:\/\/www.notibras.com\/site\/juca-sucessor-de-marta-escancara-e-diz-que-senadora-e-irresponsavel\/#primaryimage\"},\"thumbnailUrl\":\"https:\/\/www.notibras.com\/site\/wp-content\/uploads\/2015\/01\/mi_88502572255643.jpg\",\"articleSection\":[\"Brasil\"],\"inLanguage\":\"pt-BR\",\"potentialAction\":[{\"@type\":\"CommentAction\",\"name\":\"Comment\",\"target\":[\"https:\/\/www.notibras.com\/site\/juca-sucessor-de-marta-escancara-e-diz-que-senadora-e-irresponsavel\/#respond\"]}]},{\"@type\":\"WebPage\",\"@id\":\"https:\/\/www.notibras.com\/site\/juca-sucessor-de-marta-escancara-e-diz-que-senadora-e-irresponsavel\/\",\"url\":\"https:\/\/www.notibras.com\/site\/juca-sucessor-de-marta-escancara-e-diz-que-senadora-e-irresponsavel\/\",\"name\":\"Juca, sucessor de Marta, diz que senadora \u00e9 irrespons\u00e1vel - Notibras\",\"isPartOf\":{\"@id\":\"https:\/\/www.notibras.com\/site\/#website\"},\"primaryImageOfPage\":{\"@id\":\"https:\/\/www.notibras.com\/site\/juca-sucessor-de-marta-escancara-e-diz-que-senadora-e-irresponsavel\/#primaryimage\"},\"image\":{\"@id\":\"https:\/\/www.notibras.com\/site\/juca-sucessor-de-marta-escancara-e-diz-que-senadora-e-irresponsavel\/#primaryimage\"},\"thumbnailUrl\":\"https:\/\/www.notibras.com\/site\/wp-content\/uploads\/2015\/01\/mi_88502572255643.jpg\",\"datePublished\":\"2015-01-31T21:16:03+00:00\",\"dateModified\":\"2015-01-31T23:23:37+00:00\",\"breadcrumb\":{\"@id\":\"https:\/\/www.notibras.com\/site\/juca-sucessor-de-marta-escancara-e-diz-que-senadora-e-irresponsavel\/#breadcrumb\"},\"inLanguage\":\"pt-BR\",\"potentialAction\":[{\"@type\":\"ReadAction\",\"target\":[\"https:\/\/www.notibras.com\/site\/juca-sucessor-de-marta-escancara-e-diz-que-senadora-e-irresponsavel\/\"]}]},{\"@type\":\"ImageObject\",\"inLanguage\":\"pt-BR\",\"@id\":\"https:\/\/www.notibras.com\/site\/juca-sucessor-de-marta-escancara-e-diz-que-senadora-e-irresponsavel\/#primaryimage\",\"url\":\"https:\/\/www.notibras.com\/site\/wp-content\/uploads\/2015\/01\/mi_88502572255643.jpg\",\"contentUrl\":\"https:\/\/www.notibras.com\/site\/wp-content\/uploads\/2015\/01\/mi_88502572255643.jpg\",\"width\":483,\"height\":303},{\"@type\":\"BreadcrumbList\",\"@id\":\"https:\/\/www.notibras.com\/site\/juca-sucessor-de-marta-escancara-e-diz-que-senadora-e-irresponsavel\/#breadcrumb\",\"itemListElement\":[{\"@type\":\"ListItem\",\"position\":1,\"name\":\"In\u00edcio\",\"item\":\"https:\/\/www.notibras.com\/site\/\"},{\"@type\":\"ListItem\",\"position\":2,\"name\":\"Juca, sucessor de Marta, diz que senadora \u00e9 irrespons\u00e1vel\"}]},{\"@type\":\"WebSite\",\"@id\":\"https:\/\/www.notibras.com\/site\/#website\",\"url\":\"https:\/\/www.notibras.com\/site\/\",\"name\":\"Notibras\",\"description\":\"Not\u00edcias de Bras\u00edlia, do Brasil e do Mundo\",\"publisher\":{\"@id\":\"https:\/\/www.notibras.com\/site\/#organization\"},\"potentialAction\":[{\"@type\":\"SearchAction\",\"target\":{\"@type\":\"EntryPoint\",\"urlTemplate\":\"https:\/\/www.notibras.com\/site\/?s={search_term_string}\"},\"query-input\":{\"@type\":\"PropertyValueSpecification\",\"valueRequired\":true,\"valueName\":\"search_term_string\"}}],\"inLanguage\":\"pt-BR\"},{\"@type\":\"Organization\",\"@id\":\"https:\/\/www.notibras.com\/site\/#organization\",\"name\":\"Grupo Notibras de Comunica\u00e7\u00e3o\",\"url\":\"https:\/\/www.notibras.com\/site\/\",\"logo\":{\"@type\":\"ImageObject\",\"inLanguage\":\"pt-BR\",\"@id\":\"https:\/\/www.notibras.com\/site\/#\/schema\/logo\/image\/\",\"url\":\"https:\/\/www.notibras.com\/site\/wp-content\/uploads\/2023\/01\/notibras23.png\",\"contentUrl\":\"https:\/\/www.notibras.com\/site\/wp-content\/uploads\/2023\/01\/notibras23.png\",\"width\":350,\"height\":87,\"caption\":\"Grupo Notibras de Comunica\u00e7\u00e3o\"},\"image\":{\"@id\":\"https:\/\/www.notibras.com\/site\/#\/schema\/logo\/image\/\"},\"sameAs\":[\"https:\/\/www.facebook.com\/notibras\/\",\"https:\/\/x.com\/Notibras\",\"https:\/\/www.instagram.com\/notibras\/\"]},{\"@type\":\"Person\",\"@id\":\"https:\/\/www.notibras.com\/site\/#\/schema\/person\/36ab0979449956132d3e5b517ea76ac8\",\"name\":\"Reda\u00e7\u00e3o\",\"image\":{\"@type\":\"ImageObject\",\"inLanguage\":\"pt-BR\",\"@id\":\"https:\/\/secure.gravatar.com\/avatar\/e0a867bdedb85fd243eadf09663511f96fc81e0720a4a42581f334ad4303aa6b?s=96&d=mm&r=g\",\"url\":\"https:\/\/secure.gravatar.com\/avatar\/e0a867bdedb85fd243eadf09663511f96fc81e0720a4a42581f334ad4303aa6b?s=96&d=mm&r=g\",\"contentUrl\":\"https:\/\/secure.gravatar.com\/avatar\/e0a867bdedb85fd243eadf09663511f96fc81e0720a4a42581f334ad4303aa6b?s=96&d=mm&r=g\",\"caption\":\"Reda\u00e7\u00e3o\"}}]}<\/script>\n<!-- \/ Yoast SEO plugin. -->","yoast_head_json":{"title":"Juca, sucessor de Marta, diz que senadora \u00e9 irrespons\u00e1vel - Notibras","robots":{"index":"index","follow":"follow","max-snippet":"max-snippet:-1","max-image-preview":"max-image-preview:large","max-video-preview":"max-video-preview:-1"},"canonical":"https:\/\/www.notibras.com\/site\/juca-sucessor-de-marta-escancara-e-diz-que-senadora-e-irresponsavel\/","og_locale":"pt_BR","og_type":"article","og_title":"Juca, sucessor de Marta, diz que senadora \u00e9 irrespons\u00e1vel - Notibras","og_description":"Juca Ferreira (PT), 65 anos, comandou o Minist\u00e9rio da Cultura por dois anos e meio, de 2008 a 2010, no segundo mandato de Lula. Cinco anos antes, atuou como secret\u00e1rio-executivo, no MinC, na gest\u00e3o de Gilberto Gil. Convidado no fim do ano passado pela presidente Dilma Rousseff para retomar a fun\u00e7\u00e3o, cruzou a mira de [&hellip;]","og_url":"https:\/\/www.notibras.com\/site\/juca-sucessor-de-marta-escancara-e-diz-que-senadora-e-irresponsavel\/","og_site_name":"Notibras","article_publisher":"https:\/\/www.facebook.com\/notibras\/","article_published_time":"2015-01-31T21:16:03+00:00","article_modified_time":"2015-01-31T23:23:37+00:00","og_image":[{"width":483,"height":303,"url":"https:\/\/www.notibras.com\/site\/wp-content\/uploads\/2015\/01\/mi_88502572255643.jpg","type":"image\/jpeg"}],"author":"Reda\u00e7\u00e3o","twitter_card":"summary_large_image","twitter_creator":"@Notibras","twitter_site":"@Notibras","twitter_misc":{"Escrito por":"Reda\u00e7\u00e3o","Est. tempo de leitura":"1 minuto"},"schema":{"@context":"https:\/\/schema.org","@graph":[{"@type":"Article","@id":"https:\/\/www.notibras.com\/site\/juca-sucessor-de-marta-escancara-e-diz-que-senadora-e-irresponsavel\/#article","isPartOf":{"@id":"https:\/\/www.notibras.com\/site\/juca-sucessor-de-marta-escancara-e-diz-que-senadora-e-irresponsavel\/"},"author":{"name":"Reda\u00e7\u00e3o","@id":"https:\/\/www.notibras.com\/site\/#\/schema\/person\/36ab0979449956132d3e5b517ea76ac8"},"headline":"Juca, sucessor de Marta, diz que senadora \u00e9 irrespons\u00e1vel","datePublished":"2015-01-31T21:16:03+00:00","dateModified":"2015-01-31T23:23:37+00:00","mainEntityOfPage":{"@id":"https:\/\/www.notibras.com\/site\/juca-sucessor-de-marta-escancara-e-diz-que-senadora-e-irresponsavel\/"},"wordCount":196,"commentCount":0,"publisher":{"@id":"https:\/\/www.notibras.com\/site\/#organization"},"image":{"@id":"https:\/\/www.notibras.com\/site\/juca-sucessor-de-marta-escancara-e-diz-que-senadora-e-irresponsavel\/#primaryimage"},"thumbnailUrl":"https:\/\/www.notibras.com\/site\/wp-content\/uploads\/2015\/01\/mi_88502572255643.jpg","articleSection":["Brasil"],"inLanguage":"pt-BR","potentialAction":[{"@type":"CommentAction","name":"Comment","target":["https:\/\/www.notibras.com\/site\/juca-sucessor-de-marta-escancara-e-diz-que-senadora-e-irresponsavel\/#respond"]}]},{"@type":"WebPage","@id":"https:\/\/www.notibras.com\/site\/juca-sucessor-de-marta-escancara-e-diz-que-senadora-e-irresponsavel\/","url":"https:\/\/www.notibras.com\/site\/juca-sucessor-de-marta-escancara-e-diz-que-senadora-e-irresponsavel\/","name":"Juca, sucessor de Marta, diz que senadora \u00e9 irrespons\u00e1vel - Notibras","isPartOf":{"@id":"https:\/\/www.notibras.com\/site\/#website"},"primaryImageOfPage":{"@id":"https:\/\/www.notibras.com\/site\/juca-sucessor-de-marta-escancara-e-diz-que-senadora-e-irresponsavel\/#primaryimage"},"image":{"@id":"https:\/\/www.notibras.com\/site\/juca-sucessor-de-marta-escancara-e-diz-que-senadora-e-irresponsavel\/#primaryimage"},"thumbnailUrl":"https:\/\/www.notibras.com\/site\/wp-content\/uploads\/2015\/01\/mi_88502572255643.jpg","datePublished":"2015-01-31T21:16:03+00:00","dateModified":"2015-01-31T23:23:37+00:00","breadcrumb":{"@id":"https:\/\/www.notibras.com\/site\/juca-sucessor-de-marta-escancara-e-diz-que-senadora-e-irresponsavel\/#breadcrumb"},"inLanguage":"pt-BR","potentialAction":[{"@type":"ReadAction","target":["https:\/\/www.notibras.com\/site\/juca-sucessor-de-marta-escancara-e-diz-que-senadora-e-irresponsavel\/"]}]},{"@type":"ImageObject","inLanguage":"pt-BR","@id":"https:\/\/www.notibras.com\/site\/juca-sucessor-de-marta-escancara-e-diz-que-senadora-e-irresponsavel\/#primaryimage","url":"https:\/\/www.notibras.com\/site\/wp-content\/uploads\/2015\/01\/mi_88502572255643.jpg","contentUrl":"https:\/\/www.notibras.com\/site\/wp-content\/uploads\/2015\/01\/mi_88502572255643.jpg","width":483,"height":303},{"@type":"BreadcrumbList","@id":"https:\/\/www.notibras.com\/site\/juca-sucessor-de-marta-escancara-e-diz-que-senadora-e-irresponsavel\/#breadcrumb","itemListElement":[{"@type":"ListItem","position":1,"name":"In\u00edcio","item":"https:\/\/www.notibras.com\/site\/"},{"@type":"ListItem","position":2,"name":"Juca, sucessor de Marta, diz que senadora \u00e9 irrespons\u00e1vel"}]},{"@type":"WebSite","@id":"https:\/\/www.notibras.com\/site\/#website","url":"https:\/\/www.notibras.com\/site\/","name":"Notibras","description":"Not\u00edcias de Bras\u00edlia, do Brasil e do Mundo","publisher":{"@id":"https:\/\/www.notibras.com\/site\/#organization"},"potentialAction":[{"@type":"SearchAction","target":{"@type":"EntryPoint","urlTemplate":"https:\/\/www.notibras.com\/site\/?s={search_term_string}"},"query-input":{"@type":"PropertyValueSpecification","valueRequired":true,"valueName":"search_term_string"}}],"inLanguage":"pt-BR"},{"@type":"Organization","@id":"https:\/\/www.notibras.com\/site\/#organization","name":"Grupo Notibras de Comunica\u00e7\u00e3o","url":"https:\/\/www.notibras.com\/site\/","logo":{"@type":"ImageObject","inLanguage":"pt-BR","@id":"https:\/\/www.notibras.com\/site\/#\/schema\/logo\/image\/","url":"https:\/\/www.notibras.com\/site\/wp-content\/uploads\/2023\/01\/notibras23.png","contentUrl":"https:\/\/www.notibras.com\/site\/wp-content\/uploads\/2023\/01\/notibras23.png","width":350,"height":87,"caption":"Grupo Notibras de Comunica\u00e7\u00e3o"},"image":{"@id":"https:\/\/www.notibras.com\/site\/#\/schema\/logo\/image\/"},"sameAs":["https:\/\/www.facebook.com\/notibras\/","https:\/\/x.com\/Notibras","https:\/\/www.instagram.com\/notibras\/"]},{"@type":"Person","@id":"https:\/\/www.notibras.com\/site\/#\/schema\/person\/36ab0979449956132d3e5b517ea76ac8","name":"Reda\u00e7\u00e3o","image":{"@type":"ImageObject","inLanguage":"pt-BR","@id":"https:\/\/secure.gravatar.com\/avatar\/e0a867bdedb85fd243eadf09663511f96fc81e0720a4a42581f334ad4303aa6b?s=96&d=mm&r=g","url":"https:\/\/secure.gravatar.com\/avatar\/e0a867bdedb85fd243eadf09663511f96fc81e0720a4a42581f334ad4303aa6b?s=96&d=mm&r=g","contentUrl":"https:\/\/secure.gravatar.com\/avatar\/e0a867bdedb85fd243eadf09663511f96fc81e0720a4a42581f334ad4303aa6b?s=96&d=mm&r=g","caption":"Reda\u00e7\u00e3o"}}]}},"amp_enabled":true,"_links":{"self":[{"href":"https:\/\/www.notibras.com\/site\/wp-json\/wp\/v2\/posts\/35547","targetHints":{"allow":["GET"]}}],"collection":[{"href":"https:\/\/www.notibras.com\/site\/wp-json\/wp\/v2\/posts"}],"about":[{"href":"https:\/\/www.notibras.com\/site\/wp-json\/wp\/v2\/types\/post"}],"author":[{"embeddable":true,"href":"https:\/\/www.notibras.com\/site\/wp-json\/wp\/v2\/users\/2"}],"replies":[{"embeddable":true,"href":"https:\/\/www.notibras.com\/site\/wp-json\/wp\/v2\/comments?post=35547"}],"version-history":[{"count":0,"href":"https:\/\/www.notibras.com\/site\/wp-json\/wp\/v2\/posts\/35547\/revisions"}],"wp:featuredmedia":[{"embeddable":true,"href":"https:\/\/www.notibras.com\/site\/wp-json\/wp\/v2\/media\/35548"}],"wp:attachment":[{"href":"https:\/\/www.notibras.com\/site\/wp-json\/wp\/v2\/media?parent=35547"}],"wp:term":[{"taxonomy":"category","embeddable":true,"href":"https:\/\/www.notibras.com\/site\/wp-json\/wp\/v2\/categories?post=35547"},{"taxonomy":"post_tag","embeddable":true,"href":"https:\/\/www.notibras.com\/site\/wp-json\/wp\/v2\/tags?post=35547"}],"curies":[{"name":"wp","href":"https:\/\/api.w.org\/{rel}","templated":true}]}}