{"id":355481,"date":"2025-06-08T06:30:13","date_gmt":"2025-06-08T09:30:13","guid":{"rendered":"https:\/\/www.notibras.com\/site\/?p=355481"},"modified":"2025-06-08T07:32:10","modified_gmt":"2025-06-08T10:32:10","slug":"a-importancia-do-trabalho-na-dura-vida-do-povo-nordestino","status":"publish","type":"post","link":"https:\/\/www.notibras.com\/site\/a-importancia-do-trabalho-na-dura-vida-do-povo-nordestino\/","title":{"rendered":"A import\u00e2ncia do trabalho na dura vida do povo nordestino"},"content":{"rendered":"<p>Acordar antes do sol nascer, encarar longas jornadas no campo, na pesca ou no com\u00e9rcio informal. Essa \u00e9 a rotina de milh\u00f5es de trabalhadores nordestinos que, com coragem e perseveran\u00e7a, sustentam suas fam\u00edlias e mant\u00eam viva a identidade de um povo marcado pela luta e pela f\u00e9.<\/p>\n<p>No sert\u00e3o, o solo seco e o calor escaldante n\u00e3o impedem o agricultor de plantar. Com m\u00e3os calejadas, ele cuida da terra como quem cuida de um filho. &#8220;A gente planta com esperan\u00e7a. Mesmo que a chuva demore, a gente n\u00e3o desiste&#8221;, afirma Seu Jo\u00e3o, agricultor de 62 anos, morador de Canudos, na Bahia.<\/p>\n<p>Nas capitais, o cen\u00e1rio muda, mas o esp\u00edrito \u00e9 o mesmo. Em Recife, a vendedora ambulante Maria Aparecida, de 38 anos, conta que o trabalho \u00e9 a \u00fanica forma de manter os tr\u00eas filhos na escola. &#8220;Eu acordo \u00e0s 4 da manh\u00e3 pra pegar o trem. Quando chego em casa \u00e0 noite, estou morta de cansada, mas com o cora\u00e7\u00e3o tranquilo porque estou fazendo o certo&#8221;, diz.<\/p>\n<p>De acordo com dados do IBGE, mais de 70% da popula\u00e7\u00e3o economicamente ativa do Nordeste trabalha de forma informal ou em atividades ligadas diretamente \u00e0 sobreviv\u00eancia, como agricultura familiar, pesca artesanal e pequenos neg\u00f3cios. Apesar da informalidade, o trabalho para o nordestino vai al\u00e9m do sustento \u2014 \u00e9 fonte de dignidade, resist\u00eancia e express\u00e3o cultural.<\/p>\n<p>A professora e soci\u00f3loga L\u00facia Menezes, da Universidade Federal do Cear\u00e1, destaca que o trabalho no Nordeste est\u00e1 profundamente ligado \u00e0 identidade cultural da regi\u00e3o. &#8220;O nordestino v\u00ea no trabalho n\u00e3o apenas um meio de renda, mas uma forma de se afirmar diante das dificuldades hist\u00f3ricas. \u00c9 um ato de resist\u00eancia cotidiana.&#8221;<\/p>\n<p>O trabalho tamb\u00e9m se manifesta na arte, na m\u00fasica e na literatura. A figura do trabalhador nordestino est\u00e1 presente nas can\u00e7\u00f5es de Luiz Gonzaga, nas poesias de Patativa do Assar\u00e9 e nas xilogravuras do cordel.<\/p>\n<p>Mesmo diante de desafios como a seca, a desigualdade social e a falta de pol\u00edticas p\u00fablicas eficazes, o nordestino continua trabalhando, criando, inovando \u2014 transformando cada peda\u00e7o de barro em arte, cada peda\u00e7o de ch\u00e3o em esperan\u00e7a.<\/p>\n<p>A import\u00e2ncia do trabalho na vida do nordestino vai al\u00e9m do sal\u00e1rio. \u00c9 o que alimenta a alma, constr\u00f3i a autoestima e mant\u00e9m viva uma cultura rica em coragem e poesia. Em cada trabalhador nordestino, h\u00e1 uma hist\u00f3ria de supera\u00e7\u00e3o \u2014 e uma li\u00e7\u00e3o de vida para o Brasil inteiro.<\/p>\n","protected":false},"excerpt":{"rendered":"<p>Acordar antes do sol nascer, encarar longas jornadas no campo, na pesca ou no com\u00e9rcio informal. Essa \u00e9 a rotina de milh\u00f5es de trabalhadores nordestinos que, com coragem e perseveran\u00e7a, sustentam suas fam\u00edlias e mant\u00eam viva a identidade de um povo marcado pela luta e pela f\u00e9. No sert\u00e3o, o solo seco e o calor [&hellip;]<\/p>\n","protected":false},"author":2,"featured_media":355482,"comment_status":"closed","ping_status":"closed","sticky":false,"template":"","format":"standard","meta":{"_acf_changed":false,"footnotes":""},"categories":[165],"tags":[],"class_list":["post-355481","post","type-post","status-publish","format-standard","has-post-thumbnail","hentry","category-nordeste"],"acf":[],"_links":{"self":[{"href":"https:\/\/www.notibras.com\/site\/wp-json\/wp\/v2\/posts\/355481","targetHints":{"allow":["GET"]}}],"collection":[{"href":"https:\/\/www.notibras.com\/site\/wp-json\/wp\/v2\/posts"}],"about":[{"href":"https:\/\/www.notibras.com\/site\/wp-json\/wp\/v2\/types\/post"}],"author":[{"embeddable":true,"href":"https:\/\/www.notibras.com\/site\/wp-json\/wp\/v2\/users\/2"}],"replies":[{"embeddable":true,"href":"https:\/\/www.notibras.com\/site\/wp-json\/wp\/v2\/comments?post=355481"}],"version-history":[{"count":1,"href":"https:\/\/www.notibras.com\/site\/wp-json\/wp\/v2\/posts\/355481\/revisions"}],"predecessor-version":[{"id":355483,"href":"https:\/\/www.notibras.com\/site\/wp-json\/wp\/v2\/posts\/355481\/revisions\/355483"}],"wp:featuredmedia":[{"embeddable":true,"href":"https:\/\/www.notibras.com\/site\/wp-json\/wp\/v2\/media\/355482"}],"wp:attachment":[{"href":"https:\/\/www.notibras.com\/site\/wp-json\/wp\/v2\/media?parent=355481"}],"wp:term":[{"taxonomy":"category","embeddable":true,"href":"https:\/\/www.notibras.com\/site\/wp-json\/wp\/v2\/categories?post=355481"},{"taxonomy":"post_tag","embeddable":true,"href":"https:\/\/www.notibras.com\/site\/wp-json\/wp\/v2\/tags?post=355481"}],"curies":[{"name":"wp","href":"https:\/\/api.w.org\/{rel}","templated":true}]}}