{"id":35551,"date":"2015-01-31T19:24:10","date_gmt":"2015-01-31T22:24:10","guid":{"rendered":"http:\/\/www.notibras.com\/site\/?p=35551"},"modified":"2015-01-31T20:29:18","modified_gmt":"2015-01-31T23:29:18","slug":"cigarro-faz-mal-mas-nem-avisou-quem-vai-pagar-a-conta-da-saude","status":"publish","type":"post","link":"https:\/\/www.notibras.com\/site\/cigarro-faz-mal-mas-nem-avisou-quem-vai-pagar-a-conta-da-saude\/","title":{"rendered":"Cigarro faz mal, e ningu\u00e9m avisou. E agora, quem vai assumir a conta da sa\u00fade?"},"content":{"rendered":"<p class=\"text\">Um pedido de vistas do processo adiou mais uma vez a decis\u00e3o da a\u00e7\u00e3o que pede indeniza\u00e7\u00e3o pelos danos sofridos por fumantes e ex-fumantes, movida pela Associa\u00e7\u00e3o de Defesa da Sa\u00fade dos Fumantes (Adesf), iniciada em 1995 e que est\u00e1 sendo julgada pela 7\u00aa C\u00e2mara de Direito Privado do Tribunal de Justi\u00e7a de S\u00e3o Paulo.<\/p>\n<p class=\"text\">O pedido de vistas foi feito pelo desembargador Miguel Brandi, alegando que ainda n\u00e3o teve tempo de analisar os 56 volumes dos autos. O relator e o revisor, j\u00e1 votaram contra o recurso da Adesf e pela absolvi\u00e7\u00e3o das fabricantes de cigarros, companhias Souza Cruz e Philip Morris, e assim, mesmo que o desembargador Brandi vote pela condena\u00e7\u00e3o, as empresas s\u00f3 ser\u00e3o obrigadas a indenizar os fumantes caso um dos outros dois magistrados mude de posi\u00e7\u00e3o.<\/p>\n<p class=\"text\">O relator, desembargador Nelson Calandra, argumentou que o tema j\u00e1 foi apreciado diversas vezes no tribunal, todas contra a repara\u00e7\u00e3o aos fumantes. \u201cOs danos do cigarro s\u00e3o causados pelo abuso no uso, n\u00e3o por fumar um cigarro ou dois\u201d, declarou o magistrado que disse ter sido fumante por 20 anos. Segundo ele, existem \u201ctodas as advert\u00eancias poss\u00edveis e imagin\u00e1veis\u201d sobre os males do tabagismo.<\/p>\n<blockquote>\n<p class=\"text\">Para o revisor, desembargador Luiz Antonio Costa, esse tipo de demanda n\u00e3o tem como ser acolhida pela legisla\u00e7\u00e3o em vigor. \u201cMuitos dos pleitos que batem no Poder Judici\u00e1rio est\u00e3o na porta errada. \u00c9 o Legislativo que seria o destinat\u00e1rio leg\u00edtimo\u201d, disse, ao justificar seu voto.<\/p>\n<\/blockquote>\n<p class=\"text\">A presidente\u00a0da Alian\u00e7a de Controle do Tabagismo, Paula Johns, criticou a decis\u00e3o dos magistrados. Na opini\u00e3o dela, os ju\u00edzes evitaram discutir o m\u00e9rito da quest\u00e3o, de que o cigarro vicia e usou por muito tempo propaganda abusiva e enganosa, escondendo os malef\u00edcios do produto. \u201cO Judici\u00e1rio n\u00e3o pode se isentar de discutir m\u00e9rito e se esconder atr\u00e1s do processo. Eles n\u00e3o apresentaram uma \u00fanica prova de que cigarro n\u00e3o causa depend\u00eancia. Eles n\u00e3o apresentaram uma \u00fanica prova de que a publicidade n\u00e3o \u00e9 enganosa\u201d, reclamou.<\/p>\n<p class=\"text\">A aposentada Maria Aparecida da Silva, que move uma a\u00e7\u00e3o individual contra a ind\u00fastria, acredita que a ind\u00fastria do tabaco ainda ser\u00e1 punida pelos danos causados aos consumidores. \u201cAcredito que a situa\u00e7\u00e3o n\u00e3o vai ficar assim\u201d, afirmou. Aparecida, hoje com 59 anos, perdeu as duas pernas aos 40 anos por uma doen\u00e7a causada pelo tabagismo. \u201cAntes, n\u00f3s n\u00e3o t\u00ednhamos informa\u00e7\u00e3o. Come\u00e7amos a fumar crian\u00e7as, achando bonito. Fumando escondido. Se n\u00f3s tiv\u00e9ssemos essas informa\u00e7\u00f5es, n\u00f3s n\u00e3o ser\u00edamos fumantes\u201d, disse.<\/p>\n","protected":false},"excerpt":{"rendered":"<p>Um pedido de vistas do processo adiou mais uma vez a decis\u00e3o da a\u00e7\u00e3o que pede indeniza\u00e7\u00e3o pelos danos sofridos por fumantes e ex-fumantes, movida pela Associa\u00e7\u00e3o de Defesa da Sa\u00fade dos Fumantes (Adesf), iniciada em 1995 e que est\u00e1 sendo julgada pela 7\u00aa C\u00e2mara de Direito Privado do Tribunal de Justi\u00e7a de S\u00e3o Paulo. [&hellip;]<\/p>\n","protected":false},"author":2,"featured_media":35552,"comment_status":"open","ping_status":"closed","sticky":false,"template":"","format":"standard","meta":{"_acf_changed":false,"footnotes":""},"categories":[16],"tags":[],"class_list":["post-35551","post","type-post","status-publish","format-standard","has-post-thumbnail","hentry","category-brasil"],"acf":[],"yoast_head":"<!-- This site is optimized with the Yoast SEO plugin v27.2 - https:\/\/yoast.com\/product\/yoast-seo-wordpress\/ -->\n<title>Cigarro faz mal, e ningu\u00e9m avisou. E agora, quem vai assumir a conta da sa\u00fade? - Notibras<\/title>\n<meta name=\"robots\" content=\"index, follow, max-snippet:-1, max-image-preview:large, max-video-preview:-1\" \/>\n<link rel=\"canonical\" href=\"https:\/\/www.notibras.com\/site\/cigarro-faz-mal-mas-nem-avisou-quem-vai-pagar-a-conta-da-saude\/\" \/>\n<meta property=\"og:locale\" content=\"pt_BR\" \/>\n<meta property=\"og:type\" content=\"article\" \/>\n<meta property=\"og:title\" content=\"Cigarro faz mal, e ningu\u00e9m avisou. E agora, quem vai assumir a conta da sa\u00fade? - Notibras\" \/>\n<meta property=\"og:description\" content=\"Um pedido de vistas do processo adiou mais uma vez a decis\u00e3o da a\u00e7\u00e3o que pede indeniza\u00e7\u00e3o pelos danos sofridos por fumantes e ex-fumantes, movida pela Associa\u00e7\u00e3o de Defesa da Sa\u00fade dos Fumantes (Adesf), iniciada em 1995 e que est\u00e1 sendo julgada pela 7\u00aa C\u00e2mara de Direito Privado do Tribunal de Justi\u00e7a de S\u00e3o Paulo. [&hellip;]\" \/>\n<meta property=\"og:url\" content=\"https:\/\/www.notibras.com\/site\/cigarro-faz-mal-mas-nem-avisou-quem-vai-pagar-a-conta-da-saude\/\" \/>\n<meta property=\"og:site_name\" content=\"Notibras\" \/>\n<meta property=\"article:publisher\" content=\"https:\/\/www.facebook.com\/notibras\/\" \/>\n<meta property=\"article:published_time\" content=\"2015-01-31T22:24:10+00:00\" \/>\n<meta property=\"article:modified_time\" content=\"2015-01-31T23:29:18+00:00\" \/>\n<meta property=\"og:image\" content=\"https:\/\/www.notibras.com\/site\/wp-content\/uploads\/2015\/01\/bbc150102080619.jpg\" \/>\n\t<meta property=\"og:image:width\" content=\"460\" \/>\n\t<meta property=\"og:image:height\" content=\"259\" \/>\n\t<meta property=\"og:image:type\" content=\"image\/jpeg\" \/>\n<meta name=\"author\" content=\"Reda\u00e7\u00e3o\" \/>\n<meta name=\"twitter:card\" content=\"summary_large_image\" \/>\n<meta name=\"twitter:creator\" content=\"@Notibras\" \/>\n<meta name=\"twitter:site\" content=\"@Notibras\" \/>\n<meta name=\"twitter:label1\" content=\"Escrito por\" \/>\n\t<meta name=\"twitter:data1\" content=\"Reda\u00e7\u00e3o\" \/>\n\t<meta name=\"twitter:label2\" content=\"Est. tempo de leitura\" \/>\n\t<meta name=\"twitter:data2\" content=\"2 minutos\" \/>\n<script type=\"application\/ld+json\" class=\"yoast-schema-graph\">{\"@context\":\"https:\/\/schema.org\",\"@graph\":[{\"@type\":\"Article\",\"@id\":\"https:\/\/www.notibras.com\/site\/cigarro-faz-mal-mas-nem-avisou-quem-vai-pagar-a-conta-da-saude\/#article\",\"isPartOf\":{\"@id\":\"https:\/\/www.notibras.com\/site\/cigarro-faz-mal-mas-nem-avisou-quem-vai-pagar-a-conta-da-saude\/\"},\"author\":{\"name\":\"Reda\u00e7\u00e3o\",\"@id\":\"https:\/\/www.notibras.com\/site\/#\/schema\/person\/36ab0979449956132d3e5b517ea76ac8\"},\"headline\":\"Cigarro faz mal, e ningu\u00e9m avisou. E agora, quem vai assumir a conta da sa\u00fade?\",\"datePublished\":\"2015-01-31T22:24:10+00:00\",\"dateModified\":\"2015-01-31T23:29:18+00:00\",\"mainEntityOfPage\":{\"@id\":\"https:\/\/www.notibras.com\/site\/cigarro-faz-mal-mas-nem-avisou-quem-vai-pagar-a-conta-da-saude\/\"},\"wordCount\":472,\"commentCount\":0,\"publisher\":{\"@id\":\"https:\/\/www.notibras.com\/site\/#organization\"},\"image\":{\"@id\":\"https:\/\/www.notibras.com\/site\/cigarro-faz-mal-mas-nem-avisou-quem-vai-pagar-a-conta-da-saude\/#primaryimage\"},\"thumbnailUrl\":\"https:\/\/www.notibras.com\/site\/wp-content\/uploads\/2015\/01\/bbc150102080619.jpg\",\"articleSection\":[\"Brasil\"],\"inLanguage\":\"pt-BR\",\"potentialAction\":[{\"@type\":\"CommentAction\",\"name\":\"Comment\",\"target\":[\"https:\/\/www.notibras.com\/site\/cigarro-faz-mal-mas-nem-avisou-quem-vai-pagar-a-conta-da-saude\/#respond\"]}]},{\"@type\":\"WebPage\",\"@id\":\"https:\/\/www.notibras.com\/site\/cigarro-faz-mal-mas-nem-avisou-quem-vai-pagar-a-conta-da-saude\/\",\"url\":\"https:\/\/www.notibras.com\/site\/cigarro-faz-mal-mas-nem-avisou-quem-vai-pagar-a-conta-da-saude\/\",\"name\":\"Cigarro faz mal, e ningu\u00e9m avisou. E agora, quem vai assumir a conta da sa\u00fade? - Notibras\",\"isPartOf\":{\"@id\":\"https:\/\/www.notibras.com\/site\/#website\"},\"primaryImageOfPage\":{\"@id\":\"https:\/\/www.notibras.com\/site\/cigarro-faz-mal-mas-nem-avisou-quem-vai-pagar-a-conta-da-saude\/#primaryimage\"},\"image\":{\"@id\":\"https:\/\/www.notibras.com\/site\/cigarro-faz-mal-mas-nem-avisou-quem-vai-pagar-a-conta-da-saude\/#primaryimage\"},\"thumbnailUrl\":\"https:\/\/www.notibras.com\/site\/wp-content\/uploads\/2015\/01\/bbc150102080619.jpg\",\"datePublished\":\"2015-01-31T22:24:10+00:00\",\"dateModified\":\"2015-01-31T23:29:18+00:00\",\"breadcrumb\":{\"@id\":\"https:\/\/www.notibras.com\/site\/cigarro-faz-mal-mas-nem-avisou-quem-vai-pagar-a-conta-da-saude\/#breadcrumb\"},\"inLanguage\":\"pt-BR\",\"potentialAction\":[{\"@type\":\"ReadAction\",\"target\":[\"https:\/\/www.notibras.com\/site\/cigarro-faz-mal-mas-nem-avisou-quem-vai-pagar-a-conta-da-saude\/\"]}]},{\"@type\":\"ImageObject\",\"inLanguage\":\"pt-BR\",\"@id\":\"https:\/\/www.notibras.com\/site\/cigarro-faz-mal-mas-nem-avisou-quem-vai-pagar-a-conta-da-saude\/#primaryimage\",\"url\":\"https:\/\/www.notibras.com\/site\/wp-content\/uploads\/2015\/01\/bbc150102080619.jpg\",\"contentUrl\":\"https:\/\/www.notibras.com\/site\/wp-content\/uploads\/2015\/01\/bbc150102080619.jpg\",\"width\":460,\"height\":259},{\"@type\":\"BreadcrumbList\",\"@id\":\"https:\/\/www.notibras.com\/site\/cigarro-faz-mal-mas-nem-avisou-quem-vai-pagar-a-conta-da-saude\/#breadcrumb\",\"itemListElement\":[{\"@type\":\"ListItem\",\"position\":1,\"name\":\"In\u00edcio\",\"item\":\"https:\/\/www.notibras.com\/site\/\"},{\"@type\":\"ListItem\",\"position\":2,\"name\":\"Cigarro faz mal, e ningu\u00e9m avisou. E agora, quem vai assumir a conta da sa\u00fade?\"}]},{\"@type\":\"WebSite\",\"@id\":\"https:\/\/www.notibras.com\/site\/#website\",\"url\":\"https:\/\/www.notibras.com\/site\/\",\"name\":\"Notibras\",\"description\":\"Not\u00edcias de Bras\u00edlia, do Brasil e do Mundo\",\"publisher\":{\"@id\":\"https:\/\/www.notibras.com\/site\/#organization\"},\"potentialAction\":[{\"@type\":\"SearchAction\",\"target\":{\"@type\":\"EntryPoint\",\"urlTemplate\":\"https:\/\/www.notibras.com\/site\/?s={search_term_string}\"},\"query-input\":{\"@type\":\"PropertyValueSpecification\",\"valueRequired\":true,\"valueName\":\"search_term_string\"}}],\"inLanguage\":\"pt-BR\"},{\"@type\":\"Organization\",\"@id\":\"https:\/\/www.notibras.com\/site\/#organization\",\"name\":\"Grupo Notibras de Comunica\u00e7\u00e3o\",\"url\":\"https:\/\/www.notibras.com\/site\/\",\"logo\":{\"@type\":\"ImageObject\",\"inLanguage\":\"pt-BR\",\"@id\":\"https:\/\/www.notibras.com\/site\/#\/schema\/logo\/image\/\",\"url\":\"https:\/\/www.notibras.com\/site\/wp-content\/uploads\/2023\/01\/notibras23.png\",\"contentUrl\":\"https:\/\/www.notibras.com\/site\/wp-content\/uploads\/2023\/01\/notibras23.png\",\"width\":350,\"height\":87,\"caption\":\"Grupo Notibras de Comunica\u00e7\u00e3o\"},\"image\":{\"@id\":\"https:\/\/www.notibras.com\/site\/#\/schema\/logo\/image\/\"},\"sameAs\":[\"https:\/\/www.facebook.com\/notibras\/\",\"https:\/\/x.com\/Notibras\",\"https:\/\/www.instagram.com\/notibras\/\"]},{\"@type\":\"Person\",\"@id\":\"https:\/\/www.notibras.com\/site\/#\/schema\/person\/36ab0979449956132d3e5b517ea76ac8\",\"name\":\"Reda\u00e7\u00e3o\",\"image\":{\"@type\":\"ImageObject\",\"inLanguage\":\"pt-BR\",\"@id\":\"https:\/\/secure.gravatar.com\/avatar\/e0a867bdedb85fd243eadf09663511f96fc81e0720a4a42581f334ad4303aa6b?s=96&d=mm&r=g\",\"url\":\"https:\/\/secure.gravatar.com\/avatar\/e0a867bdedb85fd243eadf09663511f96fc81e0720a4a42581f334ad4303aa6b?s=96&d=mm&r=g\",\"contentUrl\":\"https:\/\/secure.gravatar.com\/avatar\/e0a867bdedb85fd243eadf09663511f96fc81e0720a4a42581f334ad4303aa6b?s=96&d=mm&r=g\",\"caption\":\"Reda\u00e7\u00e3o\"}}]}<\/script>\n<!-- \/ Yoast SEO plugin. -->","yoast_head_json":{"title":"Cigarro faz mal, e ningu\u00e9m avisou. E agora, quem vai assumir a conta da sa\u00fade? - Notibras","robots":{"index":"index","follow":"follow","max-snippet":"max-snippet:-1","max-image-preview":"max-image-preview:large","max-video-preview":"max-video-preview:-1"},"canonical":"https:\/\/www.notibras.com\/site\/cigarro-faz-mal-mas-nem-avisou-quem-vai-pagar-a-conta-da-saude\/","og_locale":"pt_BR","og_type":"article","og_title":"Cigarro faz mal, e ningu\u00e9m avisou. E agora, quem vai assumir a conta da sa\u00fade? - Notibras","og_description":"Um pedido de vistas do processo adiou mais uma vez a decis\u00e3o da a\u00e7\u00e3o que pede indeniza\u00e7\u00e3o pelos danos sofridos por fumantes e ex-fumantes, movida pela Associa\u00e7\u00e3o de Defesa da Sa\u00fade dos Fumantes (Adesf), iniciada em 1995 e que est\u00e1 sendo julgada pela 7\u00aa C\u00e2mara de Direito Privado do Tribunal de Justi\u00e7a de S\u00e3o Paulo. [&hellip;]","og_url":"https:\/\/www.notibras.com\/site\/cigarro-faz-mal-mas-nem-avisou-quem-vai-pagar-a-conta-da-saude\/","og_site_name":"Notibras","article_publisher":"https:\/\/www.facebook.com\/notibras\/","article_published_time":"2015-01-31T22:24:10+00:00","article_modified_time":"2015-01-31T23:29:18+00:00","og_image":[{"width":460,"height":259,"url":"https:\/\/www.notibras.com\/site\/wp-content\/uploads\/2015\/01\/bbc150102080619.jpg","type":"image\/jpeg"}],"author":"Reda\u00e7\u00e3o","twitter_card":"summary_large_image","twitter_creator":"@Notibras","twitter_site":"@Notibras","twitter_misc":{"Escrito por":"Reda\u00e7\u00e3o","Est. tempo de leitura":"2 minutos"},"schema":{"@context":"https:\/\/schema.org","@graph":[{"@type":"Article","@id":"https:\/\/www.notibras.com\/site\/cigarro-faz-mal-mas-nem-avisou-quem-vai-pagar-a-conta-da-saude\/#article","isPartOf":{"@id":"https:\/\/www.notibras.com\/site\/cigarro-faz-mal-mas-nem-avisou-quem-vai-pagar-a-conta-da-saude\/"},"author":{"name":"Reda\u00e7\u00e3o","@id":"https:\/\/www.notibras.com\/site\/#\/schema\/person\/36ab0979449956132d3e5b517ea76ac8"},"headline":"Cigarro faz mal, e ningu\u00e9m avisou. E agora, quem vai assumir a conta da sa\u00fade?","datePublished":"2015-01-31T22:24:10+00:00","dateModified":"2015-01-31T23:29:18+00:00","mainEntityOfPage":{"@id":"https:\/\/www.notibras.com\/site\/cigarro-faz-mal-mas-nem-avisou-quem-vai-pagar-a-conta-da-saude\/"},"wordCount":472,"commentCount":0,"publisher":{"@id":"https:\/\/www.notibras.com\/site\/#organization"},"image":{"@id":"https:\/\/www.notibras.com\/site\/cigarro-faz-mal-mas-nem-avisou-quem-vai-pagar-a-conta-da-saude\/#primaryimage"},"thumbnailUrl":"https:\/\/www.notibras.com\/site\/wp-content\/uploads\/2015\/01\/bbc150102080619.jpg","articleSection":["Brasil"],"inLanguage":"pt-BR","potentialAction":[{"@type":"CommentAction","name":"Comment","target":["https:\/\/www.notibras.com\/site\/cigarro-faz-mal-mas-nem-avisou-quem-vai-pagar-a-conta-da-saude\/#respond"]}]},{"@type":"WebPage","@id":"https:\/\/www.notibras.com\/site\/cigarro-faz-mal-mas-nem-avisou-quem-vai-pagar-a-conta-da-saude\/","url":"https:\/\/www.notibras.com\/site\/cigarro-faz-mal-mas-nem-avisou-quem-vai-pagar-a-conta-da-saude\/","name":"Cigarro faz mal, e ningu\u00e9m avisou. E agora, quem vai assumir a conta da sa\u00fade? - Notibras","isPartOf":{"@id":"https:\/\/www.notibras.com\/site\/#website"},"primaryImageOfPage":{"@id":"https:\/\/www.notibras.com\/site\/cigarro-faz-mal-mas-nem-avisou-quem-vai-pagar-a-conta-da-saude\/#primaryimage"},"image":{"@id":"https:\/\/www.notibras.com\/site\/cigarro-faz-mal-mas-nem-avisou-quem-vai-pagar-a-conta-da-saude\/#primaryimage"},"thumbnailUrl":"https:\/\/www.notibras.com\/site\/wp-content\/uploads\/2015\/01\/bbc150102080619.jpg","datePublished":"2015-01-31T22:24:10+00:00","dateModified":"2015-01-31T23:29:18+00:00","breadcrumb":{"@id":"https:\/\/www.notibras.com\/site\/cigarro-faz-mal-mas-nem-avisou-quem-vai-pagar-a-conta-da-saude\/#breadcrumb"},"inLanguage":"pt-BR","potentialAction":[{"@type":"ReadAction","target":["https:\/\/www.notibras.com\/site\/cigarro-faz-mal-mas-nem-avisou-quem-vai-pagar-a-conta-da-saude\/"]}]},{"@type":"ImageObject","inLanguage":"pt-BR","@id":"https:\/\/www.notibras.com\/site\/cigarro-faz-mal-mas-nem-avisou-quem-vai-pagar-a-conta-da-saude\/#primaryimage","url":"https:\/\/www.notibras.com\/site\/wp-content\/uploads\/2015\/01\/bbc150102080619.jpg","contentUrl":"https:\/\/www.notibras.com\/site\/wp-content\/uploads\/2015\/01\/bbc150102080619.jpg","width":460,"height":259},{"@type":"BreadcrumbList","@id":"https:\/\/www.notibras.com\/site\/cigarro-faz-mal-mas-nem-avisou-quem-vai-pagar-a-conta-da-saude\/#breadcrumb","itemListElement":[{"@type":"ListItem","position":1,"name":"In\u00edcio","item":"https:\/\/www.notibras.com\/site\/"},{"@type":"ListItem","position":2,"name":"Cigarro faz mal, e ningu\u00e9m avisou. E agora, quem vai assumir a conta da sa\u00fade?"}]},{"@type":"WebSite","@id":"https:\/\/www.notibras.com\/site\/#website","url":"https:\/\/www.notibras.com\/site\/","name":"Notibras","description":"Not\u00edcias de Bras\u00edlia, do Brasil e do Mundo","publisher":{"@id":"https:\/\/www.notibras.com\/site\/#organization"},"potentialAction":[{"@type":"SearchAction","target":{"@type":"EntryPoint","urlTemplate":"https:\/\/www.notibras.com\/site\/?s={search_term_string}"},"query-input":{"@type":"PropertyValueSpecification","valueRequired":true,"valueName":"search_term_string"}}],"inLanguage":"pt-BR"},{"@type":"Organization","@id":"https:\/\/www.notibras.com\/site\/#organization","name":"Grupo Notibras de Comunica\u00e7\u00e3o","url":"https:\/\/www.notibras.com\/site\/","logo":{"@type":"ImageObject","inLanguage":"pt-BR","@id":"https:\/\/www.notibras.com\/site\/#\/schema\/logo\/image\/","url":"https:\/\/www.notibras.com\/site\/wp-content\/uploads\/2023\/01\/notibras23.png","contentUrl":"https:\/\/www.notibras.com\/site\/wp-content\/uploads\/2023\/01\/notibras23.png","width":350,"height":87,"caption":"Grupo Notibras de Comunica\u00e7\u00e3o"},"image":{"@id":"https:\/\/www.notibras.com\/site\/#\/schema\/logo\/image\/"},"sameAs":["https:\/\/www.facebook.com\/notibras\/","https:\/\/x.com\/Notibras","https:\/\/www.instagram.com\/notibras\/"]},{"@type":"Person","@id":"https:\/\/www.notibras.com\/site\/#\/schema\/person\/36ab0979449956132d3e5b517ea76ac8","name":"Reda\u00e7\u00e3o","image":{"@type":"ImageObject","inLanguage":"pt-BR","@id":"https:\/\/secure.gravatar.com\/avatar\/e0a867bdedb85fd243eadf09663511f96fc81e0720a4a42581f334ad4303aa6b?s=96&d=mm&r=g","url":"https:\/\/secure.gravatar.com\/avatar\/e0a867bdedb85fd243eadf09663511f96fc81e0720a4a42581f334ad4303aa6b?s=96&d=mm&r=g","contentUrl":"https:\/\/secure.gravatar.com\/avatar\/e0a867bdedb85fd243eadf09663511f96fc81e0720a4a42581f334ad4303aa6b?s=96&d=mm&r=g","caption":"Reda\u00e7\u00e3o"}}]}},"amp_enabled":true,"_links":{"self":[{"href":"https:\/\/www.notibras.com\/site\/wp-json\/wp\/v2\/posts\/35551","targetHints":{"allow":["GET"]}}],"collection":[{"href":"https:\/\/www.notibras.com\/site\/wp-json\/wp\/v2\/posts"}],"about":[{"href":"https:\/\/www.notibras.com\/site\/wp-json\/wp\/v2\/types\/post"}],"author":[{"embeddable":true,"href":"https:\/\/www.notibras.com\/site\/wp-json\/wp\/v2\/users\/2"}],"replies":[{"embeddable":true,"href":"https:\/\/www.notibras.com\/site\/wp-json\/wp\/v2\/comments?post=35551"}],"version-history":[{"count":0,"href":"https:\/\/www.notibras.com\/site\/wp-json\/wp\/v2\/posts\/35551\/revisions"}],"wp:featuredmedia":[{"embeddable":true,"href":"https:\/\/www.notibras.com\/site\/wp-json\/wp\/v2\/media\/35552"}],"wp:attachment":[{"href":"https:\/\/www.notibras.com\/site\/wp-json\/wp\/v2\/media?parent=35551"}],"wp:term":[{"taxonomy":"category","embeddable":true,"href":"https:\/\/www.notibras.com\/site\/wp-json\/wp\/v2\/categories?post=35551"},{"taxonomy":"post_tag","embeddable":true,"href":"https:\/\/www.notibras.com\/site\/wp-json\/wp\/v2\/tags?post=35551"}],"curies":[{"name":"wp","href":"https:\/\/api.w.org\/{rel}","templated":true}]}}