{"id":355510,"date":"2025-06-09T02:56:38","date_gmt":"2025-06-09T05:56:38","guid":{"rendered":"https:\/\/www.notibras.com\/site\/?p=355510"},"modified":"2025-06-08T21:57:45","modified_gmt":"2025-06-09T00:57:45","slug":"idosos-do-nordeste-vivem-com-o-peso-do-esquecimento","status":"publish","type":"post","link":"https:\/\/www.notibras.com\/site\/idosos-do-nordeste-vivem-com-o-peso-do-esquecimento\/","title":{"rendered":"Idosos do Nordeste vivem com o peso do esquecimento"},"content":{"rendered":"<p>Na cal\u00e7ada quente de uma cidadezinha do sert\u00e3o nordestino, dona Luzia, de 78 anos, senta-se toda tarde com seu banquinho de madeira, o mesmo que seu finado marido fez h\u00e1 mais de 30 anos. O tempo passou, o banco range, mas ela continua ali, olhando o movimento da rua, como se esperasse algo \u2014 ou algu\u00e9m \u2014 que n\u00e3o vem mais.<\/p>\n<p>No Nordeste, terra de sol escaldante, festas de S\u00e3o Jo\u00e3o, f\u00e9 inabal\u00e1vel e resist\u00eancia, tamb\u00e9m se escondem sombras dif\u00edceis de encarar. Uma delas \u00e9 a viol\u00eancia contra a pessoa idosa \u2014 silenciosa, persistente e, muitas vezes, cometida por quem deveria proteger.<\/p>\n<p>Dona Luzia, por exemplo, n\u00e3o apanha. Mas \u00e9 ignorada. Seus filhos vivem na cidade grande, dizem estar \u201csem tempo\u201d. Mandam o \u201cpix\u201d no fim do m\u00eas e acham que isso resolve tudo. O carinho, a escuta, a companhia, esses n\u00e3o t\u00eam c\u00f3digo de barras. E o abandono tamb\u00e9m \u00e9 uma forma de viol\u00eancia.<\/p>\n<p>Em muitas casas nordestinas, o respeito aos mais velhos ainda \u00e9 tradi\u00e7\u00e3o. Mas h\u00e1 exce\u00e7\u00f5es dolorosas: idosos trancados, mal alimentados, privados da pr\u00f3pria aposentadoria por parentes que se dizem \u201ccuidadores\u201d. N\u00e3o se trata apenas de um drama familiar \u2014 \u00e9 uma viola\u00e7\u00e3o de direitos humanos.<\/p>\n<p>Ser idoso no Nordeste \u00e9, muitas vezes, ter uma hist\u00f3ria rica, mas viver como se fosse um fardo. E isso diz mais sobre a sociedade do que sobre quem envelhece. \u00c9 preciso enxergar que cada ruga carrega uma mem\u00f3ria, uma luta, uma resist\u00eancia \u2014 e que proteger o idoso \u00e9 proteger a dignidade da vida.<\/p>\n<p>As campanhas s\u00e3o importantes, sim. Mas nada substitui o afeto, a escuta, a presen\u00e7a. A viol\u00eancia contra o idoso n\u00e3o acontece s\u00f3 com gritos e empurr\u00f5es. \u00c0s vezes, \u00e9 o sil\u00eancio que mais machuca.<\/p>\n<p>Enquanto o sol se p\u00f5e no sert\u00e3o, dona Luzia ainda est\u00e1 sentada na cal\u00e7ada. O banco continua firme. Ela tamb\u00e9m. Mas at\u00e9 quando?<\/p>\n","protected":false},"excerpt":{"rendered":"<p>Na cal\u00e7ada quente de uma cidadezinha do sert\u00e3o nordestino, dona Luzia, de 78 anos, senta-se toda tarde com seu banquinho de madeira, o mesmo que seu finado marido fez h\u00e1 mais de 30 anos. O tempo passou, o banco range, mas ela continua ali, olhando o movimento da rua, como se esperasse algo \u2014 ou [&hellip;]<\/p>\n","protected":false},"author":2,"featured_media":355511,"comment_status":"closed","ping_status":"closed","sticky":false,"template":"","format":"standard","meta":{"_acf_changed":false,"footnotes":""},"categories":[165],"tags":[],"class_list":["post-355510","post","type-post","status-publish","format-standard","has-post-thumbnail","hentry","category-nordeste"],"acf":[],"_links":{"self":[{"href":"https:\/\/www.notibras.com\/site\/wp-json\/wp\/v2\/posts\/355510","targetHints":{"allow":["GET"]}}],"collection":[{"href":"https:\/\/www.notibras.com\/site\/wp-json\/wp\/v2\/posts"}],"about":[{"href":"https:\/\/www.notibras.com\/site\/wp-json\/wp\/v2\/types\/post"}],"author":[{"embeddable":true,"href":"https:\/\/www.notibras.com\/site\/wp-json\/wp\/v2\/users\/2"}],"replies":[{"embeddable":true,"href":"https:\/\/www.notibras.com\/site\/wp-json\/wp\/v2\/comments?post=355510"}],"version-history":[{"count":1,"href":"https:\/\/www.notibras.com\/site\/wp-json\/wp\/v2\/posts\/355510\/revisions"}],"predecessor-version":[{"id":355512,"href":"https:\/\/www.notibras.com\/site\/wp-json\/wp\/v2\/posts\/355510\/revisions\/355512"}],"wp:featuredmedia":[{"embeddable":true,"href":"https:\/\/www.notibras.com\/site\/wp-json\/wp\/v2\/media\/355511"}],"wp:attachment":[{"href":"https:\/\/www.notibras.com\/site\/wp-json\/wp\/v2\/media?parent=355510"}],"wp:term":[{"taxonomy":"category","embeddable":true,"href":"https:\/\/www.notibras.com\/site\/wp-json\/wp\/v2\/categories?post=355510"},{"taxonomy":"post_tag","embeddable":true,"href":"https:\/\/www.notibras.com\/site\/wp-json\/wp\/v2\/tags?post=355510"}],"curies":[{"name":"wp","href":"https:\/\/api.w.org\/{rel}","templated":true}]}}