{"id":355546,"date":"2025-06-09T00:00:24","date_gmt":"2025-06-09T03:00:24","guid":{"rendered":"https:\/\/www.notibras.com\/site\/?p=355546"},"modified":"2025-06-09T08:00:07","modified_gmt":"2025-06-09T11:00:07","slug":"fieis-lotam-taguaparque-para-acompanhar-missa-de-pentecostes","status":"publish","type":"post","link":"https:\/\/www.notibras.com\/site\/fieis-lotam-taguaparque-para-acompanhar-missa-de-pentecostes\/","title":{"rendered":"Fi\u00e9is lotam Taguaparque para acompanhar missa de Pentecostes"},"content":{"rendered":"<p>Uma multid\u00e3o lotou o Taguaparque, em Taguatinga, neste domingo (8), para acompanhar a missa que encerrou a celebra\u00e7\u00e3o de Pentecostes. A programa\u00e7\u00e3o come\u00e7ou no \u00faltimo dia 1\u00ba, no Centro de Evangeliza\u00e7\u00e3o Renascidos em Pentecostes, na Ceil\u00e2ndia. No Taguaparque, a festa de f\u00e9 durou tr\u00eas dias \u2013 de sexta (6) at\u00e9 este domingo. A previs\u00e3o era de que 1,3 milh\u00e3o de pessoas acompanhassem os eventos ao longo de toda a semana.<\/p>\n<p>O governador Ibaneis Rocha esteve presente na missa que encerrou a programa\u00e7\u00e3o. \u201cEssa celebra\u00e7\u00e3o de Pentecostes j\u00e1 se tornou uma festa tradicional aqui do Distrito Federal, re\u00fane grande parte da popula\u00e7\u00e3o. O padre Moacir [Anast\u00e1cio, fundador da Comunidade Renascidos em Pentecostes, respons\u00e1vel pelo evento] tem se esfor\u00e7ado muito e tem encontrado apoio de todos n\u00f3s para que a festa seja realizada com maior sucesso. E est\u00e1 a\u00ed a prova, j\u00e1 s\u00e3o tr\u00eas dias de comemora\u00e7\u00e3o, de louvor ao Divino Esp\u00edrito Santo, e hoje temos mais um dia de festa, de celebra\u00e7\u00e3o, fechando esse domingo com muita alegria\u201d, apontou.<\/p>\n<p>No s\u00e1bado, o chefe do Executivo participou da 143\u00aa edi\u00e7\u00e3o da Festa do Divino Esp\u00edrito Santo, em Planaltina. A festividade, que tamb\u00e9m celebra Pentecostes, \u00e9 a segunda maior da regi\u00e3o administrativa, atr\u00e1s apenas da Via Sacra do Morro da Capelinha, e foi institu\u00edda patrim\u00f4nio cultural imaterial por meio do Decreto n\u00ba 34.370\/2013.<\/p>\n<p><strong>Tradi\u00e7\u00e3o<\/strong><br \/>\nEste ano, a Semana de Pentecostes no Centro de Evangeliza\u00e7\u00e3o Renascidos em Pentecostes completou 26 anos de celebra\u00e7\u00e3o e 25 anos da promessa, de acordo com os ritos, revelada ao padre Moacir por meio das velas de Pentecostes.<\/p>\n<p>No Taguaparque, o p\u00fablico acompanhou a missa com f\u00e9 e emo\u00e7\u00e3o. \u201cVenho todos os anos. Aqui neste mesmo lugar [onde estava com a cadeira e o guarda-sol] tem dez anos. E \u00e9 s\u00f3 gratid\u00e3o. Tenho nem palavras para dizer\u201d, definiu a dona de casa Maria Mota, 62 anos, que veio de S\u00e3o Sebasti\u00e3o para a celebra\u00e7\u00e3o.<\/p>\n<p>\u201cEu me emociono muito toda vez que eu venho ao Pentecostes, porque saio com a alma lavada. Todas as b\u00ean\u00e7\u00e3os que eu tenho pedido eu recebo. Ent\u00e3o, eu venho. \u00c9 dificuldade? \u00c9. Venho pegando \u00f4nibus, com cadeira, com sacola, com chuva, mas eu venho. N\u00e3o tenho com quem vir? Venho com Nossa Senhora. E eu amo estar aqui. Enquanto eu tiver vida, eu vou vir para Pentecostes\u201d, emendou a vendedora Cl\u00e1udia Maria Brito, 61, moradora de Samambaia.<\/p>\n<p>J\u00e1 o comerciante F\u00e1bio Medina, 37, foi ao evento acompanhado da filha, Jenyffer Kelly Gomes, da mulher, Leandra Gomes, e da cunhada, Edriana Gomes. \u201cTem uns cinco anos que eu frequento, conheci atrav\u00e9s de uma amiga, comecei a vir e fui seguindo. A gente vem mais pela f\u00e9, mas pela festa tamb\u00e9m, que \u00e9 linda. \u00c9 um momento de muita emo\u00e7\u00e3o e de agradecimento\u201d, contou ele, que mora pr\u00f3ximo ao Taguaparque.<\/p>\n<p>\u201c\u00c9 o primeiro ano que venho os tr\u00eas dias e est\u00e1 sendo incr\u00edvel. Eu sempre gostei muito de vir para as missas, a\u00ed \u00e9 o primeiro ano que eu entendo mais. A gente s\u00f3 veio todo mundo por conta dele mesmo. Ele que tem animado a gente. Mas com certeza vou vir nos pr\u00f3ximos anos. J\u00e1 at\u00e9 me inscrevi para o grupo jovem\u201d, completou Jenyffer, 17.<\/p>\n<p>Realizada 50 dias ap\u00f3s a P\u00e1scoa, a Semana de Pentecostes comemora a descida do Esp\u00edrito Santo sobre os ap\u00f3stolos e seguidores de Jesus Cristo. Um dos maiores eventos religiosos do Distrito Federal h\u00e1 26 anos, a festa recebe apoio log\u00edstico do Governo do Distrito Federal (GDF).<\/p>\n<p>\u201cA orienta\u00e7\u00e3o do governador foi que n\u00f3s d\u00e9ssemos todo o apoio necess\u00e1rio para que esse evento sa\u00edsse e saia todos os anos da melhor forma poss\u00edvel. Esse ano de uma forma muito especial, porque foi delegado a mim uma coordena\u00e7\u00e3o de que o alvar\u00e1 para funcionar o evento deveria chegar antes da abertura. Entregamos ao padre Moacir, ele ficou muito feliz, com a certeza de que tudo est\u00e1 sendo feito de maneira correta, dentro das leis que s\u00e3o necess\u00e1rias\u201d, destacou o secret\u00e1rio de Governo, Jos\u00e9 Humberto Pires de Ara\u00fajo.<\/p>\n<p>A Companhia Urbanizadora da Nova Capital (Novacap), por exemplo, executou a recupera\u00e7\u00e3o asf\u00e1ltica da via lateral \u00e0 Arena Pentecostes, no Taguaparque. A Secretaria de Sa\u00fade garantiu assist\u00eancia aos fi\u00e9is. Em uma tenda, equipes compostas por m\u00e9dicos, enfermeiros e t\u00e9cnicos de enfermagem prestaram atendimentos de urg\u00eancia e emerg\u00eancia, al\u00e9m da vacina contra a influenza.<\/p>\n<p>O Departamento de Tr\u00e2nsito do DF (Detran-DF) promoveu uma opera\u00e7\u00e3o especial, que incluiu altera\u00e7\u00f5es nas vias pr\u00f3ximas ao Taguaparque. Tamb\u00e9m houve reativa\u00e7\u00e3o da linha circular 351.7 e refor\u00e7o nos \u00f4nibus que levam \u00e0 regi\u00e3o, por parte da Secretaria de Transporte e Mobilidade. No domingo, o p\u00fablico p\u00f4de usar \u00f4nibus e metr\u00f4 gratuitamente, por meio do programa Vai de Gra\u00e7a.<\/p>\n","protected":false},"excerpt":{"rendered":"<p>Uma multid\u00e3o lotou o Taguaparque, em Taguatinga, neste domingo (8), para acompanhar a missa que encerrou a celebra\u00e7\u00e3o de Pentecostes. A programa\u00e7\u00e3o come\u00e7ou no \u00faltimo dia 1\u00ba, no Centro de Evangeliza\u00e7\u00e3o Renascidos em Pentecostes, na Ceil\u00e2ndia. No Taguaparque, a festa de f\u00e9 durou tr\u00eas dias \u2013 de sexta (6) at\u00e9 este domingo. A previs\u00e3o era [&hellip;]<\/p>\n","protected":false},"author":2,"featured_media":355547,"comment_status":"closed","ping_status":"closed","sticky":false,"template":"","format":"standard","meta":{"_acf_changed":false,"footnotes":""},"categories":[161],"tags":[],"class_list":["post-355546","post","type-post","status-publish","format-standard","has-post-thumbnail","hentry","category-quadradinho-em-foco"],"acf":[],"_links":{"self":[{"href":"https:\/\/www.notibras.com\/site\/wp-json\/wp\/v2\/posts\/355546","targetHints":{"allow":["GET"]}}],"collection":[{"href":"https:\/\/www.notibras.com\/site\/wp-json\/wp\/v2\/posts"}],"about":[{"href":"https:\/\/www.notibras.com\/site\/wp-json\/wp\/v2\/types\/post"}],"author":[{"embeddable":true,"href":"https:\/\/www.notibras.com\/site\/wp-json\/wp\/v2\/users\/2"}],"replies":[{"embeddable":true,"href":"https:\/\/www.notibras.com\/site\/wp-json\/wp\/v2\/comments?post=355546"}],"version-history":[{"count":1,"href":"https:\/\/www.notibras.com\/site\/wp-json\/wp\/v2\/posts\/355546\/revisions"}],"predecessor-version":[{"id":355548,"href":"https:\/\/www.notibras.com\/site\/wp-json\/wp\/v2\/posts\/355546\/revisions\/355548"}],"wp:featuredmedia":[{"embeddable":true,"href":"https:\/\/www.notibras.com\/site\/wp-json\/wp\/v2\/media\/355547"}],"wp:attachment":[{"href":"https:\/\/www.notibras.com\/site\/wp-json\/wp\/v2\/media?parent=355546"}],"wp:term":[{"taxonomy":"category","embeddable":true,"href":"https:\/\/www.notibras.com\/site\/wp-json\/wp\/v2\/categories?post=355546"},{"taxonomy":"post_tag","embeddable":true,"href":"https:\/\/www.notibras.com\/site\/wp-json\/wp\/v2\/tags?post=355546"}],"curies":[{"name":"wp","href":"https:\/\/api.w.org\/{rel}","templated":true}]}}