{"id":355549,"date":"2025-06-09T00:00:51","date_gmt":"2025-06-09T03:00:51","guid":{"rendered":"https:\/\/www.notibras.com\/site\/?p=355549"},"modified":"2025-06-09T08:07:46","modified_gmt":"2025-06-09T11:07:46","slug":"vem-ai-a-semana-do-produtor-rural-em-sobradinho","status":"publish","type":"post","link":"https:\/\/www.notibras.com\/site\/vem-ai-a-semana-do-produtor-rural-em-sobradinho\/","title":{"rendered":"Vem a\u00ed a Semana do Produtor Rural em Sobradinho"},"content":{"rendered":"<p>Entre a pr\u00f3xima quarta-feira (11) e domingo (15), a Emater-DF promove a Semana do Produtor Rural de Sobradinho, que reunir\u00e1 agricultores, t\u00e9cnicos, empreendedores rurais e a comunidade em uma programa\u00e7\u00e3o diversificada e pr\u00e1tica, com o objetivo de fortalecer a produ\u00e7\u00e3o sustent\u00e1vel, promover a troca de experi\u00eancias e impulsionar o desenvolvimento agropecu\u00e1rio da regi\u00e3o.<\/p>\n<p>\u201cQueremos fomentar a diversifica\u00e7\u00e3o da produ\u00e7\u00e3o, alertar para desafios sanit\u00e1rios e abrir novos mercados, especialmente por meio da valoriza\u00e7\u00e3o das agroind\u00fastrias locais\u201d, afirma a gerente da unidade local da Emater-DF em Sobradinho, Clarissa Campos. \u201c\u00c9 uma iniciativa importante para a promo\u00e7\u00e3o da seguran\u00e7a alimentar, para a gera\u00e7\u00e3o de renda no campo e tamb\u00e9m para o fortalecimento dos produtores.\u201d<\/p>\n<p>As atividades s\u00e3o desenvolvidas com foco nas demandas atuais do setor, dividindo-se em oficinas, reuni\u00f5es t\u00e9cnicas, palestras e at\u00e9 uma excurs\u00e3o. Entre os temas abordados est\u00e3o desde a fruticultura de alto valor (como pitaya, a\u00e7a\u00ed e mirtilo) at\u00e9 biosseguran\u00e7a avi\u00e1ria.<\/p>\n<p>O encerramento ser\u00e1 marcado pela Feira do Padre, com edi\u00e7\u00e3o especial, destacando o potencial das agroind\u00fastrias locais. Produtores e p\u00fablico interessado em participar podem fazer a inscri\u00e7\u00e3o pelo escrit\u00f3rio da Emater-DF em Sobradinho, por meio dos telefones (61) 3311-9423 ou (61) 99146-5204.<\/p>\n<p>Confira a programa\u00e7\u00e3o<\/p>\n<p><strong>Quarta-feira (11)<\/strong><br \/>\n9h &#8211; Reuni\u00e3o t\u00e9cnica: Produ\u00e7\u00e3o de a\u00e7a\u00ed<br \/>\nLocal: N\u00facleo Rural Boa Vista \u2013 Ch\u00e1cara Bonan\u00e7a<br \/>\n14h: Reuni\u00e3o t\u00e9cnica: Boas pr\u00e1ticas na avicultura caipira e o risco da influenza avi\u00e1ria<br \/>\nLocal: Plen\u00e1ria do Assentamento Ant\u00f4nio J\u00falio<\/p>\n<p><strong>Quinta-feira (12)<\/strong><br \/>\n9h &#8211; Reuni\u00e3o t\u00e9cnica: Mirtilo &#8211; do cultivo \u00e0 comercializa\u00e7\u00e3o<br \/>\nLocal: Cerrado Blue &#8211; Rota do Cavalo<br \/>\n16h &#8211; Palestra: Programa Trabalho Sustent\u00e1vel<br \/>\nLocal: Recanto dos Amigos &#8211; Rota do Cavalo<\/p>\n<p><strong>Sexta-feira (13)<\/strong><br \/>\n9h Oficina: Poda e produ\u00e7\u00e3o de pitaya<br \/>\nLocal: N\u00facleo Rural Sobradinho I &#8211; Ch\u00e1cara 53\/2<br \/>\nExcurs\u00e3o: T\u00fanel Alto e automatiza\u00e7\u00e3o na produ\u00e7\u00e3o de hortali\u00e7as<br \/>\nLocal: Agrobras\u00edlia<\/p>\n<p><strong>S\u00e1bado (14)<\/strong><br \/>\n9h &#8211; Oficina: Influenza avi\u00e1ria e biosseguridade na cria\u00e7\u00e3o de galinhas poedeiras<br \/>\nLocal: Asproeste<\/p>\n<p><strong>Domingo (15)<\/strong><br \/>\n8h &#8211; Feira do Padre \u2013 Edi\u00e7\u00e3o especial com produtos das agroind\u00fastrias de Sobradinho<br \/>\nLocal: Estacionamento da Administra\u00e7\u00e3o Regional de Sobradinho.<\/p>\n","protected":false},"excerpt":{"rendered":"<p>Entre a pr\u00f3xima quarta-feira (11) e domingo (15), a Emater-DF promove a Semana do Produtor Rural de Sobradinho, que reunir\u00e1 agricultores, t\u00e9cnicos, empreendedores rurais e a comunidade em uma programa\u00e7\u00e3o diversificada e pr\u00e1tica, com o objetivo de fortalecer a produ\u00e7\u00e3o sustent\u00e1vel, promover a troca de experi\u00eancias e impulsionar o desenvolvimento agropecu\u00e1rio da regi\u00e3o. \u201cQueremos fomentar [&hellip;]<\/p>\n","protected":false},"author":2,"featured_media":236980,"comment_status":"closed","ping_status":"closed","sticky":false,"template":"","format":"standard","meta":{"_acf_changed":false,"footnotes":""},"categories":[161],"tags":[],"class_list":["post-355549","post","type-post","status-publish","format-standard","has-post-thumbnail","hentry","category-quadradinho-em-foco"],"acf":[],"_links":{"self":[{"href":"https:\/\/www.notibras.com\/site\/wp-json\/wp\/v2\/posts\/355549","targetHints":{"allow":["GET"]}}],"collection":[{"href":"https:\/\/www.notibras.com\/site\/wp-json\/wp\/v2\/posts"}],"about":[{"href":"https:\/\/www.notibras.com\/site\/wp-json\/wp\/v2\/types\/post"}],"author":[{"embeddable":true,"href":"https:\/\/www.notibras.com\/site\/wp-json\/wp\/v2\/users\/2"}],"replies":[{"embeddable":true,"href":"https:\/\/www.notibras.com\/site\/wp-json\/wp\/v2\/comments?post=355549"}],"version-history":[{"count":1,"href":"https:\/\/www.notibras.com\/site\/wp-json\/wp\/v2\/posts\/355549\/revisions"}],"predecessor-version":[{"id":355550,"href":"https:\/\/www.notibras.com\/site\/wp-json\/wp\/v2\/posts\/355549\/revisions\/355550"}],"wp:featuredmedia":[{"embeddable":true,"href":"https:\/\/www.notibras.com\/site\/wp-json\/wp\/v2\/media\/236980"}],"wp:attachment":[{"href":"https:\/\/www.notibras.com\/site\/wp-json\/wp\/v2\/media?parent=355549"}],"wp:term":[{"taxonomy":"category","embeddable":true,"href":"https:\/\/www.notibras.com\/site\/wp-json\/wp\/v2\/categories?post=355549"},{"taxonomy":"post_tag","embeddable":true,"href":"https:\/\/www.notibras.com\/site\/wp-json\/wp\/v2\/tags?post=355549"}],"curies":[{"name":"wp","href":"https:\/\/api.w.org\/{rel}","templated":true}]}}