{"id":35557,"date":"2015-01-31T20:53:28","date_gmt":"2015-01-31T23:53:28","guid":{"rendered":"http:\/\/www.notibras.com\/site\/?p=35557"},"modified":"2015-02-01T08:40:17","modified_gmt":"2015-02-01T11:40:17","slug":"alecsandro-vira-goleiro-e-fla-empata-com-macae-no-jogo-de-estreia-no-carioca","status":"publish","type":"post","link":"https:\/\/www.notibras.com\/site\/alecsandro-vira-goleiro-e-fla-empata-com-macae-no-jogo-de-estreia-no-carioca\/","title":{"rendered":"Alecsandro vira goleiro e Fla empata com o Maca\u00e9 na estreia"},"content":{"rendered":"<p class=\"text\">O Flamengo estreou no Campeonato Carioca 2015 diante do mandante e atual campe\u00e3o da S\u00e9rie C, Maca\u00e9, mas trope\u00e7ou: empatou por 1 a 1\u00a0ap\u00f3s gols de Pipico e Alecsandro, em jogo que ficou marcado por atua\u00e7\u00e3o do pr\u00f3prio Alecsandro como goleiro por 16 minutos (ap\u00f3s contus\u00e3o de Paulo Victor) e\u00a0confus\u00e3o envolvendo torcida e um experiente jogador.<\/p>\n<p class=\"text\">Minutos antes da partida, o goleiro do Maca\u00e9, Ricardo Berna, apareceu em campo revoltado e com o queixo sangrando. Transtornado, revelou que havia sido agredido por torcedores de uma organizada rubro-negra ap\u00f3s invas\u00e3o no vesti\u00e1rio do clube mandante. O ex-jogador do Fluminense detonou at\u00e9 a Confedera\u00e7\u00e3o Brasileira de Futebol (CBF). Por sua vez, os t\u00e9cnicos Vanderlei Luxemburgo e Josu\u00e9 Teixeira trocaram acusa\u00e7\u00f5es.<\/p>\n<p class=\"text\">Quando a bola rolou, o Flamengo se mostrou superior em campo. Incentivado por um lotado Moacyrz\u00e3o, manteve maior posse de bola em grande parte do tempo, mas n\u00e3o criou tanto. O Maca\u00e9 se fechava no campo de defesa e, bem postado taticamente, conseguia dificultar a vida rubro-negra. O atual campe\u00e3o da S\u00e9rie C inclusive saiu na frente do placar, no fim do primeiro tempo, com Pipico. O Flamengo s\u00f3 conseguiu empatar no segundo tempo, com Alecsandro, mas n\u00e3o teve for\u00e7as para empatar &#8211; veja, mais abaixo, a situa\u00e7\u00e3o que o atacante ainda teve de encarar!<\/p>\n<p class=\"text\">A equipe rubro-negra volta a campo na pr\u00f3xima quarta-feira, \u00e0s 22h (de Bras\u00edlia), diante do Barra Mansa, no Maracan\u00e3. Por sua vez, o Maca\u00e9 visita a Friburguense na quinta-feira, \u00e0s 19h30, no Eduardo Guinle.<\/p>\n<blockquote>\n<p class=\"text\">Um lance bizarro chamou a aten\u00e7\u00e3o no segundo tempo da partida. Aos 27min, o goleiro rubro-negro Paulo Victor se chocou com meia do Maca\u00e9 Alo\u00edsio e levou a pior: sofreu corte profundo no rosto e, completamente ensanguentado, teve de ser imediatamente levado aos vesti\u00e1rios. Como o Flamengo j\u00e1 havia realizado as tr\u00eas substitui\u00e7\u00f5es, sobrou para o atacante Alecsandro (sim, o autor do gol de empate!) vestir a camisa do reserva C\u00e9zar e atuar como arqueiro por 16 minutos.<\/p>\n<\/blockquote>\n<p class=\"text\">O Maca\u00e9, por\u00e9m, n\u00e3o deu um chute a gol, o que facilitou a vida do jogador. O momento mais emocionante aconteceu quando o time mandante al\u00e7ou bola na \u00e1rea no \u00faltimo minuto, e Alecsandro, todo desengon\u00e7ado, se atrapalhou para fazer a defesa em dois tempos. No lance, ele at\u00e9 derrubou o jogador advers\u00e1rio dentro da \u00e1rea, o que provocou reclama\u00e7\u00f5es sobre um poss\u00edvel p\u00eanalti. &#8220;No come\u00e7o eu estava tenso. N\u00e3o d\u00e1 pra ficar tranquilo\u00a0nesta situa\u00e7\u00e3o, n\u00e9? Mas, com a camisa do C\u00e9zar e a luva do Paulo Victor, eu dificilmente sofreria gol&#8221;,\u00a0brincou Alecsandro ao Sportv ao fim do jogo.<\/p>\n","protected":false},"excerpt":{"rendered":"<p>O Flamengo estreou no Campeonato Carioca 2015 diante do mandante e atual campe\u00e3o da S\u00e9rie C, Maca\u00e9, mas trope\u00e7ou: empatou por 1 a 1\u00a0ap\u00f3s gols de Pipico e Alecsandro, em jogo que ficou marcado por atua\u00e7\u00e3o do pr\u00f3prio Alecsandro como goleiro por 16 minutos (ap\u00f3s contus\u00e3o de Paulo Victor) e\u00a0confus\u00e3o envolvendo torcida e um experiente [&hellip;]<\/p>\n","protected":false},"author":2,"featured_media":35558,"comment_status":"open","ping_status":"closed","sticky":false,"template":"","format":"standard","meta":{"_acf_changed":false,"footnotes":""},"categories":[19,29],"tags":[],"class_list":["post-35557","post","type-post","status-publish","format-standard","has-post-thumbnail","hentry","category-esportes","category-futebol"],"acf":[],"yoast_head":"<!-- This site is optimized with the Yoast SEO plugin v27.2 - https:\/\/yoast.com\/product\/yoast-seo-wordpress\/ -->\n<title>Alecsandro vira goleiro e Fla empata com o Maca\u00e9 na estreia - Notibras<\/title>\n<meta name=\"robots\" content=\"index, follow, max-snippet:-1, max-image-preview:large, max-video-preview:-1\" \/>\n<link rel=\"canonical\" href=\"https:\/\/www.notibras.com\/site\/alecsandro-vira-goleiro-e-fla-empata-com-macae-no-jogo-de-estreia-no-carioca\/\" \/>\n<meta property=\"og:locale\" content=\"pt_BR\" \/>\n<meta property=\"og:type\" content=\"article\" \/>\n<meta property=\"og:title\" content=\"Alecsandro vira goleiro e Fla empata com o Maca\u00e9 na estreia - Notibras\" \/>\n<meta property=\"og:description\" content=\"O Flamengo estreou no Campeonato Carioca 2015 diante do mandante e atual campe\u00e3o da S\u00e9rie C, Maca\u00e9, mas trope\u00e7ou: empatou por 1 a 1\u00a0ap\u00f3s gols de Pipico e Alecsandro, em jogo que ficou marcado por atua\u00e7\u00e3o do pr\u00f3prio Alecsandro como goleiro por 16 minutos (ap\u00f3s contus\u00e3o de Paulo Victor) e\u00a0confus\u00e3o envolvendo torcida e um experiente [&hellip;]\" \/>\n<meta property=\"og:url\" content=\"https:\/\/www.notibras.com\/site\/alecsandro-vira-goleiro-e-fla-empata-com-macae-no-jogo-de-estreia-no-carioca\/\" \/>\n<meta property=\"og:site_name\" content=\"Notibras\" \/>\n<meta property=\"article:publisher\" content=\"https:\/\/www.facebook.com\/notibras\/\" \/>\n<meta property=\"article:published_time\" content=\"2015-01-31T23:53:28+00:00\" \/>\n<meta property=\"article:modified_time\" content=\"2015-02-01T11:40:17+00:00\" \/>\n<meta property=\"og:image\" content=\"https:\/\/www.notibras.com\/site\/wp-content\/uploads\/2015\/01\/f1.jpg\" \/>\n\t<meta property=\"og:image:width\" content=\"898\" \/>\n\t<meta property=\"og:image:height\" content=\"627\" \/>\n\t<meta property=\"og:image:type\" content=\"image\/jpeg\" \/>\n<meta name=\"author\" content=\"Reda\u00e7\u00e3o\" \/>\n<meta name=\"twitter:card\" content=\"summary_large_image\" \/>\n<meta name=\"twitter:creator\" content=\"@Notibras\" \/>\n<meta name=\"twitter:site\" content=\"@Notibras\" \/>\n<meta name=\"twitter:label1\" content=\"Escrito por\" \/>\n\t<meta name=\"twitter:data1\" content=\"Reda\u00e7\u00e3o\" \/>\n\t<meta name=\"twitter:label2\" content=\"Est. tempo de leitura\" \/>\n\t<meta name=\"twitter:data2\" content=\"2 minutos\" \/>\n<script type=\"application\/ld+json\" class=\"yoast-schema-graph\">{\"@context\":\"https:\/\/schema.org\",\"@graph\":[{\"@type\":\"Article\",\"@id\":\"https:\/\/www.notibras.com\/site\/alecsandro-vira-goleiro-e-fla-empata-com-macae-no-jogo-de-estreia-no-carioca\/#article\",\"isPartOf\":{\"@id\":\"https:\/\/www.notibras.com\/site\/alecsandro-vira-goleiro-e-fla-empata-com-macae-no-jogo-de-estreia-no-carioca\/\"},\"author\":{\"name\":\"Reda\u00e7\u00e3o\",\"@id\":\"https:\/\/www.notibras.com\/site\/#\/schema\/person\/36ab0979449956132d3e5b517ea76ac8\"},\"headline\":\"Alecsandro vira goleiro e Fla empata com o Maca\u00e9 na estreia\",\"datePublished\":\"2015-01-31T23:53:28+00:00\",\"dateModified\":\"2015-02-01T11:40:17+00:00\",\"mainEntityOfPage\":{\"@id\":\"https:\/\/www.notibras.com\/site\/alecsandro-vira-goleiro-e-fla-empata-com-macae-no-jogo-de-estreia-no-carioca\/\"},\"wordCount\":476,\"commentCount\":0,\"publisher\":{\"@id\":\"https:\/\/www.notibras.com\/site\/#organization\"},\"image\":{\"@id\":\"https:\/\/www.notibras.com\/site\/alecsandro-vira-goleiro-e-fla-empata-com-macae-no-jogo-de-estreia-no-carioca\/#primaryimage\"},\"thumbnailUrl\":\"https:\/\/www.notibras.com\/site\/wp-content\/uploads\/2015\/01\/f1.jpg\",\"articleSection\":[\"Esportes\",\"Futebol\"],\"inLanguage\":\"pt-BR\",\"potentialAction\":[{\"@type\":\"CommentAction\",\"name\":\"Comment\",\"target\":[\"https:\/\/www.notibras.com\/site\/alecsandro-vira-goleiro-e-fla-empata-com-macae-no-jogo-de-estreia-no-carioca\/#respond\"]}]},{\"@type\":\"WebPage\",\"@id\":\"https:\/\/www.notibras.com\/site\/alecsandro-vira-goleiro-e-fla-empata-com-macae-no-jogo-de-estreia-no-carioca\/\",\"url\":\"https:\/\/www.notibras.com\/site\/alecsandro-vira-goleiro-e-fla-empata-com-macae-no-jogo-de-estreia-no-carioca\/\",\"name\":\"Alecsandro vira goleiro e Fla empata com o Maca\u00e9 na estreia - Notibras\",\"isPartOf\":{\"@id\":\"https:\/\/www.notibras.com\/site\/#website\"},\"primaryImageOfPage\":{\"@id\":\"https:\/\/www.notibras.com\/site\/alecsandro-vira-goleiro-e-fla-empata-com-macae-no-jogo-de-estreia-no-carioca\/#primaryimage\"},\"image\":{\"@id\":\"https:\/\/www.notibras.com\/site\/alecsandro-vira-goleiro-e-fla-empata-com-macae-no-jogo-de-estreia-no-carioca\/#primaryimage\"},\"thumbnailUrl\":\"https:\/\/www.notibras.com\/site\/wp-content\/uploads\/2015\/01\/f1.jpg\",\"datePublished\":\"2015-01-31T23:53:28+00:00\",\"dateModified\":\"2015-02-01T11:40:17+00:00\",\"breadcrumb\":{\"@id\":\"https:\/\/www.notibras.com\/site\/alecsandro-vira-goleiro-e-fla-empata-com-macae-no-jogo-de-estreia-no-carioca\/#breadcrumb\"},\"inLanguage\":\"pt-BR\",\"potentialAction\":[{\"@type\":\"ReadAction\",\"target\":[\"https:\/\/www.notibras.com\/site\/alecsandro-vira-goleiro-e-fla-empata-com-macae-no-jogo-de-estreia-no-carioca\/\"]}]},{\"@type\":\"ImageObject\",\"inLanguage\":\"pt-BR\",\"@id\":\"https:\/\/www.notibras.com\/site\/alecsandro-vira-goleiro-e-fla-empata-com-macae-no-jogo-de-estreia-no-carioca\/#primaryimage\",\"url\":\"https:\/\/www.notibras.com\/site\/wp-content\/uploads\/2015\/01\/f1.jpg\",\"contentUrl\":\"https:\/\/www.notibras.com\/site\/wp-content\/uploads\/2015\/01\/f1.jpg\",\"width\":898,\"height\":627},{\"@type\":\"BreadcrumbList\",\"@id\":\"https:\/\/www.notibras.com\/site\/alecsandro-vira-goleiro-e-fla-empata-com-macae-no-jogo-de-estreia-no-carioca\/#breadcrumb\",\"itemListElement\":[{\"@type\":\"ListItem\",\"position\":1,\"name\":\"In\u00edcio\",\"item\":\"https:\/\/www.notibras.com\/site\/\"},{\"@type\":\"ListItem\",\"position\":2,\"name\":\"Alecsandro vira goleiro e Fla empata com o Maca\u00e9 na estreia\"}]},{\"@type\":\"WebSite\",\"@id\":\"https:\/\/www.notibras.com\/site\/#website\",\"url\":\"https:\/\/www.notibras.com\/site\/\",\"name\":\"Notibras\",\"description\":\"Not\u00edcias de Bras\u00edlia, do Brasil e do Mundo\",\"publisher\":{\"@id\":\"https:\/\/www.notibras.com\/site\/#organization\"},\"potentialAction\":[{\"@type\":\"SearchAction\",\"target\":{\"@type\":\"EntryPoint\",\"urlTemplate\":\"https:\/\/www.notibras.com\/site\/?s={search_term_string}\"},\"query-input\":{\"@type\":\"PropertyValueSpecification\",\"valueRequired\":true,\"valueName\":\"search_term_string\"}}],\"inLanguage\":\"pt-BR\"},{\"@type\":\"Organization\",\"@id\":\"https:\/\/www.notibras.com\/site\/#organization\",\"name\":\"Grupo Notibras de Comunica\u00e7\u00e3o\",\"url\":\"https:\/\/www.notibras.com\/site\/\",\"logo\":{\"@type\":\"ImageObject\",\"inLanguage\":\"pt-BR\",\"@id\":\"https:\/\/www.notibras.com\/site\/#\/schema\/logo\/image\/\",\"url\":\"https:\/\/www.notibras.com\/site\/wp-content\/uploads\/2023\/01\/notibras23.png\",\"contentUrl\":\"https:\/\/www.notibras.com\/site\/wp-content\/uploads\/2023\/01\/notibras23.png\",\"width\":350,\"height\":87,\"caption\":\"Grupo Notibras de Comunica\u00e7\u00e3o\"},\"image\":{\"@id\":\"https:\/\/www.notibras.com\/site\/#\/schema\/logo\/image\/\"},\"sameAs\":[\"https:\/\/www.facebook.com\/notibras\/\",\"https:\/\/x.com\/Notibras\",\"https:\/\/www.instagram.com\/notibras\/\"]},{\"@type\":\"Person\",\"@id\":\"https:\/\/www.notibras.com\/site\/#\/schema\/person\/36ab0979449956132d3e5b517ea76ac8\",\"name\":\"Reda\u00e7\u00e3o\",\"image\":{\"@type\":\"ImageObject\",\"inLanguage\":\"pt-BR\",\"@id\":\"https:\/\/secure.gravatar.com\/avatar\/e0a867bdedb85fd243eadf09663511f96fc81e0720a4a42581f334ad4303aa6b?s=96&d=mm&r=g\",\"url\":\"https:\/\/secure.gravatar.com\/avatar\/e0a867bdedb85fd243eadf09663511f96fc81e0720a4a42581f334ad4303aa6b?s=96&d=mm&r=g\",\"contentUrl\":\"https:\/\/secure.gravatar.com\/avatar\/e0a867bdedb85fd243eadf09663511f96fc81e0720a4a42581f334ad4303aa6b?s=96&d=mm&r=g\",\"caption\":\"Reda\u00e7\u00e3o\"}}]}<\/script>\n<!-- \/ Yoast SEO plugin. -->","yoast_head_json":{"title":"Alecsandro vira goleiro e Fla empata com o Maca\u00e9 na estreia - Notibras","robots":{"index":"index","follow":"follow","max-snippet":"max-snippet:-1","max-image-preview":"max-image-preview:large","max-video-preview":"max-video-preview:-1"},"canonical":"https:\/\/www.notibras.com\/site\/alecsandro-vira-goleiro-e-fla-empata-com-macae-no-jogo-de-estreia-no-carioca\/","og_locale":"pt_BR","og_type":"article","og_title":"Alecsandro vira goleiro e Fla empata com o Maca\u00e9 na estreia - Notibras","og_description":"O Flamengo estreou no Campeonato Carioca 2015 diante do mandante e atual campe\u00e3o da S\u00e9rie C, Maca\u00e9, mas trope\u00e7ou: empatou por 1 a 1\u00a0ap\u00f3s gols de Pipico e Alecsandro, em jogo que ficou marcado por atua\u00e7\u00e3o do pr\u00f3prio Alecsandro como goleiro por 16 minutos (ap\u00f3s contus\u00e3o de Paulo Victor) e\u00a0confus\u00e3o envolvendo torcida e um experiente [&hellip;]","og_url":"https:\/\/www.notibras.com\/site\/alecsandro-vira-goleiro-e-fla-empata-com-macae-no-jogo-de-estreia-no-carioca\/","og_site_name":"Notibras","article_publisher":"https:\/\/www.facebook.com\/notibras\/","article_published_time":"2015-01-31T23:53:28+00:00","article_modified_time":"2015-02-01T11:40:17+00:00","og_image":[{"width":898,"height":627,"url":"https:\/\/www.notibras.com\/site\/wp-content\/uploads\/2015\/01\/f1.jpg","type":"image\/jpeg"}],"author":"Reda\u00e7\u00e3o","twitter_card":"summary_large_image","twitter_creator":"@Notibras","twitter_site":"@Notibras","twitter_misc":{"Escrito por":"Reda\u00e7\u00e3o","Est. tempo de leitura":"2 minutos"},"schema":{"@context":"https:\/\/schema.org","@graph":[{"@type":"Article","@id":"https:\/\/www.notibras.com\/site\/alecsandro-vira-goleiro-e-fla-empata-com-macae-no-jogo-de-estreia-no-carioca\/#article","isPartOf":{"@id":"https:\/\/www.notibras.com\/site\/alecsandro-vira-goleiro-e-fla-empata-com-macae-no-jogo-de-estreia-no-carioca\/"},"author":{"name":"Reda\u00e7\u00e3o","@id":"https:\/\/www.notibras.com\/site\/#\/schema\/person\/36ab0979449956132d3e5b517ea76ac8"},"headline":"Alecsandro vira goleiro e Fla empata com o Maca\u00e9 na estreia","datePublished":"2015-01-31T23:53:28+00:00","dateModified":"2015-02-01T11:40:17+00:00","mainEntityOfPage":{"@id":"https:\/\/www.notibras.com\/site\/alecsandro-vira-goleiro-e-fla-empata-com-macae-no-jogo-de-estreia-no-carioca\/"},"wordCount":476,"commentCount":0,"publisher":{"@id":"https:\/\/www.notibras.com\/site\/#organization"},"image":{"@id":"https:\/\/www.notibras.com\/site\/alecsandro-vira-goleiro-e-fla-empata-com-macae-no-jogo-de-estreia-no-carioca\/#primaryimage"},"thumbnailUrl":"https:\/\/www.notibras.com\/site\/wp-content\/uploads\/2015\/01\/f1.jpg","articleSection":["Esportes","Futebol"],"inLanguage":"pt-BR","potentialAction":[{"@type":"CommentAction","name":"Comment","target":["https:\/\/www.notibras.com\/site\/alecsandro-vira-goleiro-e-fla-empata-com-macae-no-jogo-de-estreia-no-carioca\/#respond"]}]},{"@type":"WebPage","@id":"https:\/\/www.notibras.com\/site\/alecsandro-vira-goleiro-e-fla-empata-com-macae-no-jogo-de-estreia-no-carioca\/","url":"https:\/\/www.notibras.com\/site\/alecsandro-vira-goleiro-e-fla-empata-com-macae-no-jogo-de-estreia-no-carioca\/","name":"Alecsandro vira goleiro e Fla empata com o Maca\u00e9 na estreia - Notibras","isPartOf":{"@id":"https:\/\/www.notibras.com\/site\/#website"},"primaryImageOfPage":{"@id":"https:\/\/www.notibras.com\/site\/alecsandro-vira-goleiro-e-fla-empata-com-macae-no-jogo-de-estreia-no-carioca\/#primaryimage"},"image":{"@id":"https:\/\/www.notibras.com\/site\/alecsandro-vira-goleiro-e-fla-empata-com-macae-no-jogo-de-estreia-no-carioca\/#primaryimage"},"thumbnailUrl":"https:\/\/www.notibras.com\/site\/wp-content\/uploads\/2015\/01\/f1.jpg","datePublished":"2015-01-31T23:53:28+00:00","dateModified":"2015-02-01T11:40:17+00:00","breadcrumb":{"@id":"https:\/\/www.notibras.com\/site\/alecsandro-vira-goleiro-e-fla-empata-com-macae-no-jogo-de-estreia-no-carioca\/#breadcrumb"},"inLanguage":"pt-BR","potentialAction":[{"@type":"ReadAction","target":["https:\/\/www.notibras.com\/site\/alecsandro-vira-goleiro-e-fla-empata-com-macae-no-jogo-de-estreia-no-carioca\/"]}]},{"@type":"ImageObject","inLanguage":"pt-BR","@id":"https:\/\/www.notibras.com\/site\/alecsandro-vira-goleiro-e-fla-empata-com-macae-no-jogo-de-estreia-no-carioca\/#primaryimage","url":"https:\/\/www.notibras.com\/site\/wp-content\/uploads\/2015\/01\/f1.jpg","contentUrl":"https:\/\/www.notibras.com\/site\/wp-content\/uploads\/2015\/01\/f1.jpg","width":898,"height":627},{"@type":"BreadcrumbList","@id":"https:\/\/www.notibras.com\/site\/alecsandro-vira-goleiro-e-fla-empata-com-macae-no-jogo-de-estreia-no-carioca\/#breadcrumb","itemListElement":[{"@type":"ListItem","position":1,"name":"In\u00edcio","item":"https:\/\/www.notibras.com\/site\/"},{"@type":"ListItem","position":2,"name":"Alecsandro vira goleiro e Fla empata com o Maca\u00e9 na estreia"}]},{"@type":"WebSite","@id":"https:\/\/www.notibras.com\/site\/#website","url":"https:\/\/www.notibras.com\/site\/","name":"Notibras","description":"Not\u00edcias de Bras\u00edlia, do Brasil e do Mundo","publisher":{"@id":"https:\/\/www.notibras.com\/site\/#organization"},"potentialAction":[{"@type":"SearchAction","target":{"@type":"EntryPoint","urlTemplate":"https:\/\/www.notibras.com\/site\/?s={search_term_string}"},"query-input":{"@type":"PropertyValueSpecification","valueRequired":true,"valueName":"search_term_string"}}],"inLanguage":"pt-BR"},{"@type":"Organization","@id":"https:\/\/www.notibras.com\/site\/#organization","name":"Grupo Notibras de Comunica\u00e7\u00e3o","url":"https:\/\/www.notibras.com\/site\/","logo":{"@type":"ImageObject","inLanguage":"pt-BR","@id":"https:\/\/www.notibras.com\/site\/#\/schema\/logo\/image\/","url":"https:\/\/www.notibras.com\/site\/wp-content\/uploads\/2023\/01\/notibras23.png","contentUrl":"https:\/\/www.notibras.com\/site\/wp-content\/uploads\/2023\/01\/notibras23.png","width":350,"height":87,"caption":"Grupo Notibras de Comunica\u00e7\u00e3o"},"image":{"@id":"https:\/\/www.notibras.com\/site\/#\/schema\/logo\/image\/"},"sameAs":["https:\/\/www.facebook.com\/notibras\/","https:\/\/x.com\/Notibras","https:\/\/www.instagram.com\/notibras\/"]},{"@type":"Person","@id":"https:\/\/www.notibras.com\/site\/#\/schema\/person\/36ab0979449956132d3e5b517ea76ac8","name":"Reda\u00e7\u00e3o","image":{"@type":"ImageObject","inLanguage":"pt-BR","@id":"https:\/\/secure.gravatar.com\/avatar\/e0a867bdedb85fd243eadf09663511f96fc81e0720a4a42581f334ad4303aa6b?s=96&d=mm&r=g","url":"https:\/\/secure.gravatar.com\/avatar\/e0a867bdedb85fd243eadf09663511f96fc81e0720a4a42581f334ad4303aa6b?s=96&d=mm&r=g","contentUrl":"https:\/\/secure.gravatar.com\/avatar\/e0a867bdedb85fd243eadf09663511f96fc81e0720a4a42581f334ad4303aa6b?s=96&d=mm&r=g","caption":"Reda\u00e7\u00e3o"}}]}},"amp_enabled":true,"_links":{"self":[{"href":"https:\/\/www.notibras.com\/site\/wp-json\/wp\/v2\/posts\/35557","targetHints":{"allow":["GET"]}}],"collection":[{"href":"https:\/\/www.notibras.com\/site\/wp-json\/wp\/v2\/posts"}],"about":[{"href":"https:\/\/www.notibras.com\/site\/wp-json\/wp\/v2\/types\/post"}],"author":[{"embeddable":true,"href":"https:\/\/www.notibras.com\/site\/wp-json\/wp\/v2\/users\/2"}],"replies":[{"embeddable":true,"href":"https:\/\/www.notibras.com\/site\/wp-json\/wp\/v2\/comments?post=35557"}],"version-history":[{"count":0,"href":"https:\/\/www.notibras.com\/site\/wp-json\/wp\/v2\/posts\/35557\/revisions"}],"wp:featuredmedia":[{"embeddable":true,"href":"https:\/\/www.notibras.com\/site\/wp-json\/wp\/v2\/media\/35558"}],"wp:attachment":[{"href":"https:\/\/www.notibras.com\/site\/wp-json\/wp\/v2\/media?parent=35557"}],"wp:term":[{"taxonomy":"category","embeddable":true,"href":"https:\/\/www.notibras.com\/site\/wp-json\/wp\/v2\/categories?post=35557"},{"taxonomy":"post_tag","embeddable":true,"href":"https:\/\/www.notibras.com\/site\/wp-json\/wp\/v2\/tags?post=35557"}],"curies":[{"name":"wp","href":"https:\/\/api.w.org\/{rel}","templated":true}]}}