{"id":355598,"date":"2025-06-10T08:13:24","date_gmt":"2025-06-10T11:13:24","guid":{"rendered":"https:\/\/www.notibras.com\/site\/?p=355598"},"modified":"2025-06-10T09:48:06","modified_gmt":"2025-06-10T12:48:06","slug":"meio-ambiente-traz-desafios-e-oportunidades-ao-nordeste","status":"publish","type":"post","link":"https:\/\/www.notibras.com\/site\/meio-ambiente-traz-desafios-e-oportunidades-ao-nordeste\/","title":{"rendered":"Meio Ambiente traz desafios e oportunidades ao Nordeste"},"content":{"rendered":"<p>O sol nasce com for\u00e7a sobre o sert\u00e3o nordestino, pintando de dourado a terra rachada pela seca. \u00c9 uma paisagem que fala por si \u2014 de resist\u00eancia, de luta, de um povo que aprendeu a dan\u00e7ar com o pouco que a natureza lhe permite. Mas tamb\u00e9m \u00e9 um retrato dos desafios ambientais que se acumulam ao longo do tempo.<\/p>\n<p>No Nordeste, o meio ambiente \u00e9 personagem principal de uma hist\u00f3ria feita de extremos: de um lado, a caatinga resiste bravamente \u00e0 desertifica\u00e7\u00e3o; de outro, os litorais vibram com ecossistemas ricos, mas pressionados pelo turismo desordenado e pelo avan\u00e7o das cidades. As chuvas s\u00e3o escassas, os rios, cada vez mais t\u00edmidos, e o solo sofre, pedindo al\u00edvio.<\/p>\n<p>Os desafios s\u00e3o muitos: desmatamento, queimadas, polui\u00e7\u00e3o, falta de saneamento, e a amea\u00e7a constante das mudan\u00e7as clim\u00e1ticas. Mas o Nordeste tamb\u00e9m \u00e9 terra de oportunidades \u2014 e talvez esteja a\u00ed sua maior riqueza. \u00c9 onde o sol brilha forte o suficiente para alimentar cidades inteiras com energia limpa, onde o vento sopra constante e generoso, transformando-se em eletricidade renov\u00e1vel. \u00c9 onde brotam iniciativas de agricultura sustent\u00e1vel, de reflorestamento e de conviv\u00eancia com o semi\u00e1rido.<\/p>\n<p>Mais do que um problema ambiental, o que se vive no Nordeste \u00e9 uma chance de fazer diferente. De ouvir a sabedoria dos povos tradicionais, de respeitar os ciclos da terra, de pensar solu\u00e7\u00f5es que unam tecnologia e preserva\u00e7\u00e3o. De transformar escassez em abund\u00e2ncia consciente.<\/p>\n<p>A natureza nordestina n\u00e3o grita \u2014 ela sussurra em folhas secas, em rios que somem e voltam, em cactos que florescem na adversidade. Cabe a n\u00f3s, agora, escutar esses sussurros e fazer deles um canto de esperan\u00e7a.<\/p>\n","protected":false},"excerpt":{"rendered":"<p>O sol nasce com for\u00e7a sobre o sert\u00e3o nordestino, pintando de dourado a terra rachada pela seca. \u00c9 uma paisagem que fala por si \u2014 de resist\u00eancia, de luta, de um povo que aprendeu a dan\u00e7ar com o pouco que a natureza lhe permite. Mas tamb\u00e9m \u00e9 um retrato dos desafios ambientais que se acumulam [&hellip;]<\/p>\n","protected":false},"author":2,"featured_media":355599,"comment_status":"open","ping_status":"closed","sticky":false,"template":"","format":"standard","meta":{"_acf_changed":false,"footnotes":""},"categories":[165],"tags":[],"class_list":["post-355598","post","type-post","status-publish","format-standard","has-post-thumbnail","hentry","category-nordeste"],"acf":[],"_links":{"self":[{"href":"https:\/\/www.notibras.com\/site\/wp-json\/wp\/v2\/posts\/355598","targetHints":{"allow":["GET"]}}],"collection":[{"href":"https:\/\/www.notibras.com\/site\/wp-json\/wp\/v2\/posts"}],"about":[{"href":"https:\/\/www.notibras.com\/site\/wp-json\/wp\/v2\/types\/post"}],"author":[{"embeddable":true,"href":"https:\/\/www.notibras.com\/site\/wp-json\/wp\/v2\/users\/2"}],"replies":[{"embeddable":true,"href":"https:\/\/www.notibras.com\/site\/wp-json\/wp\/v2\/comments?post=355598"}],"version-history":[{"count":1,"href":"https:\/\/www.notibras.com\/site\/wp-json\/wp\/v2\/posts\/355598\/revisions"}],"predecessor-version":[{"id":355600,"href":"https:\/\/www.notibras.com\/site\/wp-json\/wp\/v2\/posts\/355598\/revisions\/355600"}],"wp:featuredmedia":[{"embeddable":true,"href":"https:\/\/www.notibras.com\/site\/wp-json\/wp\/v2\/media\/355599"}],"wp:attachment":[{"href":"https:\/\/www.notibras.com\/site\/wp-json\/wp\/v2\/media?parent=355598"}],"wp:term":[{"taxonomy":"category","embeddable":true,"href":"https:\/\/www.notibras.com\/site\/wp-json\/wp\/v2\/categories?post=355598"},{"taxonomy":"post_tag","embeddable":true,"href":"https:\/\/www.notibras.com\/site\/wp-json\/wp\/v2\/tags?post=355598"}],"curies":[{"name":"wp","href":"https:\/\/api.w.org\/{rel}","templated":true}]}}