{"id":355601,"date":"2025-06-10T08:19:07","date_gmt":"2025-06-10T11:19:07","guid":{"rendered":"https:\/\/www.notibras.com\/site\/?p=355601"},"modified":"2025-06-10T09:46:35","modified_gmt":"2025-06-10T12:46:35","slug":"chegada-do-sao-joao-cria-oportunidades-para-nordestino-melhorar-renda","status":"publish","type":"post","link":"https:\/\/www.notibras.com\/site\/chegada-do-sao-joao-cria-oportunidades-para-nordestino-melhorar-renda\/","title":{"rendered":"Chegada do S\u00e3o Jo\u00e3o cria oportunidades para nordestino melhorar renda"},"content":{"rendered":"<p>Nesse come\u00e7o de junho, o cheiro de fuma\u00e7a doce no ar j\u00e1 denuncia: o S\u00e3o Jo\u00e3o se aproximava. As ruas come\u00e7am a se enfeitar com bandeirolas coloridas, e o som das primeiras sanfonas ensaia o que ser\u00e1 uma verdadeira celebra\u00e7\u00e3o da cultura nordestina. Em meio ao forr\u00f3, \u00e0s quadrilhas e ao milho cozido, h\u00e1 tamb\u00e9m outra tradi\u00e7\u00e3o que se renova: a luta e a criatividade do povo para gerar renda durante esse per\u00edodo.<\/p>\n<p>Dona Zefa, por exemplo, come\u00e7a a preparar sua casa com meses de anteced\u00eancia. Seus filhos ajudam a montar a barraca na porta, onde ela vende bolo de milho, pamonha e canjica \u2014 receitas passadas de gera\u00e7\u00e3o em gera\u00e7\u00e3o. Em cada colherada, um peda\u00e7o de hist\u00f3ria e sustento.<\/p>\n<p>\u201c\u00c9 no S\u00e3o Jo\u00e3o que a gente tira o refor\u00e7o do m\u00eas\u201d, ela diz, enquanto mexe o tacho com cuidado. E n\u00e3o \u00e9 s\u00f3 ela. Nas cidades do interior, o festejo movimenta toda uma cadeia produtiva: agricultores vendem milho e mandioca em maior escala, costureiras ganham dinheiro confeccionando vestidos de chita para as quadrilhas, m\u00fasicos locais t\u00eam suas agendas cheias, e at\u00e9 os jovens aproveitam para vender artesanato ou trabalhar como gar\u00e7ons em festas comunit\u00e1rias.<\/p>\n<p>Os arraiais viram vitrine da riqueza cultural e econ\u00f4mica do Nordeste. A festa, al\u00e9m de alegria, \u00e9 estrat\u00e9gia de sobreviv\u00eancia. O S\u00e3o Jo\u00e3o \u00e9 mais que fogueira e bandeira: \u00e9 um s\u00edmbolo de resist\u00eancia, um sopro de esperan\u00e7a em meio \u00e0s dificuldades que ainda enfrentam tantas fam\u00edlias da regi\u00e3o.<\/p>\n<p>E ali, entre uma dan\u00e7a e outra, o que se v\u00ea \u00e9 um povo que transforma tradi\u00e7\u00e3o em oportunidade. Um povo que, mesmo com pouco, sabe fazer muito. Porque o S\u00e3o Jo\u00e3o, no Nordeste, n\u00e3o \u00e9 s\u00f3 festa \u2014 \u00e9 fonte de renda, de orgulho e de for\u00e7a coletiva.<\/p>\n","protected":false},"excerpt":{"rendered":"<p>Nesse come\u00e7o de junho, o cheiro de fuma\u00e7a doce no ar j\u00e1 denuncia: o S\u00e3o Jo\u00e3o se aproximava. As ruas come\u00e7am a se enfeitar com bandeirolas coloridas, e o som das primeiras sanfonas ensaia o que ser\u00e1 uma verdadeira celebra\u00e7\u00e3o da cultura nordestina. Em meio ao forr\u00f3, \u00e0s quadrilhas e ao milho cozido, h\u00e1 tamb\u00e9m [&hellip;]<\/p>\n","protected":false},"author":2,"featured_media":355602,"comment_status":"open","ping_status":"closed","sticky":false,"template":"","format":"standard","meta":{"_acf_changed":false,"footnotes":""},"categories":[165],"tags":[],"class_list":["post-355601","post","type-post","status-publish","format-standard","has-post-thumbnail","hentry","category-nordeste"],"acf":[],"_links":{"self":[{"href":"https:\/\/www.notibras.com\/site\/wp-json\/wp\/v2\/posts\/355601","targetHints":{"allow":["GET"]}}],"collection":[{"href":"https:\/\/www.notibras.com\/site\/wp-json\/wp\/v2\/posts"}],"about":[{"href":"https:\/\/www.notibras.com\/site\/wp-json\/wp\/v2\/types\/post"}],"author":[{"embeddable":true,"href":"https:\/\/www.notibras.com\/site\/wp-json\/wp\/v2\/users\/2"}],"replies":[{"embeddable":true,"href":"https:\/\/www.notibras.com\/site\/wp-json\/wp\/v2\/comments?post=355601"}],"version-history":[{"count":2,"href":"https:\/\/www.notibras.com\/site\/wp-json\/wp\/v2\/posts\/355601\/revisions"}],"predecessor-version":[{"id":355604,"href":"https:\/\/www.notibras.com\/site\/wp-json\/wp\/v2\/posts\/355601\/revisions\/355604"}],"wp:featuredmedia":[{"embeddable":true,"href":"https:\/\/www.notibras.com\/site\/wp-json\/wp\/v2\/media\/355602"}],"wp:attachment":[{"href":"https:\/\/www.notibras.com\/site\/wp-json\/wp\/v2\/media?parent=355601"}],"wp:term":[{"taxonomy":"category","embeddable":true,"href":"https:\/\/www.notibras.com\/site\/wp-json\/wp\/v2\/categories?post=355601"},{"taxonomy":"post_tag","embeddable":true,"href":"https:\/\/www.notibras.com\/site\/wp-json\/wp\/v2\/tags?post=355601"}],"curies":[{"name":"wp","href":"https:\/\/api.w.org\/{rel}","templated":true}]}}