{"id":355605,"date":"2025-06-10T08:00:03","date_gmt":"2025-06-10T11:00:03","guid":{"rendered":"https:\/\/www.notibras.com\/site\/?p=355605"},"modified":"2025-06-10T09:49:26","modified_gmt":"2025-06-10T12:49:26","slug":"conheca-a-lenda-que-ainda-provoca-arrepios-no-povo-do-interior","status":"publish","type":"post","link":"https:\/\/www.notibras.com\/site\/conheca-a-lenda-que-ainda-provoca-arrepios-no-povo-do-interior\/","title":{"rendered":"Conhe\u00e7a a lenda que ainda provoca arrepios no povo do interior"},"content":{"rendered":"<p>Nos rinc\u00f5es do Brasil, principalmente em comunidades rurais e interioranas do Nordeste, ainda ecoa o galope de uma criatura lend\u00e1ria: a mula sem cabe\u00e7a. Um s\u00edmbolo do folclore nacional, essa figura continua a povoar o imagin\u00e1rio popular com suas chamas, relinchos infernais e hist\u00f3rias passadas de gera\u00e7\u00e3o em gera\u00e7\u00e3o.<\/p>\n<p>Segundo a tradi\u00e7\u00e3o oral, a mula sem cabe\u00e7a \u00e9 a maldi\u00e7\u00e3o lan\u00e7ada sobre mulheres que se relacionam com padres, desrespeitando o voto de castidade clerical. Como puni\u00e7\u00e3o, elas se transformariam, nas noites de quinta para sexta-feira, em uma mula sem cabe\u00e7a \u2014 com chamas no lugar da cabe\u00e7a, cascos de ferro e um galope ensurdecedor.<\/p>\n<p>A criatura vagaria sem rumo, relinchando de forma aterradora, assustando quem ousasse cruzar seu caminho. Para reverter a maldi\u00e7\u00e3o, diz-se que um valente deveria tirar o freio da mula ou derramar seu pr\u00f3prio sangue sobre ela.<\/p>\n<p>Pesquisadores de folclore apontam que a lenda da mula sem cabe\u00e7a \u00e9 uma fus\u00e3o de mitos europeus medievais trazidos ao Brasil pelos colonizadores portugueses com elementos ind\u00edgenas e cat\u00f3licos. Para a antrop\u00f3loga L\u00facia Helena Pereira, da Universidade Federal do Piau\u00ed, a lenda serve como uma \u201cferramenta moralizante\u201d, refor\u00e7ando normas religiosas e sociais, especialmente ligadas ao papel da mulher.<\/p>\n<p>\u201cA figura da mulher amaldi\u00e7oada reflete um julgamento moral que era comum em sociedades patriarcais e religiosas\u201d, afirma L\u00facia.<\/p>\n<p>Apesar de seu car\u00e1ter sombrio, a mula sem cabe\u00e7a tamb\u00e9m virou tema de festas populares, pe\u00e7as teatrais, m\u00fasicas e literatura infantil. Em cidades como S\u00e3o Luiz do Paraitinga (SP) e Crato (CE), ela \u00e9 lembrada em festividades juninas e rodas de conta\u00e7\u00e3o de hist\u00f3rias.<\/p>\n<p>\u201cQuando eu era crian\u00e7a, minha av\u00f3 dizia que viu a mula na beira do mato, e ningu\u00e9m sa\u00eda de casa \u00e0 noite depois disso\u201d, conta o agricultor Jo\u00e3o Nogueira, de 67 anos, morador do interior de Goi\u00e1s. \u201cHoje, meus netos acham gra\u00e7a, mas ainda pe\u00e7o que respeitem o que n\u00e3o entendem.\u201d<\/p>\n<p>A mula sem cabe\u00e7a tamb\u00e9m aparece em adapta\u00e7\u00f5es modernas, como na s\u00e9rie \u201cCidade Invis\u00edvel\u201d, da Netflix, onde figuras do folclore ganham nova roupagem em um contexto urbano. A personagem ganhou complexidade e humaniza\u00e7\u00e3o, reacendendo o interesse de novas gera\u00e7\u00f5es por essas hist\u00f3rias ancestrais.<\/p>\n<p>Mais do que um monstro, a mula sem cabe\u00e7a representa um peda\u00e7o da alma cultural do Brasil. Em tempos de globaliza\u00e7\u00e3o e perda de tradi\u00e7\u00f5es orais, resgatar essas lendas \u00e9 preservar parte da identidade nacional.<\/p>\n<p>\u201cA mula sem cabe\u00e7a pode n\u00e3o existir como criatura real\u201d, diz L\u00facia Helena, \u201cmas existe como mem\u00f3ria, alerta e s\u00edmbolo.<\/p>\n","protected":false},"excerpt":{"rendered":"<p>Nos rinc\u00f5es do Brasil, principalmente em comunidades rurais e interioranas do Nordeste, ainda ecoa o galope de uma criatura lend\u00e1ria: a mula sem cabe\u00e7a. Um s\u00edmbolo do folclore nacional, essa figura continua a povoar o imagin\u00e1rio popular com suas chamas, relinchos infernais e hist\u00f3rias passadas de gera\u00e7\u00e3o em gera\u00e7\u00e3o. Segundo a tradi\u00e7\u00e3o oral, a mula [&hellip;]<\/p>\n","protected":false},"author":2,"featured_media":355606,"comment_status":"open","ping_status":"closed","sticky":false,"template":"","format":"standard","meta":{"_acf_changed":false,"footnotes":""},"categories":[165],"tags":[],"class_list":["post-355605","post","type-post","status-publish","format-standard","has-post-thumbnail","hentry","category-nordeste"],"acf":[],"_links":{"self":[{"href":"https:\/\/www.notibras.com\/site\/wp-json\/wp\/v2\/posts\/355605","targetHints":{"allow":["GET"]}}],"collection":[{"href":"https:\/\/www.notibras.com\/site\/wp-json\/wp\/v2\/posts"}],"about":[{"href":"https:\/\/www.notibras.com\/site\/wp-json\/wp\/v2\/types\/post"}],"author":[{"embeddable":true,"href":"https:\/\/www.notibras.com\/site\/wp-json\/wp\/v2\/users\/2"}],"replies":[{"embeddable":true,"href":"https:\/\/www.notibras.com\/site\/wp-json\/wp\/v2\/comments?post=355605"}],"version-history":[{"count":1,"href":"https:\/\/www.notibras.com\/site\/wp-json\/wp\/v2\/posts\/355605\/revisions"}],"predecessor-version":[{"id":355607,"href":"https:\/\/www.notibras.com\/site\/wp-json\/wp\/v2\/posts\/355605\/revisions\/355607"}],"wp:featuredmedia":[{"embeddable":true,"href":"https:\/\/www.notibras.com\/site\/wp-json\/wp\/v2\/media\/355606"}],"wp:attachment":[{"href":"https:\/\/www.notibras.com\/site\/wp-json\/wp\/v2\/media?parent=355605"}],"wp:term":[{"taxonomy":"category","embeddable":true,"href":"https:\/\/www.notibras.com\/site\/wp-json\/wp\/v2\/categories?post=355605"},{"taxonomy":"post_tag","embeddable":true,"href":"https:\/\/www.notibras.com\/site\/wp-json\/wp\/v2\/tags?post=355605"}],"curies":[{"name":"wp","href":"https:\/\/api.w.org\/{rel}","templated":true}]}}