{"id":35562,"date":"2015-01-31T21:00:39","date_gmt":"2015-02-01T00:00:39","guid":{"rendered":"http:\/\/www.notibras.com\/site\/?p=35562"},"modified":"2015-01-31T21:02:09","modified_gmt":"2015-02-01T00:02:09","slug":"palmeioras-entra-arrasador-e-acaba-com-audax-no-primeiro-tempo","status":"publish","type":"post","link":"https:\/\/www.notibras.com\/site\/palmeioras-entra-arrasador-e-acaba-com-audax-no-primeiro-tempo\/","title":{"rendered":"Palmeiras entra arrasador e acaba com Audax no primeiro tempo"},"content":{"rendered":"<p class=\"text\">O Palmeiras 2015 teve uma estreia oficial mais do que perfeita no Paulist\u00e3o, e mostrou que o time que quase foi rebaixado no ano passado no Brasileir\u00e3o, \u00e9 outro: com um primeiro tempo impec\u00e1vel e um futebol que h\u00e1 tempos n\u00e3o mostrava, fez 3 a 1 no Audax e come\u00e7ou o campeonato.<\/p>\n<p class=\"text\">A tarde foi perfeita para o palmeirense. Antes do jogo, o volante Arouca foi apresentado \u00e0 torcida. Poucos minutos depois, o time entrou em campo saudado pela torcida e correspondeu como h\u00e1 tempos n\u00e3o fazia. Com seis jogadores rec\u00e9m-contratados no time titular e Oswaldo de Oliveira no banco de reservas, sequer sentiu falta de Dudu e Alan Patrick.<\/p>\n<p class=\"text\">O setor ofensivo formado por Allione, Robinho, Maikon Leite e Leandro Pereira surpreendentemente encaixou desde o primeiro minuto de jogo. Tudo bem, o Audax se lan\u00e7ou ao ataque sem cerim\u00f4nias e deu muito espa\u00e7o na defesa, mas o Palmeiras soube aproveitar as brechas rivais de maneira precisa.<\/p>\n<blockquote>\n<p class=\"text\">Foram tr\u00eas gols (Leandro Pereira, Robinho e Maikon Leite) apenas nos primeiros 35 minutos de partida. Isso sem falar nas chances desperdi\u00e7adas. Em uma delas, Maikon Leite mandou por cima da meta praticamente em cima da linha, com o gol aberto.<\/p>\n<\/blockquote>\n<p class=\"text\">No segundo tempo, o Palmeiras diminuiu o ritmo (mant\u00ea-lo seria praticamente imposs\u00edvel) e at\u00e9 correu alguns riscos na defesa. Fernando Prass, por\u00e9m, n\u00e3o decepcionou quando foi exigido. S\u00f3 foi vazado no minuto final, por Rafinha. O time alviverde parecia disposto a se resguardar fisicamente j\u00e1 pensando na segunda rodada do Paulista, quinta-feira, \u00e0s 19h30 (de Bras\u00edlia), diante da Ponte Preta, no Allianz Parque. Por sua vez, o Audax tentar\u00e1 vencer a sua primeira partida na competi\u00e7\u00e3o\u00a0na ter\u00e7a-feira, \u00e0s 19h30, contra o Botafogo-SP, em Ribeir\u00e3o Preto.<\/p>\n","protected":false},"excerpt":{"rendered":"<p>O Palmeiras 2015 teve uma estreia oficial mais do que perfeita no Paulist\u00e3o, e mostrou que o time que quase foi rebaixado no ano passado no Brasileir\u00e3o, \u00e9 outro: com um primeiro tempo impec\u00e1vel e um futebol que h\u00e1 tempos n\u00e3o mostrava, fez 3 a 1 no Audax e come\u00e7ou o campeonato. A tarde foi [&hellip;]<\/p>\n","protected":false},"author":2,"featured_media":35563,"comment_status":"open","ping_status":"closed","sticky":false,"template":"","format":"standard","meta":{"_acf_changed":false,"footnotes":""},"categories":[19,29],"tags":[],"class_list":["post-35562","post","type-post","status-publish","format-standard","has-post-thumbnail","hentry","category-esportes","category-futebol"],"acf":[],"yoast_head":"<!-- This site is optimized with the Yoast SEO plugin v27.2 - https:\/\/yoast.com\/product\/yoast-seo-wordpress\/ -->\n<title>Palmeiras entra arrasador e acaba com Audax no primeiro tempo - Notibras<\/title>\n<meta name=\"robots\" content=\"index, follow, max-snippet:-1, max-image-preview:large, max-video-preview:-1\" \/>\n<link rel=\"canonical\" href=\"https:\/\/www.notibras.com\/site\/palmeioras-entra-arrasador-e-acaba-com-audax-no-primeiro-tempo\/\" \/>\n<meta property=\"og:locale\" content=\"pt_BR\" \/>\n<meta property=\"og:type\" content=\"article\" \/>\n<meta property=\"og:title\" content=\"Palmeiras entra arrasador e acaba com Audax no primeiro tempo - Notibras\" \/>\n<meta property=\"og:description\" content=\"O Palmeiras 2015 teve uma estreia oficial mais do que perfeita no Paulist\u00e3o, e mostrou que o time que quase foi rebaixado no ano passado no Brasileir\u00e3o, \u00e9 outro: com um primeiro tempo impec\u00e1vel e um futebol que h\u00e1 tempos n\u00e3o mostrava, fez 3 a 1 no Audax e come\u00e7ou o campeonato. A tarde foi [&hellip;]\" \/>\n<meta property=\"og:url\" content=\"https:\/\/www.notibras.com\/site\/palmeioras-entra-arrasador-e-acaba-com-audax-no-primeiro-tempo\/\" \/>\n<meta property=\"og:site_name\" content=\"Notibras\" \/>\n<meta property=\"article:publisher\" content=\"https:\/\/www.facebook.com\/notibras\/\" \/>\n<meta property=\"article:published_time\" content=\"2015-02-01T00:00:39+00:00\" \/>\n<meta property=\"article:modified_time\" content=\"2015-02-01T00:02:09+00:00\" \/>\n<meta property=\"og:image\" content=\"https:\/\/www.notibras.com\/site\/wp-content\/uploads\/2015\/01\/f2.jpg\" \/>\n\t<meta property=\"og:image:width\" content=\"460\" \/>\n\t<meta property=\"og:image:height\" content=\"307\" \/>\n\t<meta property=\"og:image:type\" content=\"image\/jpeg\" \/>\n<meta name=\"author\" content=\"Reda\u00e7\u00e3o\" \/>\n<meta name=\"twitter:card\" content=\"summary_large_image\" \/>\n<meta name=\"twitter:creator\" content=\"@Notibras\" \/>\n<meta name=\"twitter:site\" content=\"@Notibras\" \/>\n<meta name=\"twitter:label1\" content=\"Escrito por\" \/>\n\t<meta name=\"twitter:data1\" content=\"Reda\u00e7\u00e3o\" \/>\n\t<meta name=\"twitter:label2\" content=\"Est. tempo de leitura\" \/>\n\t<meta name=\"twitter:data2\" content=\"1 minuto\" \/>\n<script type=\"application\/ld+json\" class=\"yoast-schema-graph\">{\"@context\":\"https:\/\/schema.org\",\"@graph\":[{\"@type\":\"Article\",\"@id\":\"https:\/\/www.notibras.com\/site\/palmeioras-entra-arrasador-e-acaba-com-audax-no-primeiro-tempo\/#article\",\"isPartOf\":{\"@id\":\"https:\/\/www.notibras.com\/site\/palmeioras-entra-arrasador-e-acaba-com-audax-no-primeiro-tempo\/\"},\"author\":{\"name\":\"Reda\u00e7\u00e3o\",\"@id\":\"https:\/\/www.notibras.com\/site\/#\/schema\/person\/36ab0979449956132d3e5b517ea76ac8\"},\"headline\":\"Palmeiras entra arrasador e acaba com Audax no primeiro tempo\",\"datePublished\":\"2015-02-01T00:00:39+00:00\",\"dateModified\":\"2015-02-01T00:02:09+00:00\",\"mainEntityOfPage\":{\"@id\":\"https:\/\/www.notibras.com\/site\/palmeioras-entra-arrasador-e-acaba-com-audax-no-primeiro-tempo\/\"},\"wordCount\":308,\"commentCount\":0,\"publisher\":{\"@id\":\"https:\/\/www.notibras.com\/site\/#organization\"},\"image\":{\"@id\":\"https:\/\/www.notibras.com\/site\/palmeioras-entra-arrasador-e-acaba-com-audax-no-primeiro-tempo\/#primaryimage\"},\"thumbnailUrl\":\"https:\/\/www.notibras.com\/site\/wp-content\/uploads\/2015\/01\/f2.jpg\",\"articleSection\":[\"Esportes\",\"Futebol\"],\"inLanguage\":\"pt-BR\",\"potentialAction\":[{\"@type\":\"CommentAction\",\"name\":\"Comment\",\"target\":[\"https:\/\/www.notibras.com\/site\/palmeioras-entra-arrasador-e-acaba-com-audax-no-primeiro-tempo\/#respond\"]}]},{\"@type\":\"WebPage\",\"@id\":\"https:\/\/www.notibras.com\/site\/palmeioras-entra-arrasador-e-acaba-com-audax-no-primeiro-tempo\/\",\"url\":\"https:\/\/www.notibras.com\/site\/palmeioras-entra-arrasador-e-acaba-com-audax-no-primeiro-tempo\/\",\"name\":\"Palmeiras entra arrasador e acaba com Audax no primeiro tempo - Notibras\",\"isPartOf\":{\"@id\":\"https:\/\/www.notibras.com\/site\/#website\"},\"primaryImageOfPage\":{\"@id\":\"https:\/\/www.notibras.com\/site\/palmeioras-entra-arrasador-e-acaba-com-audax-no-primeiro-tempo\/#primaryimage\"},\"image\":{\"@id\":\"https:\/\/www.notibras.com\/site\/palmeioras-entra-arrasador-e-acaba-com-audax-no-primeiro-tempo\/#primaryimage\"},\"thumbnailUrl\":\"https:\/\/www.notibras.com\/site\/wp-content\/uploads\/2015\/01\/f2.jpg\",\"datePublished\":\"2015-02-01T00:00:39+00:00\",\"dateModified\":\"2015-02-01T00:02:09+00:00\",\"breadcrumb\":{\"@id\":\"https:\/\/www.notibras.com\/site\/palmeioras-entra-arrasador-e-acaba-com-audax-no-primeiro-tempo\/#breadcrumb\"},\"inLanguage\":\"pt-BR\",\"potentialAction\":[{\"@type\":\"ReadAction\",\"target\":[\"https:\/\/www.notibras.com\/site\/palmeioras-entra-arrasador-e-acaba-com-audax-no-primeiro-tempo\/\"]}]},{\"@type\":\"ImageObject\",\"inLanguage\":\"pt-BR\",\"@id\":\"https:\/\/www.notibras.com\/site\/palmeioras-entra-arrasador-e-acaba-com-audax-no-primeiro-tempo\/#primaryimage\",\"url\":\"https:\/\/www.notibras.com\/site\/wp-content\/uploads\/2015\/01\/f2.jpg\",\"contentUrl\":\"https:\/\/www.notibras.com\/site\/wp-content\/uploads\/2015\/01\/f2.jpg\",\"width\":460,\"height\":307},{\"@type\":\"BreadcrumbList\",\"@id\":\"https:\/\/www.notibras.com\/site\/palmeioras-entra-arrasador-e-acaba-com-audax-no-primeiro-tempo\/#breadcrumb\",\"itemListElement\":[{\"@type\":\"ListItem\",\"position\":1,\"name\":\"In\u00edcio\",\"item\":\"https:\/\/www.notibras.com\/site\/\"},{\"@type\":\"ListItem\",\"position\":2,\"name\":\"Palmeiras entra arrasador e acaba com Audax no primeiro tempo\"}]},{\"@type\":\"WebSite\",\"@id\":\"https:\/\/www.notibras.com\/site\/#website\",\"url\":\"https:\/\/www.notibras.com\/site\/\",\"name\":\"Notibras\",\"description\":\"Not\u00edcias de Bras\u00edlia, do Brasil e do Mundo\",\"publisher\":{\"@id\":\"https:\/\/www.notibras.com\/site\/#organization\"},\"potentialAction\":[{\"@type\":\"SearchAction\",\"target\":{\"@type\":\"EntryPoint\",\"urlTemplate\":\"https:\/\/www.notibras.com\/site\/?s={search_term_string}\"},\"query-input\":{\"@type\":\"PropertyValueSpecification\",\"valueRequired\":true,\"valueName\":\"search_term_string\"}}],\"inLanguage\":\"pt-BR\"},{\"@type\":\"Organization\",\"@id\":\"https:\/\/www.notibras.com\/site\/#organization\",\"name\":\"Grupo Notibras de Comunica\u00e7\u00e3o\",\"url\":\"https:\/\/www.notibras.com\/site\/\",\"logo\":{\"@type\":\"ImageObject\",\"inLanguage\":\"pt-BR\",\"@id\":\"https:\/\/www.notibras.com\/site\/#\/schema\/logo\/image\/\",\"url\":\"https:\/\/www.notibras.com\/site\/wp-content\/uploads\/2023\/01\/notibras23.png\",\"contentUrl\":\"https:\/\/www.notibras.com\/site\/wp-content\/uploads\/2023\/01\/notibras23.png\",\"width\":350,\"height\":87,\"caption\":\"Grupo Notibras de Comunica\u00e7\u00e3o\"},\"image\":{\"@id\":\"https:\/\/www.notibras.com\/site\/#\/schema\/logo\/image\/\"},\"sameAs\":[\"https:\/\/www.facebook.com\/notibras\/\",\"https:\/\/x.com\/Notibras\",\"https:\/\/www.instagram.com\/notibras\/\"]},{\"@type\":\"Person\",\"@id\":\"https:\/\/www.notibras.com\/site\/#\/schema\/person\/36ab0979449956132d3e5b517ea76ac8\",\"name\":\"Reda\u00e7\u00e3o\",\"image\":{\"@type\":\"ImageObject\",\"inLanguage\":\"pt-BR\",\"@id\":\"https:\/\/secure.gravatar.com\/avatar\/e0a867bdedb85fd243eadf09663511f96fc81e0720a4a42581f334ad4303aa6b?s=96&d=mm&r=g\",\"url\":\"https:\/\/secure.gravatar.com\/avatar\/e0a867bdedb85fd243eadf09663511f96fc81e0720a4a42581f334ad4303aa6b?s=96&d=mm&r=g\",\"contentUrl\":\"https:\/\/secure.gravatar.com\/avatar\/e0a867bdedb85fd243eadf09663511f96fc81e0720a4a42581f334ad4303aa6b?s=96&d=mm&r=g\",\"caption\":\"Reda\u00e7\u00e3o\"}}]}<\/script>\n<!-- \/ Yoast SEO plugin. -->","yoast_head_json":{"title":"Palmeiras entra arrasador e acaba com Audax no primeiro tempo - Notibras","robots":{"index":"index","follow":"follow","max-snippet":"max-snippet:-1","max-image-preview":"max-image-preview:large","max-video-preview":"max-video-preview:-1"},"canonical":"https:\/\/www.notibras.com\/site\/palmeioras-entra-arrasador-e-acaba-com-audax-no-primeiro-tempo\/","og_locale":"pt_BR","og_type":"article","og_title":"Palmeiras entra arrasador e acaba com Audax no primeiro tempo - Notibras","og_description":"O Palmeiras 2015 teve uma estreia oficial mais do que perfeita no Paulist\u00e3o, e mostrou que o time que quase foi rebaixado no ano passado no Brasileir\u00e3o, \u00e9 outro: com um primeiro tempo impec\u00e1vel e um futebol que h\u00e1 tempos n\u00e3o mostrava, fez 3 a 1 no Audax e come\u00e7ou o campeonato. A tarde foi [&hellip;]","og_url":"https:\/\/www.notibras.com\/site\/palmeioras-entra-arrasador-e-acaba-com-audax-no-primeiro-tempo\/","og_site_name":"Notibras","article_publisher":"https:\/\/www.facebook.com\/notibras\/","article_published_time":"2015-02-01T00:00:39+00:00","article_modified_time":"2015-02-01T00:02:09+00:00","og_image":[{"width":460,"height":307,"url":"https:\/\/www.notibras.com\/site\/wp-content\/uploads\/2015\/01\/f2.jpg","type":"image\/jpeg"}],"author":"Reda\u00e7\u00e3o","twitter_card":"summary_large_image","twitter_creator":"@Notibras","twitter_site":"@Notibras","twitter_misc":{"Escrito por":"Reda\u00e7\u00e3o","Est. tempo de leitura":"1 minuto"},"schema":{"@context":"https:\/\/schema.org","@graph":[{"@type":"Article","@id":"https:\/\/www.notibras.com\/site\/palmeioras-entra-arrasador-e-acaba-com-audax-no-primeiro-tempo\/#article","isPartOf":{"@id":"https:\/\/www.notibras.com\/site\/palmeioras-entra-arrasador-e-acaba-com-audax-no-primeiro-tempo\/"},"author":{"name":"Reda\u00e7\u00e3o","@id":"https:\/\/www.notibras.com\/site\/#\/schema\/person\/36ab0979449956132d3e5b517ea76ac8"},"headline":"Palmeiras entra arrasador e acaba com Audax no primeiro tempo","datePublished":"2015-02-01T00:00:39+00:00","dateModified":"2015-02-01T00:02:09+00:00","mainEntityOfPage":{"@id":"https:\/\/www.notibras.com\/site\/palmeioras-entra-arrasador-e-acaba-com-audax-no-primeiro-tempo\/"},"wordCount":308,"commentCount":0,"publisher":{"@id":"https:\/\/www.notibras.com\/site\/#organization"},"image":{"@id":"https:\/\/www.notibras.com\/site\/palmeioras-entra-arrasador-e-acaba-com-audax-no-primeiro-tempo\/#primaryimage"},"thumbnailUrl":"https:\/\/www.notibras.com\/site\/wp-content\/uploads\/2015\/01\/f2.jpg","articleSection":["Esportes","Futebol"],"inLanguage":"pt-BR","potentialAction":[{"@type":"CommentAction","name":"Comment","target":["https:\/\/www.notibras.com\/site\/palmeioras-entra-arrasador-e-acaba-com-audax-no-primeiro-tempo\/#respond"]}]},{"@type":"WebPage","@id":"https:\/\/www.notibras.com\/site\/palmeioras-entra-arrasador-e-acaba-com-audax-no-primeiro-tempo\/","url":"https:\/\/www.notibras.com\/site\/palmeioras-entra-arrasador-e-acaba-com-audax-no-primeiro-tempo\/","name":"Palmeiras entra arrasador e acaba com Audax no primeiro tempo - Notibras","isPartOf":{"@id":"https:\/\/www.notibras.com\/site\/#website"},"primaryImageOfPage":{"@id":"https:\/\/www.notibras.com\/site\/palmeioras-entra-arrasador-e-acaba-com-audax-no-primeiro-tempo\/#primaryimage"},"image":{"@id":"https:\/\/www.notibras.com\/site\/palmeioras-entra-arrasador-e-acaba-com-audax-no-primeiro-tempo\/#primaryimage"},"thumbnailUrl":"https:\/\/www.notibras.com\/site\/wp-content\/uploads\/2015\/01\/f2.jpg","datePublished":"2015-02-01T00:00:39+00:00","dateModified":"2015-02-01T00:02:09+00:00","breadcrumb":{"@id":"https:\/\/www.notibras.com\/site\/palmeioras-entra-arrasador-e-acaba-com-audax-no-primeiro-tempo\/#breadcrumb"},"inLanguage":"pt-BR","potentialAction":[{"@type":"ReadAction","target":["https:\/\/www.notibras.com\/site\/palmeioras-entra-arrasador-e-acaba-com-audax-no-primeiro-tempo\/"]}]},{"@type":"ImageObject","inLanguage":"pt-BR","@id":"https:\/\/www.notibras.com\/site\/palmeioras-entra-arrasador-e-acaba-com-audax-no-primeiro-tempo\/#primaryimage","url":"https:\/\/www.notibras.com\/site\/wp-content\/uploads\/2015\/01\/f2.jpg","contentUrl":"https:\/\/www.notibras.com\/site\/wp-content\/uploads\/2015\/01\/f2.jpg","width":460,"height":307},{"@type":"BreadcrumbList","@id":"https:\/\/www.notibras.com\/site\/palmeioras-entra-arrasador-e-acaba-com-audax-no-primeiro-tempo\/#breadcrumb","itemListElement":[{"@type":"ListItem","position":1,"name":"In\u00edcio","item":"https:\/\/www.notibras.com\/site\/"},{"@type":"ListItem","position":2,"name":"Palmeiras entra arrasador e acaba com Audax no primeiro tempo"}]},{"@type":"WebSite","@id":"https:\/\/www.notibras.com\/site\/#website","url":"https:\/\/www.notibras.com\/site\/","name":"Notibras","description":"Not\u00edcias de Bras\u00edlia, do Brasil e do Mundo","publisher":{"@id":"https:\/\/www.notibras.com\/site\/#organization"},"potentialAction":[{"@type":"SearchAction","target":{"@type":"EntryPoint","urlTemplate":"https:\/\/www.notibras.com\/site\/?s={search_term_string}"},"query-input":{"@type":"PropertyValueSpecification","valueRequired":true,"valueName":"search_term_string"}}],"inLanguage":"pt-BR"},{"@type":"Organization","@id":"https:\/\/www.notibras.com\/site\/#organization","name":"Grupo Notibras de Comunica\u00e7\u00e3o","url":"https:\/\/www.notibras.com\/site\/","logo":{"@type":"ImageObject","inLanguage":"pt-BR","@id":"https:\/\/www.notibras.com\/site\/#\/schema\/logo\/image\/","url":"https:\/\/www.notibras.com\/site\/wp-content\/uploads\/2023\/01\/notibras23.png","contentUrl":"https:\/\/www.notibras.com\/site\/wp-content\/uploads\/2023\/01\/notibras23.png","width":350,"height":87,"caption":"Grupo Notibras de Comunica\u00e7\u00e3o"},"image":{"@id":"https:\/\/www.notibras.com\/site\/#\/schema\/logo\/image\/"},"sameAs":["https:\/\/www.facebook.com\/notibras\/","https:\/\/x.com\/Notibras","https:\/\/www.instagram.com\/notibras\/"]},{"@type":"Person","@id":"https:\/\/www.notibras.com\/site\/#\/schema\/person\/36ab0979449956132d3e5b517ea76ac8","name":"Reda\u00e7\u00e3o","image":{"@type":"ImageObject","inLanguage":"pt-BR","@id":"https:\/\/secure.gravatar.com\/avatar\/e0a867bdedb85fd243eadf09663511f96fc81e0720a4a42581f334ad4303aa6b?s=96&d=mm&r=g","url":"https:\/\/secure.gravatar.com\/avatar\/e0a867bdedb85fd243eadf09663511f96fc81e0720a4a42581f334ad4303aa6b?s=96&d=mm&r=g","contentUrl":"https:\/\/secure.gravatar.com\/avatar\/e0a867bdedb85fd243eadf09663511f96fc81e0720a4a42581f334ad4303aa6b?s=96&d=mm&r=g","caption":"Reda\u00e7\u00e3o"}}]}},"amp_enabled":true,"_links":{"self":[{"href":"https:\/\/www.notibras.com\/site\/wp-json\/wp\/v2\/posts\/35562","targetHints":{"allow":["GET"]}}],"collection":[{"href":"https:\/\/www.notibras.com\/site\/wp-json\/wp\/v2\/posts"}],"about":[{"href":"https:\/\/www.notibras.com\/site\/wp-json\/wp\/v2\/types\/post"}],"author":[{"embeddable":true,"href":"https:\/\/www.notibras.com\/site\/wp-json\/wp\/v2\/users\/2"}],"replies":[{"embeddable":true,"href":"https:\/\/www.notibras.com\/site\/wp-json\/wp\/v2\/comments?post=35562"}],"version-history":[{"count":0,"href":"https:\/\/www.notibras.com\/site\/wp-json\/wp\/v2\/posts\/35562\/revisions"}],"wp:featuredmedia":[{"embeddable":true,"href":"https:\/\/www.notibras.com\/site\/wp-json\/wp\/v2\/media\/35563"}],"wp:attachment":[{"href":"https:\/\/www.notibras.com\/site\/wp-json\/wp\/v2\/media?parent=35562"}],"wp:term":[{"taxonomy":"category","embeddable":true,"href":"https:\/\/www.notibras.com\/site\/wp-json\/wp\/v2\/categories?post=35562"},{"taxonomy":"post_tag","embeddable":true,"href":"https:\/\/www.notibras.com\/site\/wp-json\/wp\/v2\/tags?post=35562"}],"curies":[{"name":"wp","href":"https:\/\/api.w.org\/{rel}","templated":true}]}}