{"id":355671,"date":"2025-06-11T07:20:22","date_gmt":"2025-06-11T10:20:22","guid":{"rendered":"https:\/\/www.notibras.com\/site\/?p=355671"},"modified":"2025-06-11T07:34:04","modified_gmt":"2025-06-11T10:34:04","slug":"nordestino-tambem-namora-e-faz-preparativos-para-o-dia-12","status":"publish","type":"post","link":"https:\/\/www.notibras.com\/site\/nordestino-tambem-namora-e-faz-preparativos-para-o-dia-12\/","title":{"rendered":"Nordestino tamb\u00e9m namora&#8230; e faz preparativos para o dia 12"},"content":{"rendered":"<p>No sert\u00e3o de Alagoas, no calor que abra\u00e7a e o vento que assovia por entre os coqueiros, j\u00e1 se sente no ar um clima diferente quando o m\u00eas de junho chega. N\u00e3o \u00e9 s\u00f3 pelo S\u00e3o Jo\u00e3o que vem chegando com suas bandeirolas coloridas e cheiro de milho cozido. \u00c9 que, antes mesmo das quadrilhas come\u00e7arem a ensaiar, tem um outro festejo que acelera o cora\u00e7\u00e3o dos apaixonados: o Dia dos Namorados.<\/p>\n<p>Maria do Socorro, conhecida na rua como Socorrinha, j\u00e1 come\u00e7a os preparativos com semanas de anteced\u00eancia. Lustrando o mesmo perfume que ganhou de presente no ano passado \u2014 \u201cCheiro de Amor\u201d \u2014, ela anda pelas ruas de Paripueira suspirando, escolhendo o vestido que vai usar para impressionar Z\u00e9 Pedro, o namorado que ela diz ter ganhado \u201cde loteria\u201d. \u201cEsse ano vai ter jantar \u00e0 luz de velas e tudo. E nem precisa ser em restaurante, n\u00e3o. Vai ser na cal\u00e7ada, com vela de anivers\u00e1rio e farofa de cuscuz com ovo\u201d, ela conta, rindo.<\/p>\n<p>Na vizinhan\u00e7a, o clima \u00e9 de festa e ansiedade. Cada casal tem seu jeito de celebrar. Uns preparam serenatas com sanfona e zabumba. Outros escrevem cartas \u00e0 m\u00e3o, como antigamente, com palavras que cheiram a saudade e do\u00e7ura. Tem at\u00e9 quem v\u00e1 \u00e0 feira comprar presentes: um ramalhete de flor de mandacaru, um sabonete cheiroso ou um cora\u00e7\u00e3o de croch\u00ea.<\/p>\n<p>Os bares e botecos da cidade, que geralmente tocam forr\u00f3 o ano todo, no Dia dos Namorados ganham um repert\u00f3rio mais meloso: Fagner, Reginaldo Rossi e at\u00e9 umas modas de viola que fazem chorar mais que cebola cortada.<\/p>\n<p>Mas n\u00e3o \u00e9 s\u00f3 romance, n\u00e3o. Tem ansiedade tamb\u00e9m. Jo\u00e3ozinho, que t\u00e1 come\u00e7ando o namoro com Luzinete, j\u00e1 trocou de camisa tr\u00eas vezes s\u00f3 pra ir comprar o presente. \u201cSer\u00e1 que ela vai gostar? Ser\u00e1 que ela me ama mesmo ou \u00e9 s\u00f3 fogo de palha?\u201d, ele pergunta ao vento, enquanto a m\u00e3e dele diz: \u201cVai com f\u00e9, meu filho. Amor que \u00e9 amor resiste at\u00e9 a fila do SUS\u201d.<\/p>\n<p>E assim, entre sorrisos, tremores e esperan\u00e7as, o Nordeste se enfeita de cora\u00e7\u00e3o. Porque por aqui, o amor \u00e9 festejado como se fosse S\u00e3o Jo\u00e3o: com dan\u00e7a, comida boa, sanfona e muita f\u00e9 no futuro. No Dia dos Namorados, todo mundo vira poeta, mesmo que s\u00f3 saiba rimar \u201cpaix\u00e3o\u201d com \u201ccora\u00e7\u00e3o\u201d. No ser\u00e3o, no agreste, na zoina da mata e no litoral.<\/p>\n","protected":false},"excerpt":{"rendered":"<p>No sert\u00e3o de Alagoas, no calor que abra\u00e7a e o vento que assovia por entre os coqueiros, j\u00e1 se sente no ar um clima diferente quando o m\u00eas de junho chega. N\u00e3o \u00e9 s\u00f3 pelo S\u00e3o Jo\u00e3o que vem chegando com suas bandeirolas coloridas e cheiro de milho cozido. \u00c9 que, antes mesmo das quadrilhas [&hellip;]<\/p>\n","protected":false},"author":2,"featured_media":355672,"comment_status":"open","ping_status":"closed","sticky":false,"template":"","format":"standard","meta":{"_acf_changed":false,"footnotes":""},"categories":[165],"tags":[],"class_list":["post-355671","post","type-post","status-publish","format-standard","has-post-thumbnail","hentry","category-nordeste"],"acf":[],"_links":{"self":[{"href":"https:\/\/www.notibras.com\/site\/wp-json\/wp\/v2\/posts\/355671","targetHints":{"allow":["GET"]}}],"collection":[{"href":"https:\/\/www.notibras.com\/site\/wp-json\/wp\/v2\/posts"}],"about":[{"href":"https:\/\/www.notibras.com\/site\/wp-json\/wp\/v2\/types\/post"}],"author":[{"embeddable":true,"href":"https:\/\/www.notibras.com\/site\/wp-json\/wp\/v2\/users\/2"}],"replies":[{"embeddable":true,"href":"https:\/\/www.notibras.com\/site\/wp-json\/wp\/v2\/comments?post=355671"}],"version-history":[{"count":1,"href":"https:\/\/www.notibras.com\/site\/wp-json\/wp\/v2\/posts\/355671\/revisions"}],"predecessor-version":[{"id":355673,"href":"https:\/\/www.notibras.com\/site\/wp-json\/wp\/v2\/posts\/355671\/revisions\/355673"}],"wp:featuredmedia":[{"embeddable":true,"href":"https:\/\/www.notibras.com\/site\/wp-json\/wp\/v2\/media\/355672"}],"wp:attachment":[{"href":"https:\/\/www.notibras.com\/site\/wp-json\/wp\/v2\/media?parent=355671"}],"wp:term":[{"taxonomy":"category","embeddable":true,"href":"https:\/\/www.notibras.com\/site\/wp-json\/wp\/v2\/categories?post=355671"},{"taxonomy":"post_tag","embeddable":true,"href":"https:\/\/www.notibras.com\/site\/wp-json\/wp\/v2\/tags?post=355671"}],"curies":[{"name":"wp","href":"https:\/\/api.w.org\/{rel}","templated":true}]}}