{"id":355674,"date":"2025-06-11T00:39:34","date_gmt":"2025-06-11T03:39:34","guid":{"rendered":"https:\/\/www.notibras.com\/site\/?p=355674"},"modified":"2025-06-11T07:43:15","modified_gmt":"2025-06-11T10:43:15","slug":"com-escolas-do-cabo-fechadas-deputados-evitam-que-greve-se-espalhe","status":"publish","type":"post","link":"https:\/\/www.notibras.com\/site\/com-escolas-do-cabo-fechadas-deputados-evitam-que-greve-se-espalhe\/","title":{"rendered":"Com escolas do Cabo fechadas, deputados evitam que greve se espalhe"},"content":{"rendered":"<p>Enquanto os professores da rede de ensino municipal do Cabo de Santo Agostinho iniciaram na segunda-feira (9) o primeiro dia de paralisa\u00e7\u00e3o da greve anunciada na semana passada, em protesto contra o reajuste de 3,5% do piso salarial da categoria que o prefeito Lula Cabral com o apoio da C\u00e2mara de Vereadores concedeu \u00e0 categoria, no Recife a Assembleia Legislativa aprovou, por unanimidade e em dois turnos, o projeto que concede reajuste de 6,27% ao piso salarial dos professores e profissionais da educa\u00e7\u00e3o da rede estadual de ensino, evitando com isso uma greve geral do ensino em todo o Estado.<\/p>\n<p>O texto estava na pauta de vota\u00e7\u00f5es do Plen\u00e1rio desde o dia 3 de junho, mas, por falta de qu\u00f3rum nas reuni\u00f5es, precisou ter a aprecia\u00e7\u00e3o adiada. O esvaziamento dos encontros, inclusive, gerou diverg\u00eancias pol\u00edticas entre as bancadas de oposi\u00e7\u00e3o e do governo.<\/p>\n<p>Superado o impasse, a proposta foi acatada em primeiro e segundo turnos, em duas reuni\u00f5es consecutivas. Ao final das vota\u00e7\u00f5es, o presidente da Casa, \u00c1lvaro Porto (PSDB), parabenizou a postura dos parlamentares e elogiou os professores pela luta. Porto garantiu, ainda, que o projeto j\u00e1 seria encaminhado para a san\u00e7\u00e3o pela governadora Raquel Lyra.<\/p>\n<p>Nesta segunda-feira, o Sintepe (Sindicato dos Trabalhadores e das Trabalhadoras em Educa\u00e7\u00e3o do Estado de Pernambuco) suspendeu as aulas nas mais de mil escolas estaduais e convocou os professores para ocuparem as galerias da Alepe para pressionar os deputados estaduais para a aprova\u00e7\u00e3o do projeto de lei que determinava o reajuste de 6,27% do piso salarial da categoria que vinha sendo protelado desde de maio, com a falta de quorum determinada pela aus\u00eancia da bancada governista.<\/p>\n<p>Enquanto os professores da rede estadual de ensino conseguiram sensibilizar os parlamentares para aprovarem o seu aumento \u2013 cujo \u00edndice, a n\u00edvel nacional, foi definido pelo Minist\u00e9rio da Educa\u00e7\u00e3o \u2013 no Cabo de Santo as cerca de 300 escolas da rede municipal de ensino amanheceram fechadas nesta segunda-feira. Em apoio \u00e0 reivindica\u00e7\u00e3o dos professores e em apoio \u00e0 categoria, os pr\u00f3prios pais dos alunos seguraram seus filhos em casa.<\/p>\n<p>A greve decretada na semana passada foi a resposta do Sindicato dos Professores do Cabo de Santo Agostinho \u00e0 aprova\u00e7\u00e3o, pela maioria de 18 vereadores que comp\u00f5em a base do governo na C\u00e2mara Municipal, do projeto de lei do prefeito Lula Cabral (Solidariedade) concedendo um reajuste de apenas 3,5% (tr\u00eas e meio por cento) sobre o piso salarial da categoria, quando o \u00edndice definido pelo Minist\u00e9rio da Educa\u00e7\u00e3o foi de 6,27%, a n\u00edvel nacional.<\/p>\n<p>O aumento de 3,5% de Lula Cabral aos professores recebeu o apoio dos vereadores Anderson Boc\u00e3o (PSB), Aziel (PP), Cianinho (Avante), Dr. Bruno Villar (PCdoB), Ezequiel (Solidariedade), Gisele de Dudinha (PP), Karol Barros (Republicanos), Marcelo Macarr\u00e3o (Podemos), Marcos M\u00e3o Amiga (PSB), Naelson Val\u00e9rio (PL), Nia Vip Car (Solidariedade), Paulo Farias (Solidariedade), Pedrinho da Galinha (PP), Robinho Jogador (Solidariedade), Rodrigo Neto (PSDB), Teresa (PP), Vevel de Cabor\u00e9 (PSDB) e Zeu da GVNET (PSB).<\/p>\n<p>Enquanto Lula Cabral decretou com sua proposta um arrocho salarial para os professores, o prefeito de Jaboat\u00e3o dos Guararapes, Mano Menezes (PP) seguiu a orienta\u00e7\u00e3o do governo federal e concedeu aos professores da rede de ensino do Munic\u00edpio um reajuste de 6,27%. J\u00e1 o prefeito de Ipojuca, Carlos Nascimento (Republicanos) foi ainda mais generoso com a categoria e antecipou um reajuste de 10% ainda no in\u00edcio do ano letivo, em fevereiro.<\/p>\n","protected":false},"excerpt":{"rendered":"<p>Enquanto os professores da rede de ensino municipal do Cabo de Santo Agostinho iniciaram na segunda-feira (9) o primeiro dia de paralisa\u00e7\u00e3o da greve anunciada na semana passada, em protesto contra o reajuste de 3,5% do piso salarial da categoria que o prefeito Lula Cabral com o apoio da C\u00e2mara de Vereadores concedeu \u00e0 categoria, [&hellip;]<\/p>\n","protected":false},"author":2,"featured_media":355675,"comment_status":"open","ping_status":"closed","sticky":false,"template":"","format":"standard","meta":{"_acf_changed":false,"footnotes":""},"categories":[165],"tags":[],"class_list":["post-355674","post","type-post","status-publish","format-standard","has-post-thumbnail","hentry","category-nordeste"],"acf":[],"_links":{"self":[{"href":"https:\/\/www.notibras.com\/site\/wp-json\/wp\/v2\/posts\/355674","targetHints":{"allow":["GET"]}}],"collection":[{"href":"https:\/\/www.notibras.com\/site\/wp-json\/wp\/v2\/posts"}],"about":[{"href":"https:\/\/www.notibras.com\/site\/wp-json\/wp\/v2\/types\/post"}],"author":[{"embeddable":true,"href":"https:\/\/www.notibras.com\/site\/wp-json\/wp\/v2\/users\/2"}],"replies":[{"embeddable":true,"href":"https:\/\/www.notibras.com\/site\/wp-json\/wp\/v2\/comments?post=355674"}],"version-history":[{"count":1,"href":"https:\/\/www.notibras.com\/site\/wp-json\/wp\/v2\/posts\/355674\/revisions"}],"predecessor-version":[{"id":355676,"href":"https:\/\/www.notibras.com\/site\/wp-json\/wp\/v2\/posts\/355674\/revisions\/355676"}],"wp:featuredmedia":[{"embeddable":true,"href":"https:\/\/www.notibras.com\/site\/wp-json\/wp\/v2\/media\/355675"}],"wp:attachment":[{"href":"https:\/\/www.notibras.com\/site\/wp-json\/wp\/v2\/media?parent=355674"}],"wp:term":[{"taxonomy":"category","embeddable":true,"href":"https:\/\/www.notibras.com\/site\/wp-json\/wp\/v2\/categories?post=355674"},{"taxonomy":"post_tag","embeddable":true,"href":"https:\/\/www.notibras.com\/site\/wp-json\/wp\/v2\/tags?post=355674"}],"curies":[{"name":"wp","href":"https:\/\/api.w.org\/{rel}","templated":true}]}}