{"id":355677,"date":"2025-06-11T06:46:30","date_gmt":"2025-06-11T09:46:30","guid":{"rendered":"https:\/\/www.notibras.com\/site\/?p=355677"},"modified":"2025-06-11T07:48:36","modified_gmt":"2025-06-11T10:48:36","slug":"fortes-chuvas-causam-alagamentos-em-diversas-regioes-do-nordeste","status":"publish","type":"post","link":"https:\/\/www.notibras.com\/site\/fortes-chuvas-causam-alagamentos-em-diversas-regioes-do-nordeste\/","title":{"rendered":"Fortes chuvas causam alagamentos em diversas regi\u00f5es do Nordeste"},"content":{"rendered":"<p>As intensas chuvas que atingem o Nordeste nos \u00faltimos dias provocaram alagamentos em v\u00e1rias cidades da regi\u00e3o. Estados como Pernambuco, Alagoas, Bahia e Para\u00edba registraram ocorr\u00eancias de ruas completamente inundadas, deslizamentos de terra e preju\u00edzos para moradores.<\/p>\n<p>Em Recife (PE), a Defesa Civil informou que recebeu mais de 200 chamados nas \u00faltimas 24 horas. Diversos bairros ficaram intransit\u00e1veis e moradores precisaram deixar suas casas. Em Macei\u00f3 (AL), rios transbordaram, afetando o tr\u00e2nsito e obrigando o fechamento de escolas.<\/p>\n<p>A previs\u00e3o do tempo indica que as chuvas devem continuar ao longo da semana, especialmente no litoral. Autoridades recomendam que a popula\u00e7\u00e3o evite \u00e1reas de risco e siga as orienta\u00e7\u00f5es da Defesa Civil.<\/p>\n","protected":false},"excerpt":{"rendered":"<p>As intensas chuvas que atingem o Nordeste nos \u00faltimos dias provocaram alagamentos em v\u00e1rias cidades da regi\u00e3o. Estados como Pernambuco, Alagoas, Bahia e Para\u00edba registraram ocorr\u00eancias de ruas completamente inundadas, deslizamentos de terra e preju\u00edzos para moradores. Em Recife (PE), a Defesa Civil informou que recebeu mais de 200 chamados nas \u00faltimas 24 horas. Diversos [&hellip;]<\/p>\n","protected":false},"author":2,"featured_media":355678,"comment_status":"open","ping_status":"closed","sticky":false,"template":"","format":"standard","meta":{"_acf_changed":false,"footnotes":""},"categories":[165],"tags":[],"class_list":["post-355677","post","type-post","status-publish","format-standard","has-post-thumbnail","hentry","category-nordeste"],"acf":[],"_links":{"self":[{"href":"https:\/\/www.notibras.com\/site\/wp-json\/wp\/v2\/posts\/355677","targetHints":{"allow":["GET"]}}],"collection":[{"href":"https:\/\/www.notibras.com\/site\/wp-json\/wp\/v2\/posts"}],"about":[{"href":"https:\/\/www.notibras.com\/site\/wp-json\/wp\/v2\/types\/post"}],"author":[{"embeddable":true,"href":"https:\/\/www.notibras.com\/site\/wp-json\/wp\/v2\/users\/2"}],"replies":[{"embeddable":true,"href":"https:\/\/www.notibras.com\/site\/wp-json\/wp\/v2\/comments?post=355677"}],"version-history":[{"count":1,"href":"https:\/\/www.notibras.com\/site\/wp-json\/wp\/v2\/posts\/355677\/revisions"}],"predecessor-version":[{"id":355679,"href":"https:\/\/www.notibras.com\/site\/wp-json\/wp\/v2\/posts\/355677\/revisions\/355679"}],"wp:featuredmedia":[{"embeddable":true,"href":"https:\/\/www.notibras.com\/site\/wp-json\/wp\/v2\/media\/355678"}],"wp:attachment":[{"href":"https:\/\/www.notibras.com\/site\/wp-json\/wp\/v2\/media?parent=355677"}],"wp:term":[{"taxonomy":"category","embeddable":true,"href":"https:\/\/www.notibras.com\/site\/wp-json\/wp\/v2\/categories?post=355677"},{"taxonomy":"post_tag","embeddable":true,"href":"https:\/\/www.notibras.com\/site\/wp-json\/wp\/v2\/tags?post=355677"}],"curies":[{"name":"wp","href":"https:\/\/api.w.org\/{rel}","templated":true}]}}