{"id":355745,"date":"2025-06-12T00:00:36","date_gmt":"2025-06-12T03:00:36","guid":{"rendered":"https:\/\/www.notibras.com\/site\/?p=355745"},"modified":"2025-06-12T09:27:25","modified_gmt":"2025-06-12T12:27:25","slug":"terraco-shopping-abre-espaco-para-musica-no-dia-dos-namorados","status":"publish","type":"post","link":"https:\/\/www.notibras.com\/site\/terraco-shopping-abre-espaco-para-musica-no-dia-dos-namorados\/","title":{"rendered":"Terra\u00e7o Shopping abre espa\u00e7o para m\u00fasica no Dia dos Namorados"},"content":{"rendered":"<p>Neste Dia dos Namorados, o Terra\u00e7o Shopping vai celebrar o amor com um toque especial de m\u00fasica e decora\u00e7\u00e3o. A Pra\u00e7a Central ser\u00e1 um cen\u00e1rio rom\u00e2ntico para receber o show do cantor Iago dos Santos, \u00e0s 19h.<\/p>\n<p>Iago dos Santos promete emocionar o p\u00fablico com um repert\u00f3rio repleto de cl\u00e1ssicos do jazz e da bossa nova, criando a trilha sonora perfeita para a noite dos apaixonados.<\/p>\n<p>Com uma carreira musical iniciada em 2001, Iago j\u00e1 se apresentou em bares, bailes e shows no Distrito Federal e em outros estados brasileiros. Sua trajet\u00f3ria inclui ainda uma temporada em Dubai, onde tamb\u00e9m encantou o p\u00fablico com seu talento e carisma.<\/p>\n<p>A apresenta\u00e7\u00e3o de Iago dos Santos e a decora\u00e7\u00e3o especial do Terra\u00e7o Shopping v\u00e3o proporcionar momentos \u00fanicos para casais e visitantes celebrarem o amor em grande estilo.<\/p>\n<p><strong>Promo\u00e7\u00e3o<\/strong><br \/>\nA data \u00e9 a oportunidade perfeita para celebrar o carinho, a cumplicidade e os momentos \u00fanicos que s\u00f3 o amor proporciona. E para tornar essa comemora\u00e7\u00e3o ainda mais doce, o shopping preparou uma surpresa especial! Entre os dias 5 e 12 de junho, nas compras acima de R$ 400, os clientes ganham uma deliciosa caixa de chocolates Cole\u00e7\u00e3o Mil Del\u00edcias Kopenhagen \u2013 um mimo perfeito para acompanhar o clima de romance. Para participar, basta cadastrar as notas fiscais no aplicativo Wynk e retirar o presente na hora. A promo\u00e7\u00e3o \u00e9 limitada a uma unidade por CPF e v\u00e1lida enquanto durarem os estoques.<\/p>\n<p><strong>Servi\u00e7o:<\/strong><br \/>\nPrograma\u00e7\u00e3o Dia dos Namorados<br \/>\n12\/06 &#8211; Cantor Iago dos Santos<br \/>\nPra\u00e7a Central, \u00e0s 19h<\/p>\n","protected":false},"excerpt":{"rendered":"<p>Neste Dia dos Namorados, o Terra\u00e7o Shopping vai celebrar o amor com um toque especial de m\u00fasica e decora\u00e7\u00e3o. A Pra\u00e7a Central ser\u00e1 um cen\u00e1rio rom\u00e2ntico para receber o show do cantor Iago dos Santos, \u00e0s 19h. Iago dos Santos promete emocionar o p\u00fablico com um repert\u00f3rio repleto de cl\u00e1ssicos do jazz e da bossa [&hellip;]<\/p>\n","protected":false},"author":2,"featured_media":355746,"comment_status":"open","ping_status":"closed","sticky":false,"template":"","format":"standard","meta":{"_acf_changed":false,"footnotes":""},"categories":[161],"tags":[],"class_list":["post-355745","post","type-post","status-publish","format-standard","has-post-thumbnail","hentry","category-quadradinho-em-foco"],"acf":[],"_links":{"self":[{"href":"https:\/\/www.notibras.com\/site\/wp-json\/wp\/v2\/posts\/355745","targetHints":{"allow":["GET"]}}],"collection":[{"href":"https:\/\/www.notibras.com\/site\/wp-json\/wp\/v2\/posts"}],"about":[{"href":"https:\/\/www.notibras.com\/site\/wp-json\/wp\/v2\/types\/post"}],"author":[{"embeddable":true,"href":"https:\/\/www.notibras.com\/site\/wp-json\/wp\/v2\/users\/2"}],"replies":[{"embeddable":true,"href":"https:\/\/www.notibras.com\/site\/wp-json\/wp\/v2\/comments?post=355745"}],"version-history":[{"count":1,"href":"https:\/\/www.notibras.com\/site\/wp-json\/wp\/v2\/posts\/355745\/revisions"}],"predecessor-version":[{"id":355747,"href":"https:\/\/www.notibras.com\/site\/wp-json\/wp\/v2\/posts\/355745\/revisions\/355747"}],"wp:featuredmedia":[{"embeddable":true,"href":"https:\/\/www.notibras.com\/site\/wp-json\/wp\/v2\/media\/355746"}],"wp:attachment":[{"href":"https:\/\/www.notibras.com\/site\/wp-json\/wp\/v2\/media?parent=355745"}],"wp:term":[{"taxonomy":"category","embeddable":true,"href":"https:\/\/www.notibras.com\/site\/wp-json\/wp\/v2\/categories?post=355745"},{"taxonomy":"post_tag","embeddable":true,"href":"https:\/\/www.notibras.com\/site\/wp-json\/wp\/v2\/tags?post=355745"}],"curies":[{"name":"wp","href":"https:\/\/api.w.org\/{rel}","templated":true}]}}