{"id":355768,"date":"2025-06-13T00:58:29","date_gmt":"2025-06-13T03:58:29","guid":{"rendered":"https:\/\/www.notibras.com\/site\/?p=355768"},"modified":"2025-06-12T21:02:23","modified_gmt":"2025-06-13T00:02:23","slug":"cultura-e-identidade-no-nordeste-sao-marcadas-por-desafios-socioeconomicos","status":"publish","type":"post","link":"https:\/\/www.notibras.com\/site\/cultura-e-identidade-no-nordeste-sao-marcadas-por-desafios-socioeconomicos\/","title":{"rendered":"Cultura e Identidade no Nordeste s\u00e3o marcadas por desafios socioecon\u00f4micos"},"content":{"rendered":"<p>Em meio a paisagens \u00e1ridas e uma hist\u00f3ria marcada por desigualdades, a regi\u00e3o Nordeste segue sendo um ber\u00e7o vibrante de cultura, resist\u00eancia e tradi\u00e7\u00e3o. Apesar dos desafios socioecon\u00f4micos persistentes, as comunidades locais t\u00eam encontrado na preserva\u00e7\u00e3o de seus costumes uma forma de manter viva sua identidade e afirmar seu valor.<\/p>\n<p>Do repente \u00e0s festas juninas, do artesanato em barro ao cordel, cada canto do Nordeste ecoa vozes ancestrais que resistem ao tempo e \u00e0s dificuldades. Em cidades como Exu, no sert\u00e3o de Pernambuco, ou em Juazeiro do Norte, no Cear\u00e1, as tradi\u00e7\u00f5es n\u00e3o apenas sobrevivem, mas s\u00e3o fonte de renda e orgulho para gera\u00e7\u00f5es.<\/p>\n<p>\u201cMesmo com a seca, com a falta de emprego, com tudo que j\u00e1 passamos, a gente nunca deixou de celebrar S\u00e3o Jo\u00e3o. \u00c9 como se fosse uma promessa, uma parte de quem a gente \u00e9\u201d, conta Dona Elza, 74 anos, moradora de Campina Grande (PB), onde acontece uma das maiores festas juninas do mundo.<\/p>\n<p>A regi\u00e3o Nordeste concentra alguns dos piores indicadores sociais do Brasil, como baixa escolaridade, altos \u00edndices de pobreza e acesso limitado a servi\u00e7os p\u00fablicos de qualidade. Essa realidade, herdada desde o per\u00edodo colonial e agravada por pol\u00edticas p\u00fablicas ineficazes, gerou um ciclo de exclus\u00e3o que ainda afeta milh\u00f5es de nordestinos.<\/p>\n<p>\u201cFalar do Nordeste \u00e9 tamb\u00e9m falar de resist\u00eancia. Mesmo enfrentando adversidades, o povo nordestino mant\u00e9m uma das culturas mais ricas do pa\u00eds. Isso tem um valor imensur\u00e1vel\u201d, afirma a antrop\u00f3loga Ana Paula Mendes, pesquisadora da Universidade Federal do Piau\u00ed.<\/p>\n<p>Paradoxalmente, \u00e9 justamente essa tradi\u00e7\u00e3o \u2014 muitas vezes marginalizada \u2014 que tem impulsionado iniciativas de desenvolvimento sustent\u00e1vel na regi\u00e3o. Projetos de turismo cultural, cooperativas de artesanato, valoriza\u00e7\u00e3o da agricultura familiar e economia criativa t\u00eam mostrado que \u00e9 poss\u00edvel gerar renda a partir das ra\u00edzes culturais.<br \/>\nEm Caruaru (PE), ceramistas da regi\u00e3o do Alto do Moura t\u00eam exportado suas pe\u00e7as para o exterior, enquanto em Salvador (BA), rodas de capoeira s\u00e3o tombadas como patrim\u00f4nio e atraem turistas do mundo inteiro.<\/p>\n<p>Para muitos jovens nordestinos, tradi\u00e7\u00e3o e modernidade n\u00e3o se op\u00f5em. Grupos de rap, audiovisual independente, grafiteiros e influenciadores digitais t\u00eam usado as redes sociais para recontar as hist\u00f3rias de seus povos com novos formatos e linguagens.<\/p>\n<p>\u201cA gente n\u00e3o quer esquecer o passado, mas construir um futuro com ele. A cultura do Nordeste \u00e9 nossa arma de transforma\u00e7\u00e3o\u201d, diz Jo\u00e3o Victor, 19 anos, integrante de um coletivo de arte urbana em Fortaleza (CE).<\/p>\n","protected":false},"excerpt":{"rendered":"<p>Em meio a paisagens \u00e1ridas e uma hist\u00f3ria marcada por desigualdades, a regi\u00e3o Nordeste segue sendo um ber\u00e7o vibrante de cultura, resist\u00eancia e tradi\u00e7\u00e3o. Apesar dos desafios socioecon\u00f4micos persistentes, as comunidades locais t\u00eam encontrado na preserva\u00e7\u00e3o de seus costumes uma forma de manter viva sua identidade e afirmar seu valor. Do repente \u00e0s festas juninas, [&hellip;]<\/p>\n","protected":false},"author":2,"featured_media":355769,"comment_status":"open","ping_status":"closed","sticky":false,"template":"","format":"standard","meta":{"_acf_changed":false,"footnotes":""},"categories":[165],"tags":[],"class_list":["post-355768","post","type-post","status-publish","format-standard","has-post-thumbnail","hentry","category-nordeste"],"acf":[],"_links":{"self":[{"href":"https:\/\/www.notibras.com\/site\/wp-json\/wp\/v2\/posts\/355768","targetHints":{"allow":["GET"]}}],"collection":[{"href":"https:\/\/www.notibras.com\/site\/wp-json\/wp\/v2\/posts"}],"about":[{"href":"https:\/\/www.notibras.com\/site\/wp-json\/wp\/v2\/types\/post"}],"author":[{"embeddable":true,"href":"https:\/\/www.notibras.com\/site\/wp-json\/wp\/v2\/users\/2"}],"replies":[{"embeddable":true,"href":"https:\/\/www.notibras.com\/site\/wp-json\/wp\/v2\/comments?post=355768"}],"version-history":[{"count":1,"href":"https:\/\/www.notibras.com\/site\/wp-json\/wp\/v2\/posts\/355768\/revisions"}],"predecessor-version":[{"id":355770,"href":"https:\/\/www.notibras.com\/site\/wp-json\/wp\/v2\/posts\/355768\/revisions\/355770"}],"wp:featuredmedia":[{"embeddable":true,"href":"https:\/\/www.notibras.com\/site\/wp-json\/wp\/v2\/media\/355769"}],"wp:attachment":[{"href":"https:\/\/www.notibras.com\/site\/wp-json\/wp\/v2\/media?parent=355768"}],"wp:term":[{"taxonomy":"category","embeddable":true,"href":"https:\/\/www.notibras.com\/site\/wp-json\/wp\/v2\/categories?post=355768"},{"taxonomy":"post_tag","embeddable":true,"href":"https:\/\/www.notibras.com\/site\/wp-json\/wp\/v2\/tags?post=355768"}],"curies":[{"name":"wp","href":"https:\/\/api.w.org\/{rel}","templated":true}]}}