{"id":355782,"date":"2025-06-13T01:54:52","date_gmt":"2025-06-13T04:54:52","guid":{"rendered":"https:\/\/www.notibras.com\/site\/?p=355782"},"modified":"2025-06-13T09:00:15","modified_gmt":"2025-06-13T12:00:15","slug":"o-chefe-o-presidente-e-o-botafoguense-que-admira-atlas-do-nosso-jornalismo","status":"publish","type":"post","link":"https:\/\/www.notibras.com\/site\/o-chefe-o-presidente-e-o-botafoguense-que-admira-atlas-do-nosso-jornalismo\/","title":{"rendered":"O Chefe, o Presidente e o botafoguense que admira Atlas do nosso jornalismo"},"content":{"rendered":"<p>\u00c9 raro, mas acontece de calhar de estar em Bras\u00edlia para encontrar os baluartes do <strong>Notibras<\/strong>: Jos\u00e9 Seabra, o Chefe, e Armando Cardoso, o Presidente. Para provar que a tarefa n\u00e3o \u00e9 t\u00e3o f\u00e1cil, basta lembrar que o primeiro \u00e9 o mandachuva da Sucursal Nordeste do <strong>Notibras<\/strong> e, por isso, vive em frente \u00e0 incompar\u00e1vel praia de Itapuama, em Cabo de Santo Agostinho-PE. J\u00e1 o Armando \u00e9 o presidente do Conselho Editoria de <strong>Notibras<\/strong>, na capital do pa\u00eds.<\/p>\n<p>Sabe aqueles caras que voc\u00ea quase n\u00e3o v\u00ea, mas, quando chega a hora, \u00e9 aquela sintonia, que \u00e9 como se nos encontr\u00e1ssemos diariamente? Pois \u00e9 assim que \u00e9, ainda mais porque, literalmente, todos os dias converso v\u00e1rias vezes com o Chefe, sem contar que o Armando e eu trocamos confid\u00eancias duas ou tr\u00eas vezes por dia. Ali\u00e1s, o Presidente vive me instigando a ser torcedor do Flamengo, como se isso fosse a resolu\u00e7\u00e3o de todos os meus problemas.<\/p>\n<p>\u2014 Edu, meu irm\u00e3o, venha pro Meng\u00e3o, que o estresse desaparece rapidinho.<\/p>\n<p>\u2014 Presidente, se eu n\u00e3o quisesse me estressar, seria torcedor do Real Madrid.<\/p>\n<p>Para quem n\u00e3o sabe, o Chefe \u00e9 um dos mais resilientes torcedores do Vasco, time por qual sempre tive carinho especial, haja vista a sua incans\u00e1vel luta contra o racismo. Sem falar que o meu papai era vasca\u00edno dos mais fervorosos, e foi por suas m\u00e3os que fui levado para assistir ao primeiro jogo ao vivo no Maracan\u00e3 nos idos de 1978, com direito a dois gola\u00e7os do saudoso Roberto Dinamite na virada contra o Corinthians: Vasco 3 x 1.<\/p>\n<p>Apesar de tantos chamamentos, n\u00e3o tinha como eu n\u00e3o ter sido escolhido pelo Botafogo (ao contr\u00e1rio dos outros torcedores, o botafoguense n\u00e3o escolhe ser, mas \u00e9 escolhido), j\u00e1 que nasci ali, morei ali e, apesar de ser apaixonado por Copacabana, sigo os ensinamentos da minha av\u00f3 materna, Esther Stella Cesario: &#8220;Edu, nunca se esque\u00e7a de onde voc\u00ea veio.&#8221;<\/p>\n<p>Mas deixemos o futebol de lado, pois queria enaltecer esses dois Atlas do jornalismo, que s\u00e3o os sustent\u00e1culos do <strong>Notibras<\/strong>, que est\u00e1 completando 26 anos anos no ar. Faltou muita gente na fotografia, \u00e9 verdade. Entretanto, creio que ela consegue representar a ess\u00eancia do nosso jornal virtual.<\/p>\n<p>&#8230;&#8230;&#8230;&#8230;&#8230;<\/p>\n<p><strong>Eduardo Mart\u00ednez \u00e9 autor do livro 57 Contos e Cr\u00f4nicas por um Autor Muito Velho\u2019<\/strong><\/p>\n<p>Compre aqui\u00a0<span class=\"x19la9d6 x1fc57z9 x6ikm8r x10wlt62 x19co3pv x1g5zs5t xfibh0p xiy17q3 x1xsqp64 x1lkfr7t xexx8yu x4uap5 x18d9i69 xkhd6sd\"><span class=\"xrtxmta x1bhl96m\"><img decoding=\"async\" class=\"emoji\" role=\"img\" draggable=\"false\" src=\"https:\/\/s.w.org\/images\/core\/emoji\/15.0.3\/svg\/1f447-1f3ff.svg\" alt=\"&#x1f447;&#x1f3ff;\" \/><\/span><\/span><\/p>\n<p><a href=\"https:\/\/www.joanineditora.com.br\/57-contos-e-cronicas-por-um-autor-muito-velho\">https:\/\/www.joanineditora.com.br\/57-contos-e-cronicas-por-um-autor-muito-velho<\/a><\/p>\n","protected":false},"excerpt":{"rendered":"<p>\u00c9 raro, mas acontece de calhar de estar em Bras\u00edlia para encontrar os baluartes do Notibras: Jos\u00e9 Seabra, o Chefe, e Armando Cardoso, o Presidente. Para provar que a tarefa n\u00e3o \u00e9 t\u00e3o f\u00e1cil, basta lembrar que o primeiro \u00e9 o mandachuva da Sucursal Nordeste do Notibras e, por isso, vive em frente \u00e0 incompar\u00e1vel [&hellip;]<\/p>\n","protected":false},"author":2,"featured_media":355798,"comment_status":"open","ping_status":"closed","sticky":false,"template":"","format":"standard","meta":{"_acf_changed":false,"footnotes":""},"categories":[161],"tags":[],"class_list":["post-355782","post","type-post","status-publish","format-standard","has-post-thumbnail","hentry","category-quadradinho-em-foco"],"acf":[],"_links":{"self":[{"href":"https:\/\/www.notibras.com\/site\/wp-json\/wp\/v2\/posts\/355782","targetHints":{"allow":["GET"]}}],"collection":[{"href":"https:\/\/www.notibras.com\/site\/wp-json\/wp\/v2\/posts"}],"about":[{"href":"https:\/\/www.notibras.com\/site\/wp-json\/wp\/v2\/types\/post"}],"author":[{"embeddable":true,"href":"https:\/\/www.notibras.com\/site\/wp-json\/wp\/v2\/users\/2"}],"replies":[{"embeddable":true,"href":"https:\/\/www.notibras.com\/site\/wp-json\/wp\/v2\/comments?post=355782"}],"version-history":[{"count":3,"href":"https:\/\/www.notibras.com\/site\/wp-json\/wp\/v2\/posts\/355782\/revisions"}],"predecessor-version":[{"id":355797,"href":"https:\/\/www.notibras.com\/site\/wp-json\/wp\/v2\/posts\/355782\/revisions\/355797"}],"wp:featuredmedia":[{"embeddable":true,"href":"https:\/\/www.notibras.com\/site\/wp-json\/wp\/v2\/media\/355798"}],"wp:attachment":[{"href":"https:\/\/www.notibras.com\/site\/wp-json\/wp\/v2\/media?parent=355782"}],"wp:term":[{"taxonomy":"category","embeddable":true,"href":"https:\/\/www.notibras.com\/site\/wp-json\/wp\/v2\/categories?post=355782"},{"taxonomy":"post_tag","embeddable":true,"href":"https:\/\/www.notibras.com\/site\/wp-json\/wp\/v2\/tags?post=355782"}],"curies":[{"name":"wp","href":"https:\/\/api.w.org\/{rel}","templated":true}]}}