{"id":355809,"date":"2025-06-13T11:36:01","date_gmt":"2025-06-13T14:36:01","guid":{"rendered":"https:\/\/www.notibras.com\/site\/?p=355809"},"modified":"2025-06-13T12:39:12","modified_gmt":"2025-06-13T15:39:12","slug":"federais-prendem-gilson-machado-suspeito-de-armar-eventual-fuga-de-mauro-cid","status":"publish","type":"post","link":"https:\/\/www.notibras.com\/site\/federais-prendem-gilson-machado-suspeito-de-armar-eventual-fuga-de-mauro-cid\/","title":{"rendered":"Federais prendem Gilson Machado, suspeito de armar eventual fuga de Mauro Cid"},"content":{"rendered":"<p>A Pol\u00edcia Federal prendeu nesta sexta-feira (13), no Recife, o ex-ministro do Turismo Gilson Machado. Em nota, o PL (partido de Machado) afirma que acompanha os desdobramentos da pris\u00e3o.<\/p>\n<p>Gilson Machado foi ministro do Turismo do governo Bolsonaro entre dezembro de 2020 e mar\u00e7o de 2022.<\/p>\n<p>Machado tamb\u00e9m foi presidente da Empresa Brasileira de Turismo (Embratur) e secret\u00e1rio de Ecoturismo e Cidadania Ambiental do Minist\u00e9rio de Meio Ambiente.<\/p>\n<p>Ele \u00e9 suspeito de tentar obter um passaporte portugu\u00eas para Mauro Cid, ex-ajudante de ordens de Bolsonaro. A ideia, em princ\u00edpio, seria permitir uma eventual fuga do Brasil.<\/p>\n","protected":false},"excerpt":{"rendered":"<p>A Pol\u00edcia Federal prendeu nesta sexta-feira (13), no Recife, o ex-ministro do Turismo Gilson Machado. Em nota, o PL (partido de Machado) afirma que acompanha os desdobramentos da pris\u00e3o. Gilson Machado foi ministro do Turismo do governo Bolsonaro entre dezembro de 2020 e mar\u00e7o de 2022. Machado tamb\u00e9m foi presidente da Empresa Brasileira de Turismo [&hellip;]<\/p>\n","protected":false},"author":2,"featured_media":336759,"comment_status":"open","ping_status":"closed","sticky":false,"template":"","format":"standard","meta":{"_acf_changed":false,"footnotes":""},"categories":[165],"tags":[],"class_list":["post-355809","post","type-post","status-publish","format-standard","has-post-thumbnail","hentry","category-nordeste"],"acf":[],"_links":{"self":[{"href":"https:\/\/www.notibras.com\/site\/wp-json\/wp\/v2\/posts\/355809","targetHints":{"allow":["GET"]}}],"collection":[{"href":"https:\/\/www.notibras.com\/site\/wp-json\/wp\/v2\/posts"}],"about":[{"href":"https:\/\/www.notibras.com\/site\/wp-json\/wp\/v2\/types\/post"}],"author":[{"embeddable":true,"href":"https:\/\/www.notibras.com\/site\/wp-json\/wp\/v2\/users\/2"}],"replies":[{"embeddable":true,"href":"https:\/\/www.notibras.com\/site\/wp-json\/wp\/v2\/comments?post=355809"}],"version-history":[{"count":1,"href":"https:\/\/www.notibras.com\/site\/wp-json\/wp\/v2\/posts\/355809\/revisions"}],"predecessor-version":[{"id":355810,"href":"https:\/\/www.notibras.com\/site\/wp-json\/wp\/v2\/posts\/355809\/revisions\/355810"}],"wp:featuredmedia":[{"embeddable":true,"href":"https:\/\/www.notibras.com\/site\/wp-json\/wp\/v2\/media\/336759"}],"wp:attachment":[{"href":"https:\/\/www.notibras.com\/site\/wp-json\/wp\/v2\/media?parent=355809"}],"wp:term":[{"taxonomy":"category","embeddable":true,"href":"https:\/\/www.notibras.com\/site\/wp-json\/wp\/v2\/categories?post=355809"},{"taxonomy":"post_tag","embeddable":true,"href":"https:\/\/www.notibras.com\/site\/wp-json\/wp\/v2\/tags?post=355809"}],"curies":[{"name":"wp","href":"https:\/\/api.w.org\/{rel}","templated":true}]}}