{"id":355846,"date":"2025-06-14T00:00:55","date_gmt":"2025-06-14T03:00:55","guid":{"rendered":"https:\/\/www.notibras.com\/site\/?p=355846"},"modified":"2025-06-14T10:19:42","modified_gmt":"2025-06-14T13:19:42","slug":"edital-vai-destinar-1-milhao-a-projetos-sustentaveis-no-nordeste","status":"publish","type":"post","link":"https:\/\/www.notibras.com\/site\/edital-vai-destinar-1-milhao-a-projetos-sustentaveis-no-nordeste\/","title":{"rendered":"Edital vai destinar 1 milh\u00e3o a projetos sustent\u00e1veis no Nordeste"},"content":{"rendered":"<p>A Entidade Administradora de Faixa (EAF), formada pelas operadoras Claro, TIM e Vivo, lan\u00e7ou esta semana o edital Gest\u00e3o de Res\u00edduos Eletr\u00f4nicos, com foco em sustentabilidade e inclus\u00e3o, para destinar at\u00e9 R$ 1 milh\u00e3o a projetos voltados \u00e0 destina\u00e7\u00e3o ambientalmente correta de antenas parab\u00f3licas antigas, conversores, controles remotos, cabos, entre outros res\u00edduos eletr\u00f4nicos.<\/p>\n<p>A finalidade \u00e9 garantir que os equipamentos substitu\u00eddos pelo programa Siga Antenado, obsoletos, tenham um descarte adequado e se transformem em oportunidade de renda, educa\u00e7\u00e3o ambiental e desenvolvimento local para comunidades do Nordeste, especialmente fora dos grandes centros urbanos.<\/p>\n<p>O programa j\u00e1 substituiu gratuitamente as antigas parab\u00f3licas de mais de 5 milh\u00f5es de fam\u00edlias de baixa renda por novos equipamentos digitais. Agora, o pr\u00f3ximo passo \u00e9 garantir que os equipamentos desativados tenham um destino ambientalmente seguro e socialmente \u00fatil.<\/p>\n<p>\u201cO ciclo que iniciamos com a nova parab\u00f3lica digital continua com a gest\u00e3o respons\u00e1vel dos equipamentos antigos. Com esse edital, queremos contribuir para o engajamento e sensibiliza\u00e7\u00e3o de fam\u00edlias brasileiras para o descarte e reaproveitamento de res\u00edduos eletr\u00f4nicos\u201d, explica Patricia Abreu, diretora de Sustentabilidade e Projetos da EAF.<\/p>\n<p><strong>Oportunidade<\/strong><br \/>\nO edital ser\u00e1 voltado a ONGs, cooperativas e institui\u00e7\u00f5es com atua\u00e7\u00e3o comprovada em gest\u00e3o de eletr\u00f4nicos, educa\u00e7\u00e3o ambiental ou economia circular.<\/p>\n<p>Ser\u00e3o priorizadas iniciativas aplicadas na Regi\u00e3o Nordeste, onde a atua\u00e7\u00e3o do Siga Antenado teve maior capilaridade. Projetos que atinjam m\u00faltiplos munic\u00edpios, \u00e1reas rurais e realizem integra\u00e7\u00e3o com redes existentes ser\u00e3o mais bem avaliados.<\/p>\n<p>As propostas selecionadas poder\u00e3o receber at\u00e9 R$ 400 mil cada, com execu\u00e7\u00e3o prevista entre agosto e dezembro deste ano. O total do edital \u00e9 de R$ 1 milh\u00e3o, e at\u00e9 dez projetos poder\u00e3o ser contemplados.<\/p>\n","protected":false},"excerpt":{"rendered":"<p>A Entidade Administradora de Faixa (EAF), formada pelas operadoras Claro, TIM e Vivo, lan\u00e7ou esta semana o edital Gest\u00e3o de Res\u00edduos Eletr\u00f4nicos, com foco em sustentabilidade e inclus\u00e3o, para destinar at\u00e9 R$ 1 milh\u00e3o a projetos voltados \u00e0 destina\u00e7\u00e3o ambientalmente correta de antenas parab\u00f3licas antigas, conversores, controles remotos, cabos, entre outros res\u00edduos eletr\u00f4nicos. A finalidade [&hellip;]<\/p>\n","protected":false},"author":2,"featured_media":355847,"comment_status":"open","ping_status":"closed","sticky":false,"template":"","format":"standard","meta":{"_acf_changed":false,"footnotes":""},"categories":[165],"tags":[],"class_list":["post-355846","post","type-post","status-publish","format-standard","has-post-thumbnail","hentry","category-nordeste"],"acf":[],"_links":{"self":[{"href":"https:\/\/www.notibras.com\/site\/wp-json\/wp\/v2\/posts\/355846","targetHints":{"allow":["GET"]}}],"collection":[{"href":"https:\/\/www.notibras.com\/site\/wp-json\/wp\/v2\/posts"}],"about":[{"href":"https:\/\/www.notibras.com\/site\/wp-json\/wp\/v2\/types\/post"}],"author":[{"embeddable":true,"href":"https:\/\/www.notibras.com\/site\/wp-json\/wp\/v2\/users\/2"}],"replies":[{"embeddable":true,"href":"https:\/\/www.notibras.com\/site\/wp-json\/wp\/v2\/comments?post=355846"}],"version-history":[{"count":1,"href":"https:\/\/www.notibras.com\/site\/wp-json\/wp\/v2\/posts\/355846\/revisions"}],"predecessor-version":[{"id":355848,"href":"https:\/\/www.notibras.com\/site\/wp-json\/wp\/v2\/posts\/355846\/revisions\/355848"}],"wp:featuredmedia":[{"embeddable":true,"href":"https:\/\/www.notibras.com\/site\/wp-json\/wp\/v2\/media\/355847"}],"wp:attachment":[{"href":"https:\/\/www.notibras.com\/site\/wp-json\/wp\/v2\/media?parent=355846"}],"wp:term":[{"taxonomy":"category","embeddable":true,"href":"https:\/\/www.notibras.com\/site\/wp-json\/wp\/v2\/categories?post=355846"},{"taxonomy":"post_tag","embeddable":true,"href":"https:\/\/www.notibras.com\/site\/wp-json\/wp\/v2\/tags?post=355846"}],"curies":[{"name":"wp","href":"https:\/\/api.w.org\/{rel}","templated":true}]}}