{"id":355850,"date":"2025-06-14T09:23:08","date_gmt":"2025-06-14T12:23:08","guid":{"rendered":"https:\/\/www.notibras.com\/site\/?p=355850"},"modified":"2025-06-14T10:25:09","modified_gmt":"2025-06-14T13:25:09","slug":"gripe-aviaria-chega-a-goias-e-bate-na-porta-de-brasilia","status":"publish","type":"post","link":"https:\/\/www.notibras.com\/site\/gripe-aviaria-chega-a-goias-e-bate-na-porta-de-brasilia\/","title":{"rendered":"Gripe avi\u00e1ria chega a Goi\u00e1s e bate na porta de Bras\u00edlia"},"content":{"rendered":"<p>A Ag\u00eancia Goiana de Defesa Agropecu\u00e1ria (Agrodefesa) confirmou a detec\u00e7\u00e3o do primeiro foco de influenza avi\u00e1ria de alta patogenicidade (IAAP) em Goi\u00e1s. O caso foi registrado em aves de subsist\u00eancia (fundo de quintal) no munic\u00edpio de Santo Ant\u00f4nio da Barra, regi\u00e3o sudoeste do estado.<\/p>\n<p>Em nota, a Agrodefesa informou que a notifica\u00e7\u00e3o da suspeita foi feita \u00e0 ag\u00eancia na \u00faltima segunda-feira (9), incluindo relatos de mortes de aproximadamente 100 galinhas que apresentaram sinais como asas ca\u00eddas, secre\u00e7\u00e3o nasal, dificuldade respirat\u00f3ria, apatia, diarreia e edema de face.<\/p>\n<p>\u201cAssim que notificada, a Agrodefesa atuou de forma imediata, enviando equipes t\u00e9cnicas, em at\u00e9 12 horas, para realizar a interdi\u00e7\u00e3o das propriedades e a coleta de amostras, seguindo rigorosamente os protocolos do Programa Nacional de Sanidade Av\u00edcola\u201d, destacou o comunicado.<\/p>\n<p>As an\u00e1lises foram feitas pelo Laborat\u00f3rio Federal de Defesa Agropecu\u00e1ria do Minist\u00e9rio de Agricultura e Pecu\u00e1ria. Ap\u00f3s a confirma\u00e7\u00e3o, equipes da Agrodefesa foram mobilizadas e permanecem na regi\u00e3o com a\u00e7\u00f5es de controle sanit\u00e1rio, investiga\u00e7\u00e3o epidemiol\u00f3gica e refor\u00e7o das orienta\u00e7\u00f5es \u00e0 popula\u00e7\u00e3o.<\/p>\n<p>As a\u00e7\u00f5es emergenciais incluem vigil\u00e2ncia em um raio de 10 quil\u00f4metros ao redor do foco, com monitoramento intensivo do tr\u00e2nsito de aves, ovos e materiais av\u00edcolas, restri\u00e7\u00e3o de movimenta\u00e7\u00f5es e refor\u00e7o nas barreiras sanit\u00e1rias, suspens\u00e3o tempor\u00e1ria de feiras e exposi\u00e7\u00f5es com aves vivas nas regi\u00f5es afetadas e a\u00e7\u00f5es de educa\u00e7\u00e3o sanit\u00e1ria.<\/p>\n<p>\u201cO caso n\u00e3o deve impactar as exporta\u00e7\u00f5es de carnes e ovos, pois n\u00e3o envolve aves comerciais. Importante tamb\u00e9m refor\u00e7ar que a influenza avi\u00e1ria n\u00e3o representa risco \u00e0 sa\u00fade humana quando n\u00e3o h\u00e1 contato direto com aves doentes e que o consumo de carne de aves e de ovos continua seguro para a popula\u00e7\u00e3o\u201d, destacou a nota.<\/p>\n<p>No comunicado, a Agrodefesa ressaltou que um outro poss\u00edvel foco da doen\u00e7a, que havia sido notificado tamb\u00e9m no dia 9 na cidade de Montes Claros de Goi\u00e1s, testou negativo para influenza avi\u00e1ria.<\/p>\n","protected":false},"excerpt":{"rendered":"<p>A Ag\u00eancia Goiana de Defesa Agropecu\u00e1ria (Agrodefesa) confirmou a detec\u00e7\u00e3o do primeiro foco de influenza avi\u00e1ria de alta patogenicidade (IAAP) em Goi\u00e1s. O caso foi registrado em aves de subsist\u00eancia (fundo de quintal) no munic\u00edpio de Santo Ant\u00f4nio da Barra, regi\u00e3o sudoeste do estado. Em nota, a Agrodefesa informou que a notifica\u00e7\u00e3o da suspeita foi [&hellip;]<\/p>\n","protected":false},"author":2,"featured_media":355851,"comment_status":"open","ping_status":"closed","sticky":false,"template":"","format":"standard","meta":{"_acf_changed":false,"footnotes":""},"categories":[161],"tags":[],"class_list":["post-355850","post","type-post","status-publish","format-standard","has-post-thumbnail","hentry","category-quadradinho-em-foco"],"acf":[],"_links":{"self":[{"href":"https:\/\/www.notibras.com\/site\/wp-json\/wp\/v2\/posts\/355850","targetHints":{"allow":["GET"]}}],"collection":[{"href":"https:\/\/www.notibras.com\/site\/wp-json\/wp\/v2\/posts"}],"about":[{"href":"https:\/\/www.notibras.com\/site\/wp-json\/wp\/v2\/types\/post"}],"author":[{"embeddable":true,"href":"https:\/\/www.notibras.com\/site\/wp-json\/wp\/v2\/users\/2"}],"replies":[{"embeddable":true,"href":"https:\/\/www.notibras.com\/site\/wp-json\/wp\/v2\/comments?post=355850"}],"version-history":[{"count":1,"href":"https:\/\/www.notibras.com\/site\/wp-json\/wp\/v2\/posts\/355850\/revisions"}],"predecessor-version":[{"id":355852,"href":"https:\/\/www.notibras.com\/site\/wp-json\/wp\/v2\/posts\/355850\/revisions\/355852"}],"wp:featuredmedia":[{"embeddable":true,"href":"https:\/\/www.notibras.com\/site\/wp-json\/wp\/v2\/media\/355851"}],"wp:attachment":[{"href":"https:\/\/www.notibras.com\/site\/wp-json\/wp\/v2\/media?parent=355850"}],"wp:term":[{"taxonomy":"category","embeddable":true,"href":"https:\/\/www.notibras.com\/site\/wp-json\/wp\/v2\/categories?post=355850"},{"taxonomy":"post_tag","embeddable":true,"href":"https:\/\/www.notibras.com\/site\/wp-json\/wp\/v2\/tags?post=355850"}],"curies":[{"name":"wp","href":"https:\/\/api.w.org\/{rel}","templated":true}]}}