{"id":355881,"date":"2025-06-15T00:00:09","date_gmt":"2025-06-15T03:00:09","guid":{"rendered":"https:\/\/www.notibras.com\/site\/?p=355881"},"modified":"2025-06-15T09:02:27","modified_gmt":"2025-06-15T12:02:27","slug":"forro-embala-sao-joao-de-caruaru-o-maior-do-mundo","status":"publish","type":"post","link":"https:\/\/www.notibras.com\/site\/forro-embala-sao-joao-de-caruaru-o-maior-do-mundo\/","title":{"rendered":"Forr\u00f3 embala S\u00e3o Jo\u00e3o de Caruaru, &#8220;o maior do mundo&#8221;"},"content":{"rendered":"<p>Desde 25 de abril, Caruaru, cidade do Agreste pernambucano a cerca de 150 quil\u00f4metros da capital Recife, respira ares de festa junina. Foi nessa data que a programa\u00e7\u00e3o oficial do S\u00e3o Jo\u00e3o teve in\u00edcio. Al\u00e9m do P\u00e1tio de Eventos Luiz Gonzaga, conhecido como P\u00e1tio do Forr\u00f3que abrigar o maior dos palcos musicais, o p\u00fablico tamb\u00e9m aproveita as atra\u00e7\u00f5es em polos culturais espalhados principalmente pelo centro da cidade.<\/p>\n<p>Pelo corredor onde a festa se concentra, \u00e9 poss\u00edvel encontrar um p\u00fablico diverso, formado por pessoas de todas as idades, especialmente fam\u00edlias, que aproveitam a festa desde o in\u00edcio da tarde at\u00e9 a madrugada, principalmente nos fins de semana. O forr\u00f3, em suas v\u00e1rias vertentes, \u00e9 o carro-chefe da festividade, mas h\u00e1 espa\u00e7o tamb\u00e9m para outros g\u00eaneros musicais.<\/p>\n<p>Na noite da \u00faltima sexta-feira (13), Dia de Santo Ant\u00f4nio, uma multid\u00e3o se reuniu para os shows de Tarc\u00edsio do Acordeon e do cantor baiano L\u00e9o Santana no P\u00e1tio do Forr\u00f3. J\u00e1 no Polo Azul\u00e3o, espa\u00e7o dedicado \u00e0 m\u00fasica alternativa, o p\u00fablico presente na festa dan\u00e7ou com a Banda de P\u00edfanos de Caruaru e tamb\u00e9m cantou em un\u00edssono os hits da cantora Vanessa da Mata, que incorporou um sanfoneiro \u00e0 sua banda e apresentou em vers\u00e3o forr\u00f3 can\u00e7\u00f5es como &#8220;Amado&#8221; e &#8220;Ainda Bem&#8221;.<\/p>\n<p>Entre os que acompanhavam o show de Vanessa com aten\u00e7\u00e3o estava o casal formado pelo enfermeiro Tiago Martins Eloi e pelo t\u00e9cnico de enfermagem Helandio Martins. Moradores de Fortaleza (CE), o casal apaixonado por m\u00fasica e cultura sempre sonhou em conhecer o autointitulado &#8220;o melhor e maior S\u00e3o Jo\u00e3o do Mundo&#8221;. Decidiram a viagem de \u00faltima hora no come\u00e7o da semana e se surpreenderam com o que viram.<\/p>\n<p>&#8220;N\u00e3o imaginava o tamanho, a propor\u00e7\u00e3o. Achei muito organizado. Gostei muito da divis\u00e3o de cada palco tocando uma coisa, achamos uma surpresa! A gente veio para o L\u00e9o Santana, e quando chegamos aqui descobrimos que tamb\u00e9m tinha show da Vanessa da Mata, que \u00e9 uma diva para a gente. Est\u00e1 maravilhoso&#8221;, disse Tiago.<\/p>\n<p>No entanto, segundo eles, o veredito final sobre qual \u00e9, de fato, o melhor S\u00e3o Jo\u00e3o s\u00f3 ser\u00e1 conhecido ap\u00f3s a ida do casal a Campina Grande, na Para\u00edba, neste fim de semana.<\/p>\n<p>Morador de Bras\u00edlia, o artista Marcos Teixeira Alves tamb\u00e9m acompanhava as atra\u00e7\u00f5es ao lado da amiga, a cuidadora L\u00eddia Alves, que vive na cidade h\u00e1 mais de vinte anos. A amizade, mesmo recente, rendeu convite para o S\u00e3o Jo\u00e3o com hospedagem garantida, um presente bem-vindo j\u00e1 que nessa \u00e9poca do ano os pre\u00e7os dos produtos e servi\u00e7os disparam na cidade.<\/p>\n<p>&#8220;Aqui tem todos os estilos de forr\u00f3 que voc\u00ea imaginar, \u00e9 uma loucura!&#8221;, comentou Marcos. Para L\u00eddia, apesar das mudan\u00e7as na rotina proporcionadas pelo evento e da chegada de milhares de visitantes \u00e0 cidade, esta \u00e9 a melhor \u00e9poca do ano. &#8220;Para quem mora em Caruaru, o S\u00e3o Jo\u00e3o \u00e9 o nosso Carnaval!&#8221;.<\/p>\n<p>Os amigos Brigitte Bovary, Lidia Alves, Marcos Alves e Merciane Kiara durante apresenta\u00e7\u00e3o da Banda de P\u00edfanos de Caruaru no palco Azul\u00e3o, Foto: Tomaz Silva\/Ag\u00eancia Brasil<\/p>\n<p>A programa\u00e7\u00e3o do S\u00e3o Jo\u00e3o de Caruaru segue at\u00e9 o dia 28 de junho. Neste s\u00e1bado (14), se no palco principal Vitor Fernandes, Raphaela Santos, Lambasaia e Mano Walter. No domingo \u00e9 a vez de Fael Mariz, Batista Lima, Bell Marques e Z\u00e9 Vaqueiro.<\/p>\n","protected":false},"excerpt":{"rendered":"<p>Desde 25 de abril, Caruaru, cidade do Agreste pernambucano a cerca de 150 quil\u00f4metros da capital Recife, respira ares de festa junina. Foi nessa data que a programa\u00e7\u00e3o oficial do S\u00e3o Jo\u00e3o teve in\u00edcio. Al\u00e9m do P\u00e1tio de Eventos Luiz Gonzaga, conhecido como P\u00e1tio do Forr\u00f3que abrigar o maior dos palcos musicais, o p\u00fablico tamb\u00e9m [&hellip;]<\/p>\n","protected":false},"author":2,"featured_media":355882,"comment_status":"open","ping_status":"closed","sticky":false,"template":"","format":"standard","meta":{"_acf_changed":false,"footnotes":""},"categories":[165],"tags":[],"class_list":["post-355881","post","type-post","status-publish","format-standard","has-post-thumbnail","hentry","category-nordeste"],"acf":[],"_links":{"self":[{"href":"https:\/\/www.notibras.com\/site\/wp-json\/wp\/v2\/posts\/355881","targetHints":{"allow":["GET"]}}],"collection":[{"href":"https:\/\/www.notibras.com\/site\/wp-json\/wp\/v2\/posts"}],"about":[{"href":"https:\/\/www.notibras.com\/site\/wp-json\/wp\/v2\/types\/post"}],"author":[{"embeddable":true,"href":"https:\/\/www.notibras.com\/site\/wp-json\/wp\/v2\/users\/2"}],"replies":[{"embeddable":true,"href":"https:\/\/www.notibras.com\/site\/wp-json\/wp\/v2\/comments?post=355881"}],"version-history":[{"count":1,"href":"https:\/\/www.notibras.com\/site\/wp-json\/wp\/v2\/posts\/355881\/revisions"}],"predecessor-version":[{"id":355883,"href":"https:\/\/www.notibras.com\/site\/wp-json\/wp\/v2\/posts\/355881\/revisions\/355883"}],"wp:featuredmedia":[{"embeddable":true,"href":"https:\/\/www.notibras.com\/site\/wp-json\/wp\/v2\/media\/355882"}],"wp:attachment":[{"href":"https:\/\/www.notibras.com\/site\/wp-json\/wp\/v2\/media?parent=355881"}],"wp:term":[{"taxonomy":"category","embeddable":true,"href":"https:\/\/www.notibras.com\/site\/wp-json\/wp\/v2\/categories?post=355881"},{"taxonomy":"post_tag","embeddable":true,"href":"https:\/\/www.notibras.com\/site\/wp-json\/wp\/v2\/tags?post=355881"}],"curies":[{"name":"wp","href":"https:\/\/api.w.org\/{rel}","templated":true}]}}