{"id":355884,"date":"2025-06-15T00:05:46","date_gmt":"2025-06-15T03:05:46","guid":{"rendered":"https:\/\/www.notibras.com\/site\/?p=355884"},"modified":"2025-06-15T09:08:30","modified_gmt":"2025-06-15T12:08:30","slug":"governo-testa-sistema-de-alerta-em-areas-nordestinas","status":"publish","type":"post","link":"https:\/\/www.notibras.com\/site\/governo-testa-sistema-de-alerta-em-areas-nordestinas\/","title":{"rendered":"Governo testa sistema de alerta em \u00e1reas nordestinas"},"content":{"rendered":"<p>O presidente Luiz In\u00e1cio Lula da Silva participou neste s\u00e1bado (14) da ativa\u00e7\u00e3o do novo sistema Defesa Civil Alerta, durante evento no Centro Nacional de Gerenciamento de Riscos e Desastres (Cenad), em Bras\u00edlia.<\/p>\n<p>Uma vez acionado, o sistema enviou uma mensagem emergencial, em formato de teste, para celulares de moradores de 36 munic\u00edpios de todos os estados do Nordeste. O in\u00edcio oficial da opera\u00e7\u00e3o do sistema na regi\u00e3o est\u00e1 previsto para a pr\u00f3xima quarta-feira (18).<\/p>\n<p>A mensagem que apareceu na tela dos celulares durante o teste foi: \u201cALERTA EXTREMO \u2013 Defesa Civil: ALERTA DE DEMONSTRA\u00c7\u00c3O do novo sistema de alerta de emerg\u00eancia no estado. Para mais informa\u00e7\u00f5es, consulte o site do Defesa Civil Alerta.\u201d<\/p>\n<p>Durante a simula\u00e7\u00e3o, o ministro da Integra\u00e7\u00e3o e do Desenvolvimento Regional, Waldez G\u00f3es, lembrou que o Defesa Civil Alerta j\u00e1 foi disponibilizado, no fim do ano passado, para estados do Sul e Sudeste.<\/p>\n<p>\u201cDesde o in\u00edcio do ano, a Defesa Civil Nacional treinou, capacitou, instruiu, habilitou e certificou os nove estados do Nordeste\u201d, disse. Estados do Norte e do Centro-Oeste, segundo ele, passam pelo mesmo processo. A expectativa \u00e9 que, at\u00e9 o final de 2025, o sistema esteja dispon\u00edvel em todo o pa\u00eds.<\/p>\n<p>\u201cMuitas vezes, as pessoas ficam sem nenhuma informa\u00e7\u00e3o. A gente fica totalmente perdido, n\u00e3o sabe para onde vai, para onde levar as coisas. E todo mundo est\u00e1 fugindo. Por isso a orienta\u00e7\u00e3o \u00e9 boa. Porque, se tem um desespero e as pessoas saem sem orienta\u00e7\u00e3o, essa sa\u00edda de forma desordenada complica mais do que ajuda\u201d, avaliou Lula.<\/p>\n<p>No evento, o presidente defendeu ainda o que ele chamou de \u201cdefesa civil profissional\u201d no pa\u00eds. \u201cEm todas as cidades, todo prefeito tem que ter consci\u00eancia de que, mais dia ou menos dia, ele vai precisar de Defesa Civil. Ent\u00e3o, \u00e9 preciso ter um quadro de pessoas preparadas no munic\u00edpio para eventuais problemas\u201d.<\/p>\n<p><strong>Entenda<\/strong><br \/>\nSegundo Waldez, a mensagem emergencial enviada pelo sistema ser\u00e1 sobreposta ao conte\u00fado exibido no celular, com som de alerta que toca mesmo em aparelhos que estejam no modo silencioso.<\/p>\n<p>O aviso chegar\u00e1 a todos os dispositivos compat\u00edveis localizados na \u00e1rea de cobertura, sem necessidade de cadastro pr\u00e9vio.<\/p>\n<p>\u201cDos \u00faltimos anos para c\u00e1, os eventos clim\u00e1ticos foram mais desafiadores, t\u00eam sido mais frequentes e tamb\u00e9m mais intensos. Isso tem gerado desafios maiores para toda pol\u00edtica p\u00fablica\u201d, destacou o ministro.<\/p>\n<p><strong>Munic\u00edpios<\/strong><br \/>\nConfira os munic\u00edpios que participaram da simula\u00e7\u00e3o neste s\u00e1bado:<\/p>\n<p>Alagoas: Macei\u00f3, Marechal Deodoro, Pilar e S\u00e3o Lu\u00eds do Quitunde;<br \/>\nBahia: Salvador, Ilh\u00e9us, Vit\u00f3ria da Conquista e Santa Cruz Cabr\u00e1lia;<br \/>\nCear\u00e1: Fortaleza, Aquiraz, Caucaia e Uruburetama;<br \/>\nMaranh\u00e3o: S\u00e3o Lu\u00eds, Pa\u00e7o Lumiar, Trizidela do Vale e Imperatriz;<br \/>\nPara\u00edba: Jo\u00e3o Pessoa, Alagoa Nova, Itatuba e Coremas;<br \/>\nPernambuco: Recife, Jaboat\u00e3o dos Guararapes, Caruaru e Ipojuca;<br \/>\nPiau\u00ed: Teresina, Urucu\u00ed, Picos e Esperantina;<br \/>\nRio Grande do Norte: Natal, Parnamirim, S\u00e3o Gon\u00e7alo do Amarante e Extremoz;<br \/>\nSergipe: Aracaju, Barra dos Coqueiros, Est\u00e2ncia e Lagarto.<\/p>\n","protected":false},"excerpt":{"rendered":"<p>O presidente Luiz In\u00e1cio Lula da Silva participou neste s\u00e1bado (14) da ativa\u00e7\u00e3o do novo sistema Defesa Civil Alerta, durante evento no Centro Nacional de Gerenciamento de Riscos e Desastres (Cenad), em Bras\u00edlia. Uma vez acionado, o sistema enviou uma mensagem emergencial, em formato de teste, para celulares de moradores de 36 munic\u00edpios de todos [&hellip;]<\/p>\n","protected":false},"author":2,"featured_media":355885,"comment_status":"open","ping_status":"closed","sticky":false,"template":"","format":"standard","meta":{"_acf_changed":false,"footnotes":""},"categories":[165],"tags":[],"class_list":["post-355884","post","type-post","status-publish","format-standard","has-post-thumbnail","hentry","category-nordeste"],"acf":[],"_links":{"self":[{"href":"https:\/\/www.notibras.com\/site\/wp-json\/wp\/v2\/posts\/355884","targetHints":{"allow":["GET"]}}],"collection":[{"href":"https:\/\/www.notibras.com\/site\/wp-json\/wp\/v2\/posts"}],"about":[{"href":"https:\/\/www.notibras.com\/site\/wp-json\/wp\/v2\/types\/post"}],"author":[{"embeddable":true,"href":"https:\/\/www.notibras.com\/site\/wp-json\/wp\/v2\/users\/2"}],"replies":[{"embeddable":true,"href":"https:\/\/www.notibras.com\/site\/wp-json\/wp\/v2\/comments?post=355884"}],"version-history":[{"count":2,"href":"https:\/\/www.notibras.com\/site\/wp-json\/wp\/v2\/posts\/355884\/revisions"}],"predecessor-version":[{"id":355887,"href":"https:\/\/www.notibras.com\/site\/wp-json\/wp\/v2\/posts\/355884\/revisions\/355887"}],"wp:featuredmedia":[{"embeddable":true,"href":"https:\/\/www.notibras.com\/site\/wp-json\/wp\/v2\/media\/355885"}],"wp:attachment":[{"href":"https:\/\/www.notibras.com\/site\/wp-json\/wp\/v2\/media?parent=355884"}],"wp:term":[{"taxonomy":"category","embeddable":true,"href":"https:\/\/www.notibras.com\/site\/wp-json\/wp\/v2\/categories?post=355884"},{"taxonomy":"post_tag","embeddable":true,"href":"https:\/\/www.notibras.com\/site\/wp-json\/wp\/v2\/tags?post=355884"}],"curies":[{"name":"wp","href":"https:\/\/api.w.org\/{rel}","templated":true}]}}