{"id":355893,"date":"2025-06-15T09:33:41","date_gmt":"2025-06-15T12:33:41","guid":{"rendered":"https:\/\/www.notibras.com\/site\/?p=355893"},"modified":"2025-06-15T09:38:11","modified_gmt":"2025-06-15T12:38:11","slug":"os-perrengues-vividos-por-maria-lucia-no-itapoa","status":"publish","type":"post","link":"https:\/\/www.notibras.com\/site\/os-perrengues-vividos-por-maria-lucia-no-itapoa\/","title":{"rendered":"Os perrengues vividos por Maria L\u00facia no Itapo\u00e3"},"content":{"rendered":"<p>Tempos dif\u00edceis, mas j\u00e1 estou acostumada. Quase nunca vivi dias tranquilos e, por isso mesmo, jamais me senti personagem de fotonovelas. F\u00e1tima, minha irm\u00e3 mais velha, \u00e9 que se via nesse mundo de ilus\u00f5es, como se, de repente, fosse encontrar um pr\u00edncipe encantado montado em um cavalo branco aqui no Itapo\u00e3. Obviamente que n\u00e3o achou nem mesmo algu\u00e9m em um pangar\u00e9.<\/p>\n<p>Aqui em casa \u00e9 normal o circo pegar fogo, e eu fico c\u00e1 no meu canto, ciente de que as chamas, por mais altas que sejam, basta manter a dist\u00e2ncia adequada para n\u00e3o me queimar. \u00c9 verdade que, vez ou outra, fico com a pele chamuscada. Quem quiser arrancar os cabelos, que arranque. Os meus s\u00f3 caem por conta pr\u00f3pria.<\/p>\n<p>Maria L\u00facia , 64 anos vividos da forma que pude. Casada algumas vezes, descasada outras tantas. Ing\u00eanua? Nem pensar! Tanto \u00e9 que logo aprendi que esperar por algu\u00e9m mudar \u00e9 que nem crente falando que Jesus est\u00e1 voltando. Pra cima de mim? N\u00e3o tenho paci\u00eancia para esperar todo o milho estourar, quero mais \u00e9 pipoca.<\/p>\n<p>Se a vida \u00e9 um trem, ainda n\u00e3o conheci a primeira classe. Todavia, j\u00e1 convivi com gente que passou por l\u00e1, seja para servir, seja por engano.<\/p>\n<p>\u2014 Maria L\u00facia, \u00e9 tudo igual, s\u00f3 que melhor.<\/p>\n<p>Quem me disse isso foi Almerinda, dom\u00e9stica que era tratada como se fosse da fam\u00edlia. Bastou engravidar para perder o parentesco. Minha amiga passou um per\u00edodo indigesto, at\u00e9 que a ficha caiu e, ent\u00e3o, ela percebeu que aquele modo aparentemente gentil como era tratada n\u00e3o passava de fachada. O pior \u00e9 que, n\u00e3o raro, ainda a vejo defendendo os antigos patr\u00f5es quando algu\u00e9m lhe diz algumas verdades sobre eles.<\/p>\n<p>\u2014 Voc\u00ea n\u00e3o vai acreditar, Maria L\u00facia.<\/p>\n<p>\u2014 Pois diga.<\/p>\n<p>\u2014 Peguei um \u00f4nibus errado e fui parar no Park Way.<\/p>\n<p>\u2014 Logo l\u00e1?<\/p>\n<p>\u2014 Sim, no meio daqueles casar\u00f5es de rica\u00e7os.<\/p>\n<p>\u2014 T\u00e1, mas e da\u00ed?<\/p>\n<p>\u2014 Da\u00ed que chegou uma viatura e me abordou. Acabei na delegacia.<\/p>\n<p>Esse a\u00ed \u00e9 o Juninho, filho da vizinha. Sei que ainda n\u00e3o completou 20 anos, pois conseguiu se livrar, h\u00e1 pouco, do servi\u00e7o militar por conta da falta de carnes no esqueleto.<\/p>\n<p>E, assim, vou levando a vida. \u00c0s vezes, melhora um pouco, mesmo que, no minuto seguinte, o trem descarrilha novamente. Enquanto houver oxig\u00eanio, sigo respirando.<\/p>\n<p>&#8230;&#8230;&#8230;&#8230;&#8230;<\/p>\n<p><strong>Eduardo Mart\u00ednez \u00e9 autor do livro 57 Contos e Cr\u00f4nicas por um Autor Muito Velho\u2019<\/strong><\/p>\n<p>Compre aqui\u00a0<span class=\"x19la9d6 x1fc57z9 x6ikm8r x10wlt62 x19co3pv x1g5zs5t xfibh0p xiy17q3 x1xsqp64 x1lkfr7t xexx8yu x4uap5 x18d9i69 xkhd6sd\"><span class=\"xrtxmta x1bhl96m\"><img decoding=\"async\" class=\"emoji\" role=\"img\" draggable=\"false\" src=\"https:\/\/s.w.org\/images\/core\/emoji\/15.0.3\/svg\/1f447-1f3ff.svg\" alt=\"&#x1f447;&#x1f3ff;\" \/><\/span><\/span><\/p>\n<p><a href=\"https:\/\/www.joanineditora.com.br\/57-contos-e-cronicas-por-um-autor-muito-velho\">https:\/\/www.joanineditora.com.br\/57-contos-e-cronicas-por-um-autor-muito-velho<\/a><\/p>\n","protected":false},"excerpt":{"rendered":"<p>Tempos dif\u00edceis, mas j\u00e1 estou acostumada. Quase nunca vivi dias tranquilos e, por isso mesmo, jamais me senti personagem de fotonovelas. F\u00e1tima, minha irm\u00e3 mais velha, \u00e9 que se via nesse mundo de ilus\u00f5es, como se, de repente, fosse encontrar um pr\u00edncipe encantado montado em um cavalo branco aqui no Itapo\u00e3. Obviamente que n\u00e3o achou [&hellip;]<\/p>\n","protected":false},"author":2,"featured_media":355894,"comment_status":"open","ping_status":"closed","sticky":false,"template":"","format":"standard","meta":{"_acf_changed":false,"footnotes":""},"categories":[161],"tags":[],"class_list":["post-355893","post","type-post","status-publish","format-standard","has-post-thumbnail","hentry","category-quadradinho-em-foco"],"acf":[],"_links":{"self":[{"href":"https:\/\/www.notibras.com\/site\/wp-json\/wp\/v2\/posts\/355893","targetHints":{"allow":["GET"]}}],"collection":[{"href":"https:\/\/www.notibras.com\/site\/wp-json\/wp\/v2\/posts"}],"about":[{"href":"https:\/\/www.notibras.com\/site\/wp-json\/wp\/v2\/types\/post"}],"author":[{"embeddable":true,"href":"https:\/\/www.notibras.com\/site\/wp-json\/wp\/v2\/users\/2"}],"replies":[{"embeddable":true,"href":"https:\/\/www.notibras.com\/site\/wp-json\/wp\/v2\/comments?post=355893"}],"version-history":[{"count":1,"href":"https:\/\/www.notibras.com\/site\/wp-json\/wp\/v2\/posts\/355893\/revisions"}],"predecessor-version":[{"id":355895,"href":"https:\/\/www.notibras.com\/site\/wp-json\/wp\/v2\/posts\/355893\/revisions\/355895"}],"wp:featuredmedia":[{"embeddable":true,"href":"https:\/\/www.notibras.com\/site\/wp-json\/wp\/v2\/media\/355894"}],"wp:attachment":[{"href":"https:\/\/www.notibras.com\/site\/wp-json\/wp\/v2\/media?parent=355893"}],"wp:term":[{"taxonomy":"category","embeddable":true,"href":"https:\/\/www.notibras.com\/site\/wp-json\/wp\/v2\/categories?post=355893"},{"taxonomy":"post_tag","embeddable":true,"href":"https:\/\/www.notibras.com\/site\/wp-json\/wp\/v2\/tags?post=355893"}],"curies":[{"name":"wp","href":"https:\/\/api.w.org\/{rel}","templated":true}]}}