{"id":355904,"date":"2025-06-16T07:18:53","date_gmt":"2025-06-16T10:18:53","guid":{"rendered":"https:\/\/www.notibras.com\/site\/?p=355904"},"modified":"2025-06-22T16:49:47","modified_gmt":"2025-06-22T19:49:47","slug":"insano-genocida-como-hitler-nethanyahu-fara-de-israel-novo-auschwitz","status":"publish","type":"post","link":"https:\/\/www.notibras.com\/site\/insano-genocida-como-hitler-nethanyahu-fara-de-israel-novo-auschwitz\/","title":{"rendered":"Insano, genocida como Hitler, Nethanyahu far\u00e1 de Israel novo Auschwitz"},"content":{"rendered":"<p>Desde os prim\u00f3rdios, o mundo j\u00e1 experimentou guerras e pandemias diversas, a maioria devastadora. Nenhuma delas foi \u2013 ou \u00e9 \u2013 t\u00e3o letal como a maldade humana, a principal causadora dos conflitos. Como ver raz\u00e3o em um homem que n\u00e3o consegue se render ao sucesso do outro? Uma pena, mas n\u00e3o h\u00e1 como deixar de registrar que, com exce\u00e7\u00e3o da morte, n\u00e3o h\u00e1 limites para a maldade humana. Inveja, \u00f3dio, ego inflado ou a necessidade de se mostrar poderoso talvez sejam os motivos que levam alguns homens a matarem para aniquilar advers\u00e1rios que poderiam ser vencidos com boas ideias e propostas palp\u00e1veis.<\/p>\n<p>Nada disso \u00e9 posto na balan\u00e7a daqueles que t\u00eam paix\u00e3o pelas guerras. Independentemente dos louros da vit\u00f3ria, ganhar uma guerra \u00e9 t\u00e3o desastroso quanto perd\u00ea-la. E da\u00ed se o mais importante \u00e9 a medalha que eventualmente se conquista? O problema \u00e9 que, na \u00e2nsia de serem idolatrados ou de se perpetuarem no poder, os l\u00edderes das batalhas tamb\u00e9m matam inocentes incapazes de rea\u00e7\u00e3o. Cada um a seu modo, Benjamin Netanyahu, Donald Trump, Vladimir Putin, Nicol\u00e1s Maduro e Kim Jong-un, entre outros menos famosos, n\u00e3o admitem sombra. Por isso, matam, matam e matam, pois vivem em guerras internas.<\/p>\n<p>Um dos maiores exemplos da insanidade \u00e9 o argumento do l\u00edder de Israel para bombardear dezenas de alvos do Ir\u00e3. Netanyahu alega que Teer\u00e3 est\u00e1 construindo bombas at\u00f4micas que poderiam ser usadas contra Tel Aviv. Ele n\u00e3o disse nenhuma mentira. Entretanto, falta com a verdade ao deixar de explicar ao mundo por que Israel \u00e9 um dos poucos pa\u00edses que n\u00e3o assinou o Tratado de N\u00e3o Prolifera\u00e7\u00e3o de Armas Nucleares (TNP). Informa\u00e7\u00f5es seguras d\u00e3o conta de que o arsenal nuclear de Israel \u00e9 o maior e mais sofisticado de todas as novas pot\u00eancias nucleares, podendo chegar a 200 ogivas. Ou seja, eles t\u00eam bombas para dar e vender.<\/p>\n<p>Ent\u00e3o, por que os iranianos, seus inimigos mortais, n\u00e3o podem ter? \u00c9 a falta de limites da maldade do homem que s\u00f3 pensa em si mesmo. O mundo est\u00e1 cheio desses exemplos. Putin se acha o monarca do peda\u00e7o. Trump tem certeza de que \u00e9 rei. Maduro se imagina eterno, enquanto o norte-coreano Jong-un se v\u00ea como herdeiro das maldades do pai e do av\u00f4. Para o bem do povo e do pa\u00eds, no Brasil o aprendiz de feiticeiro teve as asas cortadas em pleno voo. Tamb\u00e9m louco pelo poder, pelo visto o nosso estagi\u00e1rio em tirania ter\u00e1 muita dificuldade para seguir os ensinamentos dos mestres da loucura e da insensatez humana.<\/p>\n<p>S\u00e3o os tais que publicamente se apresentam como prot\u00f3tipos da tese filos\u00f3fica de que a maldade habita invis\u00edvel e furtivamente o por\u00e3o de cada ser humano. Por mais que existam grupos que, gratuita ou festivamente, insistam em defend\u00ea-los, os l\u00edderes da maldade contra advers\u00e1rios pol\u00edticos, financeiros ou territoriais n\u00e3o aceitam o contradit\u00f3rio, muito menos a derrota. S\u00e3o os tipos naturalmente ego\u00edstas e normalmente inclinados \u00e0 viol\u00eancia. Eis as raz\u00f5es pelas quais eles defendem com unhas, dentes e muitas armas o direito da guerra, consequentemente o v\u00edcio de se divertirem \u00e0 custa da vida alheia.<\/p>\n<p>A quest\u00e3o de o ser humano ser naturalmente bom ou mau \u00e9 um debate filos\u00f3fico antigo. N\u00e3o h\u00e1 at\u00e9 hoje uma resposta \u00fanica e consensual. Conforme o fil\u00f3sofo e escritor ingl\u00eas Thomas Hobbes, \u00e9 o ser humano vivendo em um estado onde &#8220;o homem \u00e9 o lobo do homem\u201d. Menos radical, o tamb\u00e9m fil\u00f3sofo e escritor Jean-Jacques Rousseau morreu acreditando que o homem nasce bom, mas \u00e9 corrompido pela sociedade. Embora seja f\u00e3 do te\u00f3rico su\u00ed\u00e7o, tenho c\u00e1 minhas d\u00favidas a respeito dessa afirma\u00e7\u00e3o. Abra\u00e7o a teoria de que o homem n\u00e3o \u00e9 inerentemente bom ou mau, mas sim um ser com potencial para ambos os lados. Concluindo, lembro uma frase lapidar do franc\u00eas Jean-Paul Sartre: \u201cQuando os ricos e poderosos fazem a guerra, s\u00e3o sempre os pobres que morrem\u201d. Algu\u00e9m duvida?<\/p>\n<p>Voltando a Nethanyahu, ele caminha para fazer de Israel mm grande Auschwitz. Ci\u00fames de Hitler? Talvez Freud explique.<\/p>\n<p>&#8230;&#8230;&#8230;&#8230;&#8230;&#8230;&#8230;.<\/p>\n<p><strong>Misael Igreja \u00e9 analista de Notibras para assuntos pol\u00edticos, econ\u00f4micos e sociais<\/strong><\/p>\n","protected":false},"excerpt":{"rendered":"<p>Desde os prim\u00f3rdios, o mundo j\u00e1 experimentou guerras e pandemias diversas, a maioria devastadora. Nenhuma delas foi \u2013 ou \u00e9 \u2013 t\u00e3o letal como a maldade humana, a principal causadora dos conflitos. Como ver raz\u00e3o em um homem que n\u00e3o consegue se render ao sucesso do outro? Uma pena, mas n\u00e3o h\u00e1 como deixar de [&hellip;]<\/p>\n","protected":false},"author":2,"featured_media":355905,"comment_status":"open","ping_status":"closed","sticky":false,"template":"","format":"standard","meta":{"_acf_changed":false,"footnotes":""},"categories":[159],"tags":[95],"class_list":["post-355904","post","type-post","status-publish","format-standard","has-post-thumbnail","hentry","category-apocalipse","tag-capa"],"acf":[],"yoast_head":"<!-- This site is optimized with the Yoast SEO plugin v27.2 - https:\/\/yoast.com\/product\/yoast-seo-wordpress\/ -->\n<title>Insano, genocida como Hitler, Nethanyahu far\u00e1 de Israel novo Auschwitz - Notibras<\/title>\n<meta name=\"robots\" content=\"index, follow, max-snippet:-1, max-image-preview:large, max-video-preview:-1\" \/>\n<link rel=\"canonical\" href=\"https:\/\/www.notibras.com\/site\/insano-genocida-como-hitler-nethanyahu-fara-de-israel-novo-auschwitz\/\" \/>\n<meta property=\"og:locale\" content=\"pt_BR\" \/>\n<meta property=\"og:type\" content=\"article\" \/>\n<meta property=\"og:title\" content=\"Insano, genocida como Hitler, Nethanyahu far\u00e1 de Israel novo Auschwitz - Notibras\" \/>\n<meta property=\"og:description\" content=\"Desde os prim\u00f3rdios, o mundo j\u00e1 experimentou guerras e pandemias diversas, a maioria devastadora. Nenhuma delas foi \u2013 ou \u00e9 \u2013 t\u00e3o letal como a maldade humana, a principal causadora dos conflitos. Como ver raz\u00e3o em um homem que n\u00e3o consegue se render ao sucesso do outro? Uma pena, mas n\u00e3o h\u00e1 como deixar de [&hellip;]\" \/>\n<meta property=\"og:url\" content=\"https:\/\/www.notibras.com\/site\/insano-genocida-como-hitler-nethanyahu-fara-de-israel-novo-auschwitz\/\" \/>\n<meta property=\"og:site_name\" content=\"Notibras\" \/>\n<meta property=\"article:publisher\" content=\"https:\/\/www.facebook.com\/notibras\/\" \/>\n<meta property=\"article:published_time\" content=\"2025-06-16T10:18:53+00:00\" \/>\n<meta property=\"article:modified_time\" content=\"2025-06-22T19:49:47+00:00\" \/>\n<meta property=\"og:image\" content=\"https:\/\/www.notibras.com\/site\/wp-content\/uploads\/2025\/06\/adolf_hitler_benjamin_netanyahu.jpf_.webp\" \/>\n\t<meta property=\"og:image:width\" content=\"640\" \/>\n\t<meta property=\"og:image:height\" content=\"373\" \/>\n\t<meta property=\"og:image:type\" content=\"image\/webp\" \/>\n<meta name=\"author\" content=\"Reda\u00e7\u00e3o\" \/>\n<meta name=\"twitter:card\" content=\"summary_large_image\" \/>\n<meta name=\"twitter:creator\" content=\"@Notibras\" \/>\n<meta name=\"twitter:site\" content=\"@Notibras\" \/>\n<meta name=\"twitter:label1\" content=\"Escrito por\" \/>\n\t<meta name=\"twitter:data1\" content=\"Reda\u00e7\u00e3o\" \/>\n\t<meta name=\"twitter:label2\" content=\"Est. tempo de leitura\" \/>\n\t<meta name=\"twitter:data2\" content=\"4 minutos\" \/>\n<script type=\"application\/ld+json\" class=\"yoast-schema-graph\">{\"@context\":\"https:\/\/schema.org\",\"@graph\":[{\"@type\":\"Article\",\"@id\":\"https:\/\/www.notibras.com\/site\/insano-genocida-como-hitler-nethanyahu-fara-de-israel-novo-auschwitz\/#article\",\"isPartOf\":{\"@id\":\"https:\/\/www.notibras.com\/site\/insano-genocida-como-hitler-nethanyahu-fara-de-israel-novo-auschwitz\/\"},\"author\":{\"name\":\"Reda\u00e7\u00e3o\",\"@id\":\"https:\/\/www.notibras.com\/site\/#\/schema\/person\/36ab0979449956132d3e5b517ea76ac8\"},\"headline\":\"Insano, genocida como Hitler, Nethanyahu far\u00e1 de Israel novo Auschwitz\",\"datePublished\":\"2025-06-16T10:18:53+00:00\",\"dateModified\":\"2025-06-22T19:49:47+00:00\",\"mainEntityOfPage\":{\"@id\":\"https:\/\/www.notibras.com\/site\/insano-genocida-como-hitler-nethanyahu-fara-de-israel-novo-auschwitz\/\"},\"wordCount\":736,\"commentCount\":1,\"publisher\":{\"@id\":\"https:\/\/www.notibras.com\/site\/#organization\"},\"image\":{\"@id\":\"https:\/\/www.notibras.com\/site\/insano-genocida-como-hitler-nethanyahu-fara-de-israel-novo-auschwitz\/#primaryimage\"},\"thumbnailUrl\":\"https:\/\/www.notibras.com\/site\/wp-content\/uploads\/2025\/06\/adolf_hitler_benjamin_netanyahu.jpf_.webp\",\"keywords\":[\"capa\"],\"articleSection\":[\"Apocalipse\"],\"inLanguage\":\"pt-BR\",\"potentialAction\":[{\"@type\":\"CommentAction\",\"name\":\"Comment\",\"target\":[\"https:\/\/www.notibras.com\/site\/insano-genocida-como-hitler-nethanyahu-fara-de-israel-novo-auschwitz\/#respond\"]}]},{\"@type\":\"WebPage\",\"@id\":\"https:\/\/www.notibras.com\/site\/insano-genocida-como-hitler-nethanyahu-fara-de-israel-novo-auschwitz\/\",\"url\":\"https:\/\/www.notibras.com\/site\/insano-genocida-como-hitler-nethanyahu-fara-de-israel-novo-auschwitz\/\",\"name\":\"Insano, genocida como Hitler, Nethanyahu far\u00e1 de Israel novo Auschwitz - Notibras\",\"isPartOf\":{\"@id\":\"https:\/\/www.notibras.com\/site\/#website\"},\"primaryImageOfPage\":{\"@id\":\"https:\/\/www.notibras.com\/site\/insano-genocida-como-hitler-nethanyahu-fara-de-israel-novo-auschwitz\/#primaryimage\"},\"image\":{\"@id\":\"https:\/\/www.notibras.com\/site\/insano-genocida-como-hitler-nethanyahu-fara-de-israel-novo-auschwitz\/#primaryimage\"},\"thumbnailUrl\":\"https:\/\/www.notibras.com\/site\/wp-content\/uploads\/2025\/06\/adolf_hitler_benjamin_netanyahu.jpf_.webp\",\"datePublished\":\"2025-06-16T10:18:53+00:00\",\"dateModified\":\"2025-06-22T19:49:47+00:00\",\"breadcrumb\":{\"@id\":\"https:\/\/www.notibras.com\/site\/insano-genocida-como-hitler-nethanyahu-fara-de-israel-novo-auschwitz\/#breadcrumb\"},\"inLanguage\":\"pt-BR\",\"potentialAction\":[{\"@type\":\"ReadAction\",\"target\":[\"https:\/\/www.notibras.com\/site\/insano-genocida-como-hitler-nethanyahu-fara-de-israel-novo-auschwitz\/\"]}]},{\"@type\":\"ImageObject\",\"inLanguage\":\"pt-BR\",\"@id\":\"https:\/\/www.notibras.com\/site\/insano-genocida-como-hitler-nethanyahu-fara-de-israel-novo-auschwitz\/#primaryimage\",\"url\":\"https:\/\/www.notibras.com\/site\/wp-content\/uploads\/2025\/06\/adolf_hitler_benjamin_netanyahu.jpf_.webp\",\"contentUrl\":\"https:\/\/www.notibras.com\/site\/wp-content\/uploads\/2025\/06\/adolf_hitler_benjamin_netanyahu.jpf_.webp\",\"width\":640,\"height\":373},{\"@type\":\"BreadcrumbList\",\"@id\":\"https:\/\/www.notibras.com\/site\/insano-genocida-como-hitler-nethanyahu-fara-de-israel-novo-auschwitz\/#breadcrumb\",\"itemListElement\":[{\"@type\":\"ListItem\",\"position\":1,\"name\":\"In\u00edcio\",\"item\":\"https:\/\/www.notibras.com\/site\/\"},{\"@type\":\"ListItem\",\"position\":2,\"name\":\"Insano, genocida como Hitler, Nethanyahu far\u00e1 de Israel novo Auschwitz\"}]},{\"@type\":\"WebSite\",\"@id\":\"https:\/\/www.notibras.com\/site\/#website\",\"url\":\"https:\/\/www.notibras.com\/site\/\",\"name\":\"Notibras\",\"description\":\"Not\u00edcias de Bras\u00edlia, do Brasil e do Mundo\",\"publisher\":{\"@id\":\"https:\/\/www.notibras.com\/site\/#organization\"},\"potentialAction\":[{\"@type\":\"SearchAction\",\"target\":{\"@type\":\"EntryPoint\",\"urlTemplate\":\"https:\/\/www.notibras.com\/site\/?s={search_term_string}\"},\"query-input\":{\"@type\":\"PropertyValueSpecification\",\"valueRequired\":true,\"valueName\":\"search_term_string\"}}],\"inLanguage\":\"pt-BR\"},{\"@type\":\"Organization\",\"@id\":\"https:\/\/www.notibras.com\/site\/#organization\",\"name\":\"Grupo Notibras de Comunica\u00e7\u00e3o\",\"url\":\"https:\/\/www.notibras.com\/site\/\",\"logo\":{\"@type\":\"ImageObject\",\"inLanguage\":\"pt-BR\",\"@id\":\"https:\/\/www.notibras.com\/site\/#\/schema\/logo\/image\/\",\"url\":\"https:\/\/www.notibras.com\/site\/wp-content\/uploads\/2023\/01\/notibras23.png\",\"contentUrl\":\"https:\/\/www.notibras.com\/site\/wp-content\/uploads\/2023\/01\/notibras23.png\",\"width\":350,\"height\":87,\"caption\":\"Grupo Notibras de Comunica\u00e7\u00e3o\"},\"image\":{\"@id\":\"https:\/\/www.notibras.com\/site\/#\/schema\/logo\/image\/\"},\"sameAs\":[\"https:\/\/www.facebook.com\/notibras\/\",\"https:\/\/x.com\/Notibras\",\"https:\/\/www.instagram.com\/notibras\/\"]},{\"@type\":\"Person\",\"@id\":\"https:\/\/www.notibras.com\/site\/#\/schema\/person\/36ab0979449956132d3e5b517ea76ac8\",\"name\":\"Reda\u00e7\u00e3o\",\"image\":{\"@type\":\"ImageObject\",\"inLanguage\":\"pt-BR\",\"@id\":\"https:\/\/secure.gravatar.com\/avatar\/e0a867bdedb85fd243eadf09663511f96fc81e0720a4a42581f334ad4303aa6b?s=96&d=mm&r=g\",\"url\":\"https:\/\/secure.gravatar.com\/avatar\/e0a867bdedb85fd243eadf09663511f96fc81e0720a4a42581f334ad4303aa6b?s=96&d=mm&r=g\",\"contentUrl\":\"https:\/\/secure.gravatar.com\/avatar\/e0a867bdedb85fd243eadf09663511f96fc81e0720a4a42581f334ad4303aa6b?s=96&d=mm&r=g\",\"caption\":\"Reda\u00e7\u00e3o\"}}]}<\/script>\n<!-- \/ Yoast SEO plugin. -->","yoast_head_json":{"title":"Insano, genocida como Hitler, Nethanyahu far\u00e1 de Israel novo Auschwitz - Notibras","robots":{"index":"index","follow":"follow","max-snippet":"max-snippet:-1","max-image-preview":"max-image-preview:large","max-video-preview":"max-video-preview:-1"},"canonical":"https:\/\/www.notibras.com\/site\/insano-genocida-como-hitler-nethanyahu-fara-de-israel-novo-auschwitz\/","og_locale":"pt_BR","og_type":"article","og_title":"Insano, genocida como Hitler, Nethanyahu far\u00e1 de Israel novo Auschwitz - Notibras","og_description":"Desde os prim\u00f3rdios, o mundo j\u00e1 experimentou guerras e pandemias diversas, a maioria devastadora. Nenhuma delas foi \u2013 ou \u00e9 \u2013 t\u00e3o letal como a maldade humana, a principal causadora dos conflitos. Como ver raz\u00e3o em um homem que n\u00e3o consegue se render ao sucesso do outro? Uma pena, mas n\u00e3o h\u00e1 como deixar de [&hellip;]","og_url":"https:\/\/www.notibras.com\/site\/insano-genocida-como-hitler-nethanyahu-fara-de-israel-novo-auschwitz\/","og_site_name":"Notibras","article_publisher":"https:\/\/www.facebook.com\/notibras\/","article_published_time":"2025-06-16T10:18:53+00:00","article_modified_time":"2025-06-22T19:49:47+00:00","og_image":[{"width":640,"height":373,"url":"https:\/\/www.notibras.com\/site\/wp-content\/uploads\/2025\/06\/adolf_hitler_benjamin_netanyahu.jpf_.webp","type":"image\/webp"}],"author":"Reda\u00e7\u00e3o","twitter_card":"summary_large_image","twitter_creator":"@Notibras","twitter_site":"@Notibras","twitter_misc":{"Escrito por":"Reda\u00e7\u00e3o","Est. tempo de leitura":"4 minutos"},"schema":{"@context":"https:\/\/schema.org","@graph":[{"@type":"Article","@id":"https:\/\/www.notibras.com\/site\/insano-genocida-como-hitler-nethanyahu-fara-de-israel-novo-auschwitz\/#article","isPartOf":{"@id":"https:\/\/www.notibras.com\/site\/insano-genocida-como-hitler-nethanyahu-fara-de-israel-novo-auschwitz\/"},"author":{"name":"Reda\u00e7\u00e3o","@id":"https:\/\/www.notibras.com\/site\/#\/schema\/person\/36ab0979449956132d3e5b517ea76ac8"},"headline":"Insano, genocida como Hitler, Nethanyahu far\u00e1 de Israel novo Auschwitz","datePublished":"2025-06-16T10:18:53+00:00","dateModified":"2025-06-22T19:49:47+00:00","mainEntityOfPage":{"@id":"https:\/\/www.notibras.com\/site\/insano-genocida-como-hitler-nethanyahu-fara-de-israel-novo-auschwitz\/"},"wordCount":736,"commentCount":1,"publisher":{"@id":"https:\/\/www.notibras.com\/site\/#organization"},"image":{"@id":"https:\/\/www.notibras.com\/site\/insano-genocida-como-hitler-nethanyahu-fara-de-israel-novo-auschwitz\/#primaryimage"},"thumbnailUrl":"https:\/\/www.notibras.com\/site\/wp-content\/uploads\/2025\/06\/adolf_hitler_benjamin_netanyahu.jpf_.webp","keywords":["capa"],"articleSection":["Apocalipse"],"inLanguage":"pt-BR","potentialAction":[{"@type":"CommentAction","name":"Comment","target":["https:\/\/www.notibras.com\/site\/insano-genocida-como-hitler-nethanyahu-fara-de-israel-novo-auschwitz\/#respond"]}]},{"@type":"WebPage","@id":"https:\/\/www.notibras.com\/site\/insano-genocida-como-hitler-nethanyahu-fara-de-israel-novo-auschwitz\/","url":"https:\/\/www.notibras.com\/site\/insano-genocida-como-hitler-nethanyahu-fara-de-israel-novo-auschwitz\/","name":"Insano, genocida como Hitler, Nethanyahu far\u00e1 de Israel novo Auschwitz - Notibras","isPartOf":{"@id":"https:\/\/www.notibras.com\/site\/#website"},"primaryImageOfPage":{"@id":"https:\/\/www.notibras.com\/site\/insano-genocida-como-hitler-nethanyahu-fara-de-israel-novo-auschwitz\/#primaryimage"},"image":{"@id":"https:\/\/www.notibras.com\/site\/insano-genocida-como-hitler-nethanyahu-fara-de-israel-novo-auschwitz\/#primaryimage"},"thumbnailUrl":"https:\/\/www.notibras.com\/site\/wp-content\/uploads\/2025\/06\/adolf_hitler_benjamin_netanyahu.jpf_.webp","datePublished":"2025-06-16T10:18:53+00:00","dateModified":"2025-06-22T19:49:47+00:00","breadcrumb":{"@id":"https:\/\/www.notibras.com\/site\/insano-genocida-como-hitler-nethanyahu-fara-de-israel-novo-auschwitz\/#breadcrumb"},"inLanguage":"pt-BR","potentialAction":[{"@type":"ReadAction","target":["https:\/\/www.notibras.com\/site\/insano-genocida-como-hitler-nethanyahu-fara-de-israel-novo-auschwitz\/"]}]},{"@type":"ImageObject","inLanguage":"pt-BR","@id":"https:\/\/www.notibras.com\/site\/insano-genocida-como-hitler-nethanyahu-fara-de-israel-novo-auschwitz\/#primaryimage","url":"https:\/\/www.notibras.com\/site\/wp-content\/uploads\/2025\/06\/adolf_hitler_benjamin_netanyahu.jpf_.webp","contentUrl":"https:\/\/www.notibras.com\/site\/wp-content\/uploads\/2025\/06\/adolf_hitler_benjamin_netanyahu.jpf_.webp","width":640,"height":373},{"@type":"BreadcrumbList","@id":"https:\/\/www.notibras.com\/site\/insano-genocida-como-hitler-nethanyahu-fara-de-israel-novo-auschwitz\/#breadcrumb","itemListElement":[{"@type":"ListItem","position":1,"name":"In\u00edcio","item":"https:\/\/www.notibras.com\/site\/"},{"@type":"ListItem","position":2,"name":"Insano, genocida como Hitler, Nethanyahu far\u00e1 de Israel novo Auschwitz"}]},{"@type":"WebSite","@id":"https:\/\/www.notibras.com\/site\/#website","url":"https:\/\/www.notibras.com\/site\/","name":"Notibras","description":"Not\u00edcias de Bras\u00edlia, do Brasil e do Mundo","publisher":{"@id":"https:\/\/www.notibras.com\/site\/#organization"},"potentialAction":[{"@type":"SearchAction","target":{"@type":"EntryPoint","urlTemplate":"https:\/\/www.notibras.com\/site\/?s={search_term_string}"},"query-input":{"@type":"PropertyValueSpecification","valueRequired":true,"valueName":"search_term_string"}}],"inLanguage":"pt-BR"},{"@type":"Organization","@id":"https:\/\/www.notibras.com\/site\/#organization","name":"Grupo Notibras de Comunica\u00e7\u00e3o","url":"https:\/\/www.notibras.com\/site\/","logo":{"@type":"ImageObject","inLanguage":"pt-BR","@id":"https:\/\/www.notibras.com\/site\/#\/schema\/logo\/image\/","url":"https:\/\/www.notibras.com\/site\/wp-content\/uploads\/2023\/01\/notibras23.png","contentUrl":"https:\/\/www.notibras.com\/site\/wp-content\/uploads\/2023\/01\/notibras23.png","width":350,"height":87,"caption":"Grupo Notibras de Comunica\u00e7\u00e3o"},"image":{"@id":"https:\/\/www.notibras.com\/site\/#\/schema\/logo\/image\/"},"sameAs":["https:\/\/www.facebook.com\/notibras\/","https:\/\/x.com\/Notibras","https:\/\/www.instagram.com\/notibras\/"]},{"@type":"Person","@id":"https:\/\/www.notibras.com\/site\/#\/schema\/person\/36ab0979449956132d3e5b517ea76ac8","name":"Reda\u00e7\u00e3o","image":{"@type":"ImageObject","inLanguage":"pt-BR","@id":"https:\/\/secure.gravatar.com\/avatar\/e0a867bdedb85fd243eadf09663511f96fc81e0720a4a42581f334ad4303aa6b?s=96&d=mm&r=g","url":"https:\/\/secure.gravatar.com\/avatar\/e0a867bdedb85fd243eadf09663511f96fc81e0720a4a42581f334ad4303aa6b?s=96&d=mm&r=g","contentUrl":"https:\/\/secure.gravatar.com\/avatar\/e0a867bdedb85fd243eadf09663511f96fc81e0720a4a42581f334ad4303aa6b?s=96&d=mm&r=g","caption":"Reda\u00e7\u00e3o"}}]}},"amp_enabled":true,"_links":{"self":[{"href":"https:\/\/www.notibras.com\/site\/wp-json\/wp\/v2\/posts\/355904","targetHints":{"allow":["GET"]}}],"collection":[{"href":"https:\/\/www.notibras.com\/site\/wp-json\/wp\/v2\/posts"}],"about":[{"href":"https:\/\/www.notibras.com\/site\/wp-json\/wp\/v2\/types\/post"}],"author":[{"embeddable":true,"href":"https:\/\/www.notibras.com\/site\/wp-json\/wp\/v2\/users\/2"}],"replies":[{"embeddable":true,"href":"https:\/\/www.notibras.com\/site\/wp-json\/wp\/v2\/comments?post=355904"}],"version-history":[{"count":2,"href":"https:\/\/www.notibras.com\/site\/wp-json\/wp\/v2\/posts\/355904\/revisions"}],"predecessor-version":[{"id":355907,"href":"https:\/\/www.notibras.com\/site\/wp-json\/wp\/v2\/posts\/355904\/revisions\/355907"}],"wp:featuredmedia":[{"embeddable":true,"href":"https:\/\/www.notibras.com\/site\/wp-json\/wp\/v2\/media\/355905"}],"wp:attachment":[{"href":"https:\/\/www.notibras.com\/site\/wp-json\/wp\/v2\/media?parent=355904"}],"wp:term":[{"taxonomy":"category","embeddable":true,"href":"https:\/\/www.notibras.com\/site\/wp-json\/wp\/v2\/categories?post=355904"},{"taxonomy":"post_tag","embeddable":true,"href":"https:\/\/www.notibras.com\/site\/wp-json\/wp\/v2\/tags?post=355904"}],"curies":[{"name":"wp","href":"https:\/\/api.w.org\/{rel}","templated":true}]}}