{"id":355927,"date":"2025-06-16T08:38:21","date_gmt":"2025-06-16T11:38:21","guid":{"rendered":"https:\/\/www.notibras.com\/site\/?p=355927"},"modified":"2025-06-16T08:38:21","modified_gmt":"2025-06-16T11:38:21","slug":"sao-francisco-tera-nova-hidrovia-para-levar-cargas","status":"publish","type":"post","link":"https:\/\/www.notibras.com\/site\/sao-francisco-tera-nova-hidrovia-para-levar-cargas\/","title":{"rendered":"S\u00e3o Francisco ter\u00e1 nova hidrovia para levar cargas"},"content":{"rendered":"<p>O Rio S\u00e3o Francisco ter\u00e1 uma nova hidrovia para transporte de cargas do Sudeste (a partir de Pirapora-MG) para o Nordeste (a Juazeiro-BA e Petrolina-PE).<\/p>\n<p>O projeto vai utilizar os 1.371 km de extens\u00e3o naveg\u00e1veis com uma proje\u00e7\u00e3o de movimentar cinco milh\u00f5es de toneladas.<\/p>\n<p>Entre as cargas previstas, est\u00e3o insumos agr\u00edcolas, gesso, gipsita, calc\u00e1rio, gr\u00e3os, bebidas, min\u00e9rio e sal.<\/p>\n<p>O ministro de Portos e Aeroportos, S\u00edlvio Costa Filho, afirmou que a hidrovia ser\u00e1 muito estrat\u00e9gica para o desenvolvimento da regi\u00e3o. Neste m\u00eas de junho, ele disse que iria assinar a delega\u00e7\u00e3o das obras \u00e0 Companhia das Docas do Estado da Bahia.<\/p>\n<p>Na sequ\u00eancia, est\u00e3o previstos os estudos t\u00e9cnicos, conforme o ministro.<\/p>\n<p>No percurso, o Velho Chico passa pelo Distrito Federal, por Goi\u00e1s, pela Bahia, por Sergipe, Alagoas e Pernambuco. S\u00e3o 505 munic\u00edpios e mais de 11,4 milh\u00f5es de pessoas que, de alguma forma, se relacionam com um dos principais rios brasileiros.<\/p>\n<p><strong>Tr\u00eas etapas<\/strong><br \/>\nO projeto foi dividido em tr\u00eas etapas. Na primeira, as a\u00e7\u00f5es v\u00e3o se concentrar em um trecho de 604 quil\u00f4metros naveg\u00e1veis, de Juazeiro a Petrolina, passando por Sobradinho (BA) e chegando em Ibotirama (BA).<\/p>\n<p>As cargas poder\u00e3o ser escoadas por rodovias at\u00e9 o Porto de Aratu-Candeias, na Ba\u00eda de Todos os Santos (BA).<\/p>\n<p>A segunda etapa abranger\u00e1 o trecho entre Ibotirama e Bom Jesus da Lapa e Cariac\u00e1 \u2013 munic\u00edpios baianos \u2013 com 172 quil\u00f4metros naveg\u00e1veis. Nesse trecho, haver\u00e1 conex\u00e3o, via malha ferrovi\u00e1ria, at\u00e9 os Portos de Ilh\u00e9us (BA) e Aratu-Candeias.<\/p>\n<p>J\u00e1 a terceira etapa aumentar\u00e1 a hidrovia em 670 quil\u00f4metros e ligar\u00e1 Bom Jesus da Lapa e Cariac\u00e1 a Pirapora.<\/p>\n<p><strong>Navegabilidade<\/strong><br \/>\nEm janeiro deste ano, o governo j\u00e1 havia anunciado que iria trabalhar em a\u00e7\u00f5es para expandir a navegabilidade nas hidrovias brasileiras. Outras obras no horizonte ainda neste ano s\u00e3o a realiza\u00e7\u00e3o de dragagens nas hidrovias do Tapaj\u00f3s e S\u00e3o Francisco e a manuten\u00e7\u00e3o do Madeira, Parna\u00edba e Paraguai (tramo Sul).<\/p>\n<p>No Rio Grande do Norte, por exemplo, ser\u00e1 realizada a prote\u00e7\u00e3o de dolfins (estrutura utilizada para auxiliar na amarra\u00e7\u00e3o e atraca\u00e7\u00e3o de navios) da Ponte Newton Navarro, para ampliar a seguran\u00e7a das embarca\u00e7\u00f5es e das pessoas que circulam no local.<\/p>\n<p>O Minist\u00e9rio de Portos e Aeroportos considera que hoje o pa\u00eds tem 12 mil km de hidrovia naveg\u00e1veis, com o potencial de alcan\u00e7ar 42 mil km.<\/p>\n","protected":false},"excerpt":{"rendered":"<p>O Rio S\u00e3o Francisco ter\u00e1 uma nova hidrovia para transporte de cargas do Sudeste (a partir de Pirapora-MG) para o Nordeste (a Juazeiro-BA e Petrolina-PE). O projeto vai utilizar os 1.371 km de extens\u00e3o naveg\u00e1veis com uma proje\u00e7\u00e3o de movimentar cinco milh\u00f5es de toneladas. Entre as cargas previstas, est\u00e3o insumos agr\u00edcolas, gesso, gipsita, calc\u00e1rio, gr\u00e3os, [&hellip;]<\/p>\n","protected":false},"author":2,"featured_media":355928,"comment_status":"open","ping_status":"closed","sticky":false,"template":"","format":"standard","meta":{"_acf_changed":false,"footnotes":""},"categories":[165],"tags":[],"class_list":["post-355927","post","type-post","status-publish","format-standard","has-post-thumbnail","hentry","category-nordeste"],"acf":[],"_links":{"self":[{"href":"https:\/\/www.notibras.com\/site\/wp-json\/wp\/v2\/posts\/355927","targetHints":{"allow":["GET"]}}],"collection":[{"href":"https:\/\/www.notibras.com\/site\/wp-json\/wp\/v2\/posts"}],"about":[{"href":"https:\/\/www.notibras.com\/site\/wp-json\/wp\/v2\/types\/post"}],"author":[{"embeddable":true,"href":"https:\/\/www.notibras.com\/site\/wp-json\/wp\/v2\/users\/2"}],"replies":[{"embeddable":true,"href":"https:\/\/www.notibras.com\/site\/wp-json\/wp\/v2\/comments?post=355927"}],"version-history":[{"count":1,"href":"https:\/\/www.notibras.com\/site\/wp-json\/wp\/v2\/posts\/355927\/revisions"}],"predecessor-version":[{"id":355929,"href":"https:\/\/www.notibras.com\/site\/wp-json\/wp\/v2\/posts\/355927\/revisions\/355929"}],"wp:featuredmedia":[{"embeddable":true,"href":"https:\/\/www.notibras.com\/site\/wp-json\/wp\/v2\/media\/355928"}],"wp:attachment":[{"href":"https:\/\/www.notibras.com\/site\/wp-json\/wp\/v2\/media?parent=355927"}],"wp:term":[{"taxonomy":"category","embeddable":true,"href":"https:\/\/www.notibras.com\/site\/wp-json\/wp\/v2\/categories?post=355927"},{"taxonomy":"post_tag","embeddable":true,"href":"https:\/\/www.notibras.com\/site\/wp-json\/wp\/v2\/tags?post=355927"}],"curies":[{"name":"wp","href":"https:\/\/api.w.org\/{rel}","templated":true}]}}