{"id":356006,"date":"2025-06-17T04:15:56","date_gmt":"2025-06-17T07:15:56","guid":{"rendered":"https:\/\/www.notibras.com\/site\/?p=356006"},"modified":"2025-06-17T04:15:34","modified_gmt":"2025-06-17T07:15:34","slug":"nordeste-se-ajoelha-no-dia-do-corpo-de-deus","status":"publish","type":"post","link":"https:\/\/www.notibras.com\/site\/nordeste-se-ajoelha-no-dia-do-corpo-de-deus\/","title":{"rendered":"Nordeste se ajoelha no dia do Corpo de Deus"},"content":{"rendered":"<p>Na quinta-feira, 19, o Nordeste inteiro parece parar o tempo. As redes balan\u00e7am pregui\u00e7osas nas varandas, o cheiro de incenso mistura-se ao do cuscuz madrugador, e as ruas ganham cores que nem o pr\u00f3prio sert\u00e3o, em florada de mandacaru, ousa imitar. \u00c9 dia de Corpus Christi.<\/p>\n<p>Por mais que o calend\u00e1rio civil tente engolir os ritmos da f\u00e9, h\u00e1 datas que o povo guarda com zelo de altar. No dia do Corpo de Deus, como ainda dizem os mais antigos, o Nordeste se torna sacr\u00e1rio. Das capitais aos grot\u00f5es, a quinta-feira se converte em prociss\u00e3o. O sol pode rachar o ch\u00e3o, mas ningu\u00e9m falta. Porque nesse dia o Sagrado caminha entre os homens.<\/p>\n<p>As crian\u00e7as, de m\u00e3os tintas, desenham tapetes de serragem com devo\u00e7\u00e3o de artista barroco. H\u00e1 flores, gr\u00e3os, vidrilhos, p\u00f3 de caf\u00e9, palhas de milho, tudo se junta para tra\u00e7ar caminhos para o Sant\u00edssimo. Os padres saem sob o p\u00e1lio dourado, e os sinos tocam com um fervor que atravessa o tempo. Ali n\u00e3o h\u00e1 pressa: h\u00e1 f\u00e9.<\/p>\n<p>O vaqueiro tira o chap\u00e9u. A rendeira suspende o bastidor. O pescador cruza os bra\u00e7os sobre o peito. O comerci\u00e1rio fecha cedo, o prefeito participa, o sanfoneiro se benze antes do arrasta-p\u00e9. Porque \u00e9 feriado, sim \u2014 mas antes de tudo, \u00e9 festa de f\u00e9. Uma f\u00e9 que n\u00e3o se dobra ao rel\u00f3gio nem \u00e0 modernidade: \u00e9 ch\u00e3o batido, \u00e9 cora\u00e7\u00e3o que bate.<\/p>\n<p>H\u00e1 algo de profundamente nordestino nesse recolhimento p\u00fablico. N\u00e3o se trata apenas de religiosidade; \u00e9 identidade, \u00e9 mem\u00f3ria coletiva, \u00e9 um povo que entende que, por um dia, tudo o que se movimenta deve faz\u00ea-lo em torno da Eucaristia. Jesus passa \u2014 e todos, sem exce\u00e7\u00e3o, param para ver.<\/p>\n<p>Nas igrejas, os bancos lotam. Homens simples, mulheres de v\u00e9u, jovens de camiseta de grupo de ora\u00e7\u00e3o. O Nordeste reza com o corpo, com a voz, com os p\u00e9s que caminham em cortejo. \u00c9 f\u00e9 que n\u00e3o se explica, s\u00f3 se sente. \u00c9 cultura viva, misturada ao suor do povo e \u00e0s belezas do ritual.<\/p>\n<p><strong>Interior<\/strong><br \/>\nEm Arcoverde, no agreste de Pernambuco, o dia amanhece com cheiro de alfazema, p\u00e3o quente e sil\u00eancio solene. \u00c9 quinta-feira de Corpus Christi, e quem conhece o Nordeste sabe: n\u00e3o \u00e9 um dia qualquer. O com\u00e9rcio abaixa suas portas mais cedo, os \u00f4nibus seguem em ritmo de prociss\u00e3o, e at\u00e9 os passarinhos parecem cantar mais devagar.<\/p>\n<p>Na Rua do Livramento, Seu Amaro, 78 anos, j\u00e1 est\u00e1 de p\u00e9 desde as cinco. Alfaiate aposentado, devoto de corpo inteiro, ele costurou d\u00e9cadas de f\u00e9 e panos de altar. Sobre a camisa branca, passa a m\u00e3o tr\u00eamula, mas firme, e diz: &#8220;Hoje quem vai passar na rua \u00e9 o Rei. O Sant\u00edssimo. E a gente se apruma como se fosse para a presen\u00e7a do maior dos senhores.&#8221;<\/p>\n<p>As m\u00e3os que um dia cortaram tecido fino agora colocam flores sobre o tapete de serragem. Ao lado dele, crian\u00e7as e vizinhos comp\u00f5em imagens de c\u00e1lices, p\u00e3es e cora\u00e7\u00f5es com gr\u00e3os de feij\u00e3o e p\u00f3 de caf\u00e9. H\u00e1 desenhos do Cora\u00e7\u00e3o de Jesus, pombas da paz, e at\u00e9 a representa\u00e7\u00e3o do pr\u00f3prio Cristo em meio ao sert\u00e3o \u2014 com cacto, sol de rachar e um jumentinho no canto. \u00c9 arte que reza.<\/p>\n<p>Na matriz de Nossa Senhora do Livramento, os sinos tocam com vontade, chamando fi\u00e9is como quem convoca uma cidade inteira para uma \u00faltima chance de esperan\u00e7a. O padre Aur\u00e9lio, com seus 35 anos e batina suada de tanto andar nos interiores, agradece a cada grupo de fi\u00e9is que veio de pau de arara, de carro\u00e7a, de jegue, ou a p\u00e9 mesmo. \u201cHoje o Senhor n\u00e3o espera que a gente v\u00e1 at\u00e9 Ele. Hoje Ele vem at\u00e9 n\u00f3s.\u201d<\/p>\n<p>E Ele vem mesmo. No ostens\u00f3rio dourado, sob o p\u00e1lio carregado pelos homens mais antigos da comunidade \u2014 entre eles, Seu Amaro, convocado com honra \u2014, o Corpo de Cristo percorre as ruas cheias de f\u00e9, perfume e calor humano. O povo se ajoelha, faz sil\u00eancio, chora. Uma mulher canta um hino antigo, de quando era crian\u00e7a e sua av\u00f3 a levava pela m\u00e3o nessa mesma celebra\u00e7\u00e3o.<\/p>\n<p>Nas cal\u00e7adas, os tapetes se desfazem sob os p\u00e9s dos devotos, mas ningu\u00e9m lamenta. Cada passo do Sant\u00edssimo \u00e9 uma b\u00ean\u00e7\u00e3o. Cada gr\u00e3o pisado, uma ora\u00e7\u00e3o levada ao c\u00e9u.<\/p>\n<p>E quando a tarde escurece em tons alaranjados sobre a serra do Cruzeiro, e o \u00faltimo c\u00e2ntico se apaga nas vozes cansadas mas felizes, Seu Amaro senta-se \u00e0 porta da casa e acende o r\u00e1dio para ouvir a Ave Maria. Suspira como quem terminou um of\u00edcio nobre e murmura, como todo ano: &#8220;Valeu a pena. O Corpo de Cristo passou por aqui.&#8221;<\/p>\n<p>O Nordeste para, sim. Mas n\u00e3o por in\u00e9rcia. Para porque \u00e9 assim que se reverencia o Sagrado. Com respeito, com tapetes de f\u00e9, e com a alma rendida. Porque nesse ch\u00e3o sofrido, o que sustenta o povo \u00e9 muito mais do que esperan\u00e7a: \u00e9 a certeza de que Deus caminha junto.<\/p>\n<p>E, quando o sol se p\u00f5e no final da tarde, e a \u00faltima p\u00e9tala cai sobre o asfalto colorido, resta no ar um sil\u00eancio agradecido. Mais um Corpus Christi celebrado. Mais um dia em que o Nordeste se ajoelhou com dignidade e beleza. Um povo que para, n\u00e3o para descansar. Para rezar.<\/p>\n","protected":false},"excerpt":{"rendered":"<p>Na quinta-feira, 19, o Nordeste inteiro parece parar o tempo. As redes balan\u00e7am pregui\u00e7osas nas varandas, o cheiro de incenso mistura-se ao do cuscuz madrugador, e as ruas ganham cores que nem o pr\u00f3prio sert\u00e3o, em florada de mandacaru, ousa imitar. \u00c9 dia de Corpus Christi. Por mais que o calend\u00e1rio civil tente engolir os [&hellip;]<\/p>\n","protected":false},"author":2,"featured_media":356007,"comment_status":"open","ping_status":"closed","sticky":false,"template":"","format":"standard","meta":{"_acf_changed":false,"footnotes":""},"categories":[165],"tags":[],"class_list":["post-356006","post","type-post","status-publish","format-standard","has-post-thumbnail","hentry","category-nordeste"],"acf":[],"_links":{"self":[{"href":"https:\/\/www.notibras.com\/site\/wp-json\/wp\/v2\/posts\/356006","targetHints":{"allow":["GET"]}}],"collection":[{"href":"https:\/\/www.notibras.com\/site\/wp-json\/wp\/v2\/posts"}],"about":[{"href":"https:\/\/www.notibras.com\/site\/wp-json\/wp\/v2\/types\/post"}],"author":[{"embeddable":true,"href":"https:\/\/www.notibras.com\/site\/wp-json\/wp\/v2\/users\/2"}],"replies":[{"embeddable":true,"href":"https:\/\/www.notibras.com\/site\/wp-json\/wp\/v2\/comments?post=356006"}],"version-history":[{"count":1,"href":"https:\/\/www.notibras.com\/site\/wp-json\/wp\/v2\/posts\/356006\/revisions"}],"predecessor-version":[{"id":356008,"href":"https:\/\/www.notibras.com\/site\/wp-json\/wp\/v2\/posts\/356006\/revisions\/356008"}],"wp:featuredmedia":[{"embeddable":true,"href":"https:\/\/www.notibras.com\/site\/wp-json\/wp\/v2\/media\/356007"}],"wp:attachment":[{"href":"https:\/\/www.notibras.com\/site\/wp-json\/wp\/v2\/media?parent=356006"}],"wp:term":[{"taxonomy":"category","embeddable":true,"href":"https:\/\/www.notibras.com\/site\/wp-json\/wp\/v2\/categories?post=356006"},{"taxonomy":"post_tag","embeddable":true,"href":"https:\/\/www.notibras.com\/site\/wp-json\/wp\/v2\/tags?post=356006"}],"curies":[{"name":"wp","href":"https:\/\/api.w.org\/{rel}","templated":true}]}}