{"id":356009,"date":"2025-06-17T04:00:09","date_gmt":"2025-06-17T07:00:09","guid":{"rendered":"https:\/\/www.notibras.com\/site\/?p=356009"},"modified":"2025-06-17T04:14:02","modified_gmt":"2025-06-17T07:14:02","slug":"alistamento-militar-acaba-dia-30-e-mulheres-tem-vagas-em-tres-capitais","status":"publish","type":"post","link":"https:\/\/www.notibras.com\/site\/alistamento-militar-acaba-dia-30-e-mulheres-tem-vagas-em-tres-capitais\/","title":{"rendered":"Alistamento militar acaba dia 30 e mulheres t\u00eam vagas em tr\u00eas capitais"},"content":{"rendered":"<p>Jovens do sexo masculino que completam 18 anos em 2025 t\u00eam at\u00e9 o pr\u00f3ximo dia 30 para fazer o alistamento militar obrigat\u00f3rio. O prazo tamb\u00e9m vale para jovens do sexo feminino que completam 18 anos em 2025 e que desejam, voluntariamente, se alistar ao servi\u00e7o militar feminino.<\/p>\n<p>Em nota, o Minist\u00e9rio da Defesa informou que, para ambos os casos, o alistamento pode ser feito de forma online, por meio do site www.alistamento.eb.mil.br, ou presencialmente, em qualquer junta de servi\u00e7o militar (JSM).<\/p>\n<p><strong>Entenda<\/strong><br \/>\nO comunicado esclarece que o recrutamento militar se divide em cinco etapas \u2013 o alistamento, a sele\u00e7\u00e3o geral, a designa\u00e7\u00e3o, a sele\u00e7\u00e3o complementar e a incorpora\u00e7\u00e3o ou matr\u00edcula \u2013 que se sucedem ao longo do ano.<\/p>\n<p>Desde 2003, as fases do processo de recrutamento s\u00e3o as mesmas tanto para a Marinha como para o Ex\u00e9rcito e a Aeron\u00e1utica.<\/p>\n<p>\u201c\u00c9 por meio do alistamento que as tr\u00eas for\u00e7as selecionam e renovam, anualmente, a maior parte de seus efetivos, possibilitando ao jovem a oportunidade de servir \u00e0 P\u00e1tria\u201d, destacou o minist\u00e9rio.<\/p>\n<p><strong>Servi\u00e7o militar feminino<\/strong><br \/>\nNo caso do servi\u00e7o militar feminino, o alistamento militar volunt\u00e1rio foi anunciado em agosto do ano passado. Inicialmente, s\u00e3o oferecidas 1.465 vagas, sendo 155 para a Marinha, 1.010 para o Ex\u00e9rcito e 300 para a Aeron\u00e1utica.<\/p>\n<p>A previs\u00e3o do governo federal \u00e9 que, a cada ano, o n\u00famero de vagas seja ampliado.<\/p>\n<p>\u201cO alistamento \u00e9 volunt\u00e1rio, mas o servi\u00e7o torna-se obrigat\u00f3rio para as mulheres ap\u00f3s sua incorpora\u00e7\u00e3o. S\u00e3o crit\u00e9rios para o alistamento: completar 18 anos em 2025 (nascidas em 2007) e ter resid\u00eancia em um dos munic\u00edpios tribut\u00e1rios selecionados para o servi\u00e7o militar feminino.\u201d<\/p>\n<p>Atualmente, as vagas para o Nordeste est\u00e3o distribu\u00eddas em Fortaleza, Recife e Salvador.<\/p>\n","protected":false},"excerpt":{"rendered":"<p>Jovens do sexo masculino que completam 18 anos em 2025 t\u00eam at\u00e9 o pr\u00f3ximo dia 30 para fazer o alistamento militar obrigat\u00f3rio. O prazo tamb\u00e9m vale para jovens do sexo feminino que completam 18 anos em 2025 e que desejam, voluntariamente, se alistar ao servi\u00e7o militar feminino. Em nota, o Minist\u00e9rio da Defesa informou que, [&hellip;]<\/p>\n","protected":false},"author":2,"featured_media":356010,"comment_status":"open","ping_status":"closed","sticky":false,"template":"","format":"standard","meta":{"_acf_changed":false,"footnotes":""},"categories":[165],"tags":[],"class_list":["post-356009","post","type-post","status-publish","format-standard","has-post-thumbnail","hentry","category-nordeste"],"acf":[],"_links":{"self":[{"href":"https:\/\/www.notibras.com\/site\/wp-json\/wp\/v2\/posts\/356009","targetHints":{"allow":["GET"]}}],"collection":[{"href":"https:\/\/www.notibras.com\/site\/wp-json\/wp\/v2\/posts"}],"about":[{"href":"https:\/\/www.notibras.com\/site\/wp-json\/wp\/v2\/types\/post"}],"author":[{"embeddable":true,"href":"https:\/\/www.notibras.com\/site\/wp-json\/wp\/v2\/users\/2"}],"replies":[{"embeddable":true,"href":"https:\/\/www.notibras.com\/site\/wp-json\/wp\/v2\/comments?post=356009"}],"version-history":[{"count":1,"href":"https:\/\/www.notibras.com\/site\/wp-json\/wp\/v2\/posts\/356009\/revisions"}],"predecessor-version":[{"id":356011,"href":"https:\/\/www.notibras.com\/site\/wp-json\/wp\/v2\/posts\/356009\/revisions\/356011"}],"wp:featuredmedia":[{"embeddable":true,"href":"https:\/\/www.notibras.com\/site\/wp-json\/wp\/v2\/media\/356010"}],"wp:attachment":[{"href":"https:\/\/www.notibras.com\/site\/wp-json\/wp\/v2\/media?parent=356009"}],"wp:term":[{"taxonomy":"category","embeddable":true,"href":"https:\/\/www.notibras.com\/site\/wp-json\/wp\/v2\/categories?post=356009"},{"taxonomy":"post_tag","embeddable":true,"href":"https:\/\/www.notibras.com\/site\/wp-json\/wp\/v2\/tags?post=356009"}],"curies":[{"name":"wp","href":"https:\/\/api.w.org\/{rel}","templated":true}]}}