{"id":356012,"date":"2025-06-17T03:53:25","date_gmt":"2025-06-17T06:53:25","guid":{"rendered":"https:\/\/www.notibras.com\/site\/?p=356012"},"modified":"2025-06-17T04:22:47","modified_gmt":"2025-06-17T07:22:47","slug":"sol-radiante-e-a-chuva-refrescante-marcam-clima-nordestino","status":"publish","type":"post","link":"https:\/\/www.notibras.com\/site\/sol-radiante-e-a-chuva-refrescante-marcam-clima-nordestino\/","title":{"rendered":"Sol radiante e a chuva refrescante marcam clima nordestino"},"content":{"rendered":"<p>O Nordeste acorda cedo. Antes mesmo do galo cantar, j\u00e1 h\u00e1 vida pulsando nas ruas de barro batido, nos mercados que cheiram a fruta madura e nas janelas entreabertas onde o aroma do caf\u00e9 fresco se mistura ao da terra seca. Acorda com passos ligeiros, com o vai-e-vem do balde na cabe\u00e7a, com o som distante de um aboio cortando o sil\u00eancio da manh\u00e3.<\/p>\n<p>O sol, rei soberano, n\u00e3o pede licen\u00e7a. Ele surge com for\u00e7a, dourando os telhados de zinco e obrigando os olhos a se apertarem. \u00c9 um sol que queima e abra\u00e7a ao mesmo tempo \u2014 um sol nordestino, acostumado a reinar por dias e dias, sem dar tr\u00e9gua. Ele seca os a\u00e7udes, racha o ch\u00e3o, mas tamb\u00e9m faz o milho crescer ligeiro, for\u00e7a a manga a amadurecer no p\u00e9 e d\u00e1 o tom dourado da pele de quem vive sob seu olhar constante.<\/p>\n<p>Mas basta uma nuvem atrevida atravessar o c\u00e9u para mudar a paisagem. L\u00e1 vem a chuva. Rara, desejada, quase sagrada. N\u00e3o \u00e9 apenas \u00e1gua: \u00e9 esperan\u00e7a. As crian\u00e7as correm descal\u00e7as sob os pingos grossos, os adultos erguem os rostos ao c\u00e9u como quem agradece uma gra\u00e7a alcan\u00e7ada. As ruas se tornam rios, as risadas ecoam, e o cheiro da terra molhada invade tudo \u2014 um perfume que s\u00f3 o sert\u00e3o conhece, feito de lembran\u00e7a e promessa.<\/p>\n<p>A primeira gota \u00e9 saudada como visita ilustre. \u00c9 o tipo de coisa que faz at\u00e9 os mais calados abrirem um sorriso. E tem sempre algu\u00e9m que diz, com os olhos brilhando: \u201cAgora vai!\u201d Vai dar feij\u00e3o, vai dar milho, vai dar vida. Porque onde a chuva toca, a terra responde. Verdeja. Brota. Floresce.<\/p>\n<p>Esse \u00e9 o Nordeste: sol e chuva, secura e abund\u00e2ncia, luta e festa. Um lugar onde o suor do trabalho convive com a leveza do forr\u00f3, onde a dureza do ch\u00e3o rachado contrasta com a ternura de um abra\u00e7o dado na cal\u00e7ada. Onde cada amanhecer \u00e9 um desafio, e cada fim de tarde \u00e9 celebrado como vit\u00f3ria.<\/p>\n<p>\u00c9 a terra do improviso, da resili\u00eancia, da poesia falada em cordel e do riso f\u00e1cil que resiste mesmo nos tempos dif\u00edceis. \u00c9 onde a f\u00e9 n\u00e3o precisa de muita palavra \u2014 basta um gesto, uma vela acesa, um \u201c\u00f4xe!\u201d sussurrado diante da beleza do inesperado.<\/p>\n<p>E talvez seja justamente nesse contraste que more a beleza da regi\u00e3o. No calor que castiga, mas tamb\u00e9m aquece os cora\u00e7\u00f5es. Na chuva que atrasa a feira, mas traz vida \u00e0s planta\u00e7\u00f5es. No povo que resiste, sorri e canta \u2014 fa\u00e7a sol ou fa\u00e7a chuva.<\/p>\n","protected":false},"excerpt":{"rendered":"<p>O Nordeste acorda cedo. Antes mesmo do galo cantar, j\u00e1 h\u00e1 vida pulsando nas ruas de barro batido, nos mercados que cheiram a fruta madura e nas janelas entreabertas onde o aroma do caf\u00e9 fresco se mistura ao da terra seca. Acorda com passos ligeiros, com o vai-e-vem do balde na cabe\u00e7a, com o som [&hellip;]<\/p>\n","protected":false},"author":2,"featured_media":356013,"comment_status":"open","ping_status":"closed","sticky":false,"template":"","format":"standard","meta":{"_acf_changed":false,"footnotes":""},"categories":[165],"tags":[],"class_list":["post-356012","post","type-post","status-publish","format-standard","has-post-thumbnail","hentry","category-nordeste"],"acf":[],"_links":{"self":[{"href":"https:\/\/www.notibras.com\/site\/wp-json\/wp\/v2\/posts\/356012","targetHints":{"allow":["GET"]}}],"collection":[{"href":"https:\/\/www.notibras.com\/site\/wp-json\/wp\/v2\/posts"}],"about":[{"href":"https:\/\/www.notibras.com\/site\/wp-json\/wp\/v2\/types\/post"}],"author":[{"embeddable":true,"href":"https:\/\/www.notibras.com\/site\/wp-json\/wp\/v2\/users\/2"}],"replies":[{"embeddable":true,"href":"https:\/\/www.notibras.com\/site\/wp-json\/wp\/v2\/comments?post=356012"}],"version-history":[{"count":1,"href":"https:\/\/www.notibras.com\/site\/wp-json\/wp\/v2\/posts\/356012\/revisions"}],"predecessor-version":[{"id":356014,"href":"https:\/\/www.notibras.com\/site\/wp-json\/wp\/v2\/posts\/356012\/revisions\/356014"}],"wp:featuredmedia":[{"embeddable":true,"href":"https:\/\/www.notibras.com\/site\/wp-json\/wp\/v2\/media\/356013"}],"wp:attachment":[{"href":"https:\/\/www.notibras.com\/site\/wp-json\/wp\/v2\/media?parent=356012"}],"wp:term":[{"taxonomy":"category","embeddable":true,"href":"https:\/\/www.notibras.com\/site\/wp-json\/wp\/v2\/categories?post=356012"},{"taxonomy":"post_tag","embeddable":true,"href":"https:\/\/www.notibras.com\/site\/wp-json\/wp\/v2\/tags?post=356012"}],"curies":[{"name":"wp","href":"https:\/\/api.w.org\/{rel}","templated":true}]}}