{"id":356049,"date":"2025-06-18T02:14:23","date_gmt":"2025-06-18T05:14:23","guid":{"rendered":"https:\/\/www.notibras.com\/site\/?p=356049"},"modified":"2025-06-17T21:18:08","modified_gmt":"2025-06-18T00:18:08","slug":"chuva-nao-para-mas-sao-joao-chega-com-jeitinho-e-alegre-entre-nordestinos","status":"publish","type":"post","link":"https:\/\/www.notibras.com\/site\/chuva-nao-para-mas-sao-joao-chega-com-jeitinho-e-alegre-entre-nordestinos\/","title":{"rendered":"Chuva n\u00e3o para, mas S\u00e3o Jo\u00e3o chega com jeitinho e alegre entre nordestinos"},"content":{"rendered":"<p>O c\u00e9u anda cinza, a terra molhada, e os telhados nordestinos vivem sob o compasso do tambor das gotas que n\u00e3o cessam. Mas que ningu\u00e9m se engane: a chuva, por aqui, \u00e9 recebida como b\u00ean\u00e7\u00e3o \u2014 at\u00e9 quando insiste em cair bem nos dias de festa. Porque no Nordeste, minha gente, at\u00e9 o S\u00e3o Jo\u00e3o sabe dan\u00e7ar de guarda-chuva aberto e sapato sujo de barro.<\/p>\n<p>As ruas de barro viram passarela, os becos se enchem de vida, e as bandeirinhas coloridas, mesmo ensopadas, seguem tremulando como quem diz: \u201cAqui tem festa, sim senhor!\u201d. O povo nordestino tem um talento \u00fanico de driblar o tempo, o clima e qualquer obst\u00e1culo com um jeitinho arretado e sorriso no rosto.<\/p>\n<p>Debaixo de lona esticada e toldo improvisado, as quadrilhas se ajeitam. O sanfoneiro seca o fole, d\u00e1 um gole no caf\u00e9 quente e recome\u00e7a o xote. As fogueiras ainda acendem, mesmo que seja preciso proteger os gravetos com pl\u00e1stico e esperan\u00e7a. E as comidas? Ah, essas n\u00e3o faltam! Canjica, pamonha, milho assado&#8230; tudo fumegando na panela, enquanto o cheiro se mistura ao da terra molhada, criando um perfume que s\u00f3 o Nordeste conhece.<\/p>\n<p>A crian\u00e7ada pula nos po\u00e7os como quem pula fogueira, os adultos batem palma e puxam o coro, e os mais velhos se sentam na cal\u00e7ada pra lembrar dos S\u00e3o Jo\u00f5es de outros tempos \u2014 porque, com ou sem chuva, a mem\u00f3ria nordestina \u00e9 feita de festa.<\/p>\n<p>\u00c9 no compasso do &#8220;olha a chuva!&#8221; (e &#8220;j\u00e1 passou!&#8221;) que a tradi\u00e7\u00e3o se renova. A alegria do S\u00e3o Jo\u00e3o n\u00e3o seca, n\u00e3o esfria, n\u00e3o se esconde. Ela brota do ch\u00e3o, se acende com o povo, e atravessa nuvens carregadas com o mesmo fervor de sempre.<\/p>\n","protected":false},"excerpt":{"rendered":"<p>O c\u00e9u anda cinza, a terra molhada, e os telhados nordestinos vivem sob o compasso do tambor das gotas que n\u00e3o cessam. Mas que ningu\u00e9m se engane: a chuva, por aqui, \u00e9 recebida como b\u00ean\u00e7\u00e3o \u2014 at\u00e9 quando insiste em cair bem nos dias de festa. Porque no Nordeste, minha gente, at\u00e9 o S\u00e3o Jo\u00e3o [&hellip;]<\/p>\n","protected":false},"author":2,"featured_media":356050,"comment_status":"open","ping_status":"closed","sticky":false,"template":"","format":"standard","meta":{"_acf_changed":false,"footnotes":""},"categories":[165],"tags":[],"class_list":["post-356049","post","type-post","status-publish","format-standard","has-post-thumbnail","hentry","category-nordeste"],"acf":[],"_links":{"self":[{"href":"https:\/\/www.notibras.com\/site\/wp-json\/wp\/v2\/posts\/356049","targetHints":{"allow":["GET"]}}],"collection":[{"href":"https:\/\/www.notibras.com\/site\/wp-json\/wp\/v2\/posts"}],"about":[{"href":"https:\/\/www.notibras.com\/site\/wp-json\/wp\/v2\/types\/post"}],"author":[{"embeddable":true,"href":"https:\/\/www.notibras.com\/site\/wp-json\/wp\/v2\/users\/2"}],"replies":[{"embeddable":true,"href":"https:\/\/www.notibras.com\/site\/wp-json\/wp\/v2\/comments?post=356049"}],"version-history":[{"count":3,"href":"https:\/\/www.notibras.com\/site\/wp-json\/wp\/v2\/posts\/356049\/revisions"}],"predecessor-version":[{"id":356053,"href":"https:\/\/www.notibras.com\/site\/wp-json\/wp\/v2\/posts\/356049\/revisions\/356053"}],"wp:featuredmedia":[{"embeddable":true,"href":"https:\/\/www.notibras.com\/site\/wp-json\/wp\/v2\/media\/356050"}],"wp:attachment":[{"href":"https:\/\/www.notibras.com\/site\/wp-json\/wp\/v2\/media?parent=356049"}],"wp:term":[{"taxonomy":"category","embeddable":true,"href":"https:\/\/www.notibras.com\/site\/wp-json\/wp\/v2\/categories?post=356049"},{"taxonomy":"post_tag","embeddable":true,"href":"https:\/\/www.notibras.com\/site\/wp-json\/wp\/v2\/tags?post=356049"}],"curies":[{"name":"wp","href":"https:\/\/api.w.org\/{rel}","templated":true}]}}