{"id":35607,"date":"2015-02-01T02:59:44","date_gmt":"2015-02-01T05:59:44","guid":{"rendered":"http:\/\/www.notibras.com\/site\/?p=35607"},"modified":"2015-02-01T09:04:02","modified_gmt":"2015-02-01T12:04:02","slug":"cidades-mineiras-suspendem-carnaval-de-rua-para-economizar-agua","status":"publish","type":"post","link":"https:\/\/www.notibras.com\/site\/cidades-mineiras-suspendem-carnaval-de-rua-para-economizar-agua\/","title":{"rendered":"Cidades mineiras suspendem o Carnaval por falta de \u00e1gua"},"content":{"rendered":"<p>A crise h\u00eddrica que atinge algumas regi\u00f5es de Minas Gerais e o receio de uma \u201cinvas\u00e3o\u201d de foli\u00f5es, al\u00e9m do corte de verbas, fizeram pelo menos 20 cidades do interior mineiro cancelarem o carnaval deste ano. O medo de algumas prefeituras \u00e9 de que o consumo de \u00e1gua aumente muito durante a festa e o sistema de distribui\u00e7\u00e3o de \u00e1gua n\u00e3o d\u00ea conta da demanda.<\/p>\n<p>A maioria dos munic\u00edpios nessa situa\u00e7\u00e3o fica na regi\u00e3o centro-oeste de Minas, como Itapecerica, que, de acordo com a prefeitura, recebe 10 mil foli\u00f5es por noite, mas precisou cancelar o carnaval porque \u201co aumento significativo de pessoas no munic\u00edpio poder\u00e1 desencadear uma s\u00e9ria crise de abastecimento de \u00e1gua\u201d.<\/p>\n<p>Para o comerciante Hilton Val\u00e9rio Pereira, morador da cidade, a decis\u00e3o foi acertada. \u201cGarantir que a popula\u00e7\u00e3o tenha \u00e1gua \u00e9 mais importante que carnaval. Esses dias, melhorou o abastecimento de \u00e1gua porque choveu, mas j\u00e1 sofremos muito na cidade por causa da seca\u201d, disse.<\/p>\n<p>A cidade de Oliveira, que recebe entre 30 e 40 mil foli\u00f5es durante o carnaval, segundo a prefeitura, tamb\u00e9m decidiu cancelar a festa. O secret\u00e1rio de Cultura e Turismo do munic\u00edpio, Cassio Silva, explicou que a seca e problemas financeiros levaram \u00e0 decis\u00e3o.<\/p>\n<p>\u201cA prefeitura se reuniu com os comerciantes, a Justi\u00e7a, as for\u00e7as de seguran\u00e7a e todos concordaram que foi melhor cancelar o carnaval. Alguns bairros chegaram a ficar at\u00e9 12 dias sem \u00e1gua. Assim, manter a realiza\u00e7\u00e3o de tal festividade, n\u00e3o seria, no m\u00ednimo, prudente\u201d, disse o secret\u00e1rio.<\/p>\n<blockquote><p>O cancelamento do carnaval deste ano em alguns munic\u00edpios provocou um efeito cascata, e mesmo as cidades que n\u00e3o est\u00e3o enfrentando problemas com a falta d&#8217;\u00e1gua suspenderam a festa. Foi o que ocorreu em Lagoa da Prata.<\/p><\/blockquote>\n<p>O secret\u00e1rio de Cultura e Turismo da cidade, J\u00fanior Nogueira, explica que a decis\u00e3o foi tomada depois que cidades pr\u00f3ximas cancelaram a festa. \u201cFicamos preocupados, pois conclu\u00edmos que boa parte destes foli\u00f5es poderia vir para a cidade e n\u00e3o ter\u00edamos a seguran\u00e7a necess\u00e1ria nem para os visitantes e nem para a popula\u00e7\u00e3o\u201d, informou.<\/p>\n<p>Cidades hist\u00f3ricas de Minas, como Diamantina e Ouro Preto, mantiveram o carnaval. As prefeituras garantem que n\u00e3o vai faltar \u00e1gua e os munic\u00edpios est\u00e3o preparados para receber mais visitantes do que em anos anteriores.<\/p>\n<p>A Superintend\u00eancia de Eventos de Ouro Preto estima que a cidade receber\u00e1 de 60 a 80 mil visitantes durante as festas e est\u00e1 organizando campanhas de conscientiza\u00e7\u00e3o para n\u00e3o sofrer com a falta d&#8217;\u00e1gua.<\/p>\n<p>Diamantina, segundo a prefeitura, deve receber 30 mil turistas no carnaval e est\u00e1 refor\u00e7ando o sistema de abastecimento para garantir que n\u00e3o falte \u00e1gua durante a folia.<\/p>\n","protected":false},"excerpt":{"rendered":"<p>A crise h\u00eddrica que atinge algumas regi\u00f5es de Minas Gerais e o receio de uma \u201cinvas\u00e3o\u201d de foli\u00f5es, al\u00e9m do corte de verbas, fizeram pelo menos 20 cidades do interior mineiro cancelarem o carnaval deste ano. O medo de algumas prefeituras \u00e9 de que o consumo de \u00e1gua aumente muito durante a festa e o [&hellip;]<\/p>\n","protected":false},"author":2,"featured_media":35608,"comment_status":"open","ping_status":"closed","sticky":false,"template":"","format":"standard","meta":{"_acf_changed":false,"footnotes":""},"categories":[16],"tags":[],"class_list":["post-35607","post","type-post","status-publish","format-standard","has-post-thumbnail","hentry","category-brasil"],"acf":[],"yoast_head":"<!-- This site is optimized with the Yoast SEO plugin v27.2 - https:\/\/yoast.com\/product\/yoast-seo-wordpress\/ -->\n<title>Cidades mineiras suspendem o Carnaval por falta de \u00e1gua - Notibras<\/title>\n<meta name=\"robots\" content=\"index, follow, max-snippet:-1, max-image-preview:large, max-video-preview:-1\" \/>\n<link rel=\"canonical\" href=\"https:\/\/www.notibras.com\/site\/cidades-mineiras-suspendem-carnaval-de-rua-para-economizar-agua\/\" \/>\n<meta property=\"og:locale\" content=\"pt_BR\" \/>\n<meta property=\"og:type\" content=\"article\" \/>\n<meta property=\"og:title\" content=\"Cidades mineiras suspendem o Carnaval por falta de \u00e1gua - Notibras\" \/>\n<meta property=\"og:description\" content=\"A crise h\u00eddrica que atinge algumas regi\u00f5es de Minas Gerais e o receio de uma \u201cinvas\u00e3o\u201d de foli\u00f5es, al\u00e9m do corte de verbas, fizeram pelo menos 20 cidades do interior mineiro cancelarem o carnaval deste ano. O medo de algumas prefeituras \u00e9 de que o consumo de \u00e1gua aumente muito durante a festa e o [&hellip;]\" \/>\n<meta property=\"og:url\" content=\"https:\/\/www.notibras.com\/site\/cidades-mineiras-suspendem-carnaval-de-rua-para-economizar-agua\/\" \/>\n<meta property=\"og:site_name\" content=\"Notibras\" \/>\n<meta property=\"article:publisher\" content=\"https:\/\/www.facebook.com\/notibras\/\" \/>\n<meta property=\"article:published_time\" content=\"2015-02-01T05:59:44+00:00\" \/>\n<meta property=\"article:modified_time\" content=\"2015-02-01T12:04:02+00:00\" \/>\n<meta property=\"og:image\" content=\"https:\/\/www.notibras.com\/site\/wp-content\/uploads\/2015\/02\/mg.jpeg\" \/>\n\t<meta property=\"og:image:width\" content=\"276\" \/>\n\t<meta property=\"og:image:height\" content=\"183\" \/>\n\t<meta property=\"og:image:type\" content=\"image\/jpeg\" \/>\n<meta name=\"author\" content=\"Reda\u00e7\u00e3o\" \/>\n<meta name=\"twitter:card\" content=\"summary_large_image\" \/>\n<meta name=\"twitter:creator\" content=\"@Notibras\" \/>\n<meta name=\"twitter:site\" content=\"@Notibras\" \/>\n<meta name=\"twitter:label1\" content=\"Escrito por\" \/>\n\t<meta name=\"twitter:data1\" content=\"Reda\u00e7\u00e3o\" \/>\n\t<meta name=\"twitter:label2\" content=\"Est. tempo de leitura\" \/>\n\t<meta name=\"twitter:data2\" content=\"2 minutos\" \/>\n<script type=\"application\/ld+json\" class=\"yoast-schema-graph\">{\"@context\":\"https:\/\/schema.org\",\"@graph\":[{\"@type\":\"Article\",\"@id\":\"https:\/\/www.notibras.com\/site\/cidades-mineiras-suspendem-carnaval-de-rua-para-economizar-agua\/#article\",\"isPartOf\":{\"@id\":\"https:\/\/www.notibras.com\/site\/cidades-mineiras-suspendem-carnaval-de-rua-para-economizar-agua\/\"},\"author\":{\"name\":\"Reda\u00e7\u00e3o\",\"@id\":\"https:\/\/www.notibras.com\/site\/#\/schema\/person\/36ab0979449956132d3e5b517ea76ac8\"},\"headline\":\"Cidades mineiras suspendem o Carnaval por falta de \u00e1gua\",\"datePublished\":\"2015-02-01T05:59:44+00:00\",\"dateModified\":\"2015-02-01T12:04:02+00:00\",\"mainEntityOfPage\":{\"@id\":\"https:\/\/www.notibras.com\/site\/cidades-mineiras-suspendem-carnaval-de-rua-para-economizar-agua\/\"},\"wordCount\":483,\"commentCount\":0,\"publisher\":{\"@id\":\"https:\/\/www.notibras.com\/site\/#organization\"},\"image\":{\"@id\":\"https:\/\/www.notibras.com\/site\/cidades-mineiras-suspendem-carnaval-de-rua-para-economizar-agua\/#primaryimage\"},\"thumbnailUrl\":\"https:\/\/www.notibras.com\/site\/wp-content\/uploads\/2015\/02\/mg.jpeg\",\"articleSection\":[\"Brasil\"],\"inLanguage\":\"pt-BR\",\"potentialAction\":[{\"@type\":\"CommentAction\",\"name\":\"Comment\",\"target\":[\"https:\/\/www.notibras.com\/site\/cidades-mineiras-suspendem-carnaval-de-rua-para-economizar-agua\/#respond\"]}]},{\"@type\":\"WebPage\",\"@id\":\"https:\/\/www.notibras.com\/site\/cidades-mineiras-suspendem-carnaval-de-rua-para-economizar-agua\/\",\"url\":\"https:\/\/www.notibras.com\/site\/cidades-mineiras-suspendem-carnaval-de-rua-para-economizar-agua\/\",\"name\":\"Cidades mineiras suspendem o Carnaval por falta de \u00e1gua - Notibras\",\"isPartOf\":{\"@id\":\"https:\/\/www.notibras.com\/site\/#website\"},\"primaryImageOfPage\":{\"@id\":\"https:\/\/www.notibras.com\/site\/cidades-mineiras-suspendem-carnaval-de-rua-para-economizar-agua\/#primaryimage\"},\"image\":{\"@id\":\"https:\/\/www.notibras.com\/site\/cidades-mineiras-suspendem-carnaval-de-rua-para-economizar-agua\/#primaryimage\"},\"thumbnailUrl\":\"https:\/\/www.notibras.com\/site\/wp-content\/uploads\/2015\/02\/mg.jpeg\",\"datePublished\":\"2015-02-01T05:59:44+00:00\",\"dateModified\":\"2015-02-01T12:04:02+00:00\",\"breadcrumb\":{\"@id\":\"https:\/\/www.notibras.com\/site\/cidades-mineiras-suspendem-carnaval-de-rua-para-economizar-agua\/#breadcrumb\"},\"inLanguage\":\"pt-BR\",\"potentialAction\":[{\"@type\":\"ReadAction\",\"target\":[\"https:\/\/www.notibras.com\/site\/cidades-mineiras-suspendem-carnaval-de-rua-para-economizar-agua\/\"]}]},{\"@type\":\"ImageObject\",\"inLanguage\":\"pt-BR\",\"@id\":\"https:\/\/www.notibras.com\/site\/cidades-mineiras-suspendem-carnaval-de-rua-para-economizar-agua\/#primaryimage\",\"url\":\"https:\/\/www.notibras.com\/site\/wp-content\/uploads\/2015\/02\/mg.jpeg\",\"contentUrl\":\"https:\/\/www.notibras.com\/site\/wp-content\/uploads\/2015\/02\/mg.jpeg\",\"width\":276,\"height\":183},{\"@type\":\"BreadcrumbList\",\"@id\":\"https:\/\/www.notibras.com\/site\/cidades-mineiras-suspendem-carnaval-de-rua-para-economizar-agua\/#breadcrumb\",\"itemListElement\":[{\"@type\":\"ListItem\",\"position\":1,\"name\":\"In\u00edcio\",\"item\":\"https:\/\/www.notibras.com\/site\/\"},{\"@type\":\"ListItem\",\"position\":2,\"name\":\"Cidades mineiras suspendem o Carnaval por falta de \u00e1gua\"}]},{\"@type\":\"WebSite\",\"@id\":\"https:\/\/www.notibras.com\/site\/#website\",\"url\":\"https:\/\/www.notibras.com\/site\/\",\"name\":\"Notibras\",\"description\":\"Not\u00edcias de Bras\u00edlia, do Brasil e do Mundo\",\"publisher\":{\"@id\":\"https:\/\/www.notibras.com\/site\/#organization\"},\"potentialAction\":[{\"@type\":\"SearchAction\",\"target\":{\"@type\":\"EntryPoint\",\"urlTemplate\":\"https:\/\/www.notibras.com\/site\/?s={search_term_string}\"},\"query-input\":{\"@type\":\"PropertyValueSpecification\",\"valueRequired\":true,\"valueName\":\"search_term_string\"}}],\"inLanguage\":\"pt-BR\"},{\"@type\":\"Organization\",\"@id\":\"https:\/\/www.notibras.com\/site\/#organization\",\"name\":\"Grupo Notibras de Comunica\u00e7\u00e3o\",\"url\":\"https:\/\/www.notibras.com\/site\/\",\"logo\":{\"@type\":\"ImageObject\",\"inLanguage\":\"pt-BR\",\"@id\":\"https:\/\/www.notibras.com\/site\/#\/schema\/logo\/image\/\",\"url\":\"https:\/\/www.notibras.com\/site\/wp-content\/uploads\/2023\/01\/notibras23.png\",\"contentUrl\":\"https:\/\/www.notibras.com\/site\/wp-content\/uploads\/2023\/01\/notibras23.png\",\"width\":350,\"height\":87,\"caption\":\"Grupo Notibras de Comunica\u00e7\u00e3o\"},\"image\":{\"@id\":\"https:\/\/www.notibras.com\/site\/#\/schema\/logo\/image\/\"},\"sameAs\":[\"https:\/\/www.facebook.com\/notibras\/\",\"https:\/\/x.com\/Notibras\",\"https:\/\/www.instagram.com\/notibras\/\"]},{\"@type\":\"Person\",\"@id\":\"https:\/\/www.notibras.com\/site\/#\/schema\/person\/36ab0979449956132d3e5b517ea76ac8\",\"name\":\"Reda\u00e7\u00e3o\",\"image\":{\"@type\":\"ImageObject\",\"inLanguage\":\"pt-BR\",\"@id\":\"https:\/\/secure.gravatar.com\/avatar\/e0a867bdedb85fd243eadf09663511f96fc81e0720a4a42581f334ad4303aa6b?s=96&d=mm&r=g\",\"url\":\"https:\/\/secure.gravatar.com\/avatar\/e0a867bdedb85fd243eadf09663511f96fc81e0720a4a42581f334ad4303aa6b?s=96&d=mm&r=g\",\"contentUrl\":\"https:\/\/secure.gravatar.com\/avatar\/e0a867bdedb85fd243eadf09663511f96fc81e0720a4a42581f334ad4303aa6b?s=96&d=mm&r=g\",\"caption\":\"Reda\u00e7\u00e3o\"}}]}<\/script>\n<!-- \/ Yoast SEO plugin. -->","yoast_head_json":{"title":"Cidades mineiras suspendem o Carnaval por falta de \u00e1gua - Notibras","robots":{"index":"index","follow":"follow","max-snippet":"max-snippet:-1","max-image-preview":"max-image-preview:large","max-video-preview":"max-video-preview:-1"},"canonical":"https:\/\/www.notibras.com\/site\/cidades-mineiras-suspendem-carnaval-de-rua-para-economizar-agua\/","og_locale":"pt_BR","og_type":"article","og_title":"Cidades mineiras suspendem o Carnaval por falta de \u00e1gua - Notibras","og_description":"A crise h\u00eddrica que atinge algumas regi\u00f5es de Minas Gerais e o receio de uma \u201cinvas\u00e3o\u201d de foli\u00f5es, al\u00e9m do corte de verbas, fizeram pelo menos 20 cidades do interior mineiro cancelarem o carnaval deste ano. O medo de algumas prefeituras \u00e9 de que o consumo de \u00e1gua aumente muito durante a festa e o [&hellip;]","og_url":"https:\/\/www.notibras.com\/site\/cidades-mineiras-suspendem-carnaval-de-rua-para-economizar-agua\/","og_site_name":"Notibras","article_publisher":"https:\/\/www.facebook.com\/notibras\/","article_published_time":"2015-02-01T05:59:44+00:00","article_modified_time":"2015-02-01T12:04:02+00:00","og_image":[{"width":276,"height":183,"url":"https:\/\/www.notibras.com\/site\/wp-content\/uploads\/2015\/02\/mg.jpeg","type":"image\/jpeg"}],"author":"Reda\u00e7\u00e3o","twitter_card":"summary_large_image","twitter_creator":"@Notibras","twitter_site":"@Notibras","twitter_misc":{"Escrito por":"Reda\u00e7\u00e3o","Est. tempo de leitura":"2 minutos"},"schema":{"@context":"https:\/\/schema.org","@graph":[{"@type":"Article","@id":"https:\/\/www.notibras.com\/site\/cidades-mineiras-suspendem-carnaval-de-rua-para-economizar-agua\/#article","isPartOf":{"@id":"https:\/\/www.notibras.com\/site\/cidades-mineiras-suspendem-carnaval-de-rua-para-economizar-agua\/"},"author":{"name":"Reda\u00e7\u00e3o","@id":"https:\/\/www.notibras.com\/site\/#\/schema\/person\/36ab0979449956132d3e5b517ea76ac8"},"headline":"Cidades mineiras suspendem o Carnaval por falta de \u00e1gua","datePublished":"2015-02-01T05:59:44+00:00","dateModified":"2015-02-01T12:04:02+00:00","mainEntityOfPage":{"@id":"https:\/\/www.notibras.com\/site\/cidades-mineiras-suspendem-carnaval-de-rua-para-economizar-agua\/"},"wordCount":483,"commentCount":0,"publisher":{"@id":"https:\/\/www.notibras.com\/site\/#organization"},"image":{"@id":"https:\/\/www.notibras.com\/site\/cidades-mineiras-suspendem-carnaval-de-rua-para-economizar-agua\/#primaryimage"},"thumbnailUrl":"https:\/\/www.notibras.com\/site\/wp-content\/uploads\/2015\/02\/mg.jpeg","articleSection":["Brasil"],"inLanguage":"pt-BR","potentialAction":[{"@type":"CommentAction","name":"Comment","target":["https:\/\/www.notibras.com\/site\/cidades-mineiras-suspendem-carnaval-de-rua-para-economizar-agua\/#respond"]}]},{"@type":"WebPage","@id":"https:\/\/www.notibras.com\/site\/cidades-mineiras-suspendem-carnaval-de-rua-para-economizar-agua\/","url":"https:\/\/www.notibras.com\/site\/cidades-mineiras-suspendem-carnaval-de-rua-para-economizar-agua\/","name":"Cidades mineiras suspendem o Carnaval por falta de \u00e1gua - Notibras","isPartOf":{"@id":"https:\/\/www.notibras.com\/site\/#website"},"primaryImageOfPage":{"@id":"https:\/\/www.notibras.com\/site\/cidades-mineiras-suspendem-carnaval-de-rua-para-economizar-agua\/#primaryimage"},"image":{"@id":"https:\/\/www.notibras.com\/site\/cidades-mineiras-suspendem-carnaval-de-rua-para-economizar-agua\/#primaryimage"},"thumbnailUrl":"https:\/\/www.notibras.com\/site\/wp-content\/uploads\/2015\/02\/mg.jpeg","datePublished":"2015-02-01T05:59:44+00:00","dateModified":"2015-02-01T12:04:02+00:00","breadcrumb":{"@id":"https:\/\/www.notibras.com\/site\/cidades-mineiras-suspendem-carnaval-de-rua-para-economizar-agua\/#breadcrumb"},"inLanguage":"pt-BR","potentialAction":[{"@type":"ReadAction","target":["https:\/\/www.notibras.com\/site\/cidades-mineiras-suspendem-carnaval-de-rua-para-economizar-agua\/"]}]},{"@type":"ImageObject","inLanguage":"pt-BR","@id":"https:\/\/www.notibras.com\/site\/cidades-mineiras-suspendem-carnaval-de-rua-para-economizar-agua\/#primaryimage","url":"https:\/\/www.notibras.com\/site\/wp-content\/uploads\/2015\/02\/mg.jpeg","contentUrl":"https:\/\/www.notibras.com\/site\/wp-content\/uploads\/2015\/02\/mg.jpeg","width":276,"height":183},{"@type":"BreadcrumbList","@id":"https:\/\/www.notibras.com\/site\/cidades-mineiras-suspendem-carnaval-de-rua-para-economizar-agua\/#breadcrumb","itemListElement":[{"@type":"ListItem","position":1,"name":"In\u00edcio","item":"https:\/\/www.notibras.com\/site\/"},{"@type":"ListItem","position":2,"name":"Cidades mineiras suspendem o Carnaval por falta de \u00e1gua"}]},{"@type":"WebSite","@id":"https:\/\/www.notibras.com\/site\/#website","url":"https:\/\/www.notibras.com\/site\/","name":"Notibras","description":"Not\u00edcias de Bras\u00edlia, do Brasil e do Mundo","publisher":{"@id":"https:\/\/www.notibras.com\/site\/#organization"},"potentialAction":[{"@type":"SearchAction","target":{"@type":"EntryPoint","urlTemplate":"https:\/\/www.notibras.com\/site\/?s={search_term_string}"},"query-input":{"@type":"PropertyValueSpecification","valueRequired":true,"valueName":"search_term_string"}}],"inLanguage":"pt-BR"},{"@type":"Organization","@id":"https:\/\/www.notibras.com\/site\/#organization","name":"Grupo Notibras de Comunica\u00e7\u00e3o","url":"https:\/\/www.notibras.com\/site\/","logo":{"@type":"ImageObject","inLanguage":"pt-BR","@id":"https:\/\/www.notibras.com\/site\/#\/schema\/logo\/image\/","url":"https:\/\/www.notibras.com\/site\/wp-content\/uploads\/2023\/01\/notibras23.png","contentUrl":"https:\/\/www.notibras.com\/site\/wp-content\/uploads\/2023\/01\/notibras23.png","width":350,"height":87,"caption":"Grupo Notibras de Comunica\u00e7\u00e3o"},"image":{"@id":"https:\/\/www.notibras.com\/site\/#\/schema\/logo\/image\/"},"sameAs":["https:\/\/www.facebook.com\/notibras\/","https:\/\/x.com\/Notibras","https:\/\/www.instagram.com\/notibras\/"]},{"@type":"Person","@id":"https:\/\/www.notibras.com\/site\/#\/schema\/person\/36ab0979449956132d3e5b517ea76ac8","name":"Reda\u00e7\u00e3o","image":{"@type":"ImageObject","inLanguage":"pt-BR","@id":"https:\/\/secure.gravatar.com\/avatar\/e0a867bdedb85fd243eadf09663511f96fc81e0720a4a42581f334ad4303aa6b?s=96&d=mm&r=g","url":"https:\/\/secure.gravatar.com\/avatar\/e0a867bdedb85fd243eadf09663511f96fc81e0720a4a42581f334ad4303aa6b?s=96&d=mm&r=g","contentUrl":"https:\/\/secure.gravatar.com\/avatar\/e0a867bdedb85fd243eadf09663511f96fc81e0720a4a42581f334ad4303aa6b?s=96&d=mm&r=g","caption":"Reda\u00e7\u00e3o"}}]}},"amp_enabled":true,"_links":{"self":[{"href":"https:\/\/www.notibras.com\/site\/wp-json\/wp\/v2\/posts\/35607","targetHints":{"allow":["GET"]}}],"collection":[{"href":"https:\/\/www.notibras.com\/site\/wp-json\/wp\/v2\/posts"}],"about":[{"href":"https:\/\/www.notibras.com\/site\/wp-json\/wp\/v2\/types\/post"}],"author":[{"embeddable":true,"href":"https:\/\/www.notibras.com\/site\/wp-json\/wp\/v2\/users\/2"}],"replies":[{"embeddable":true,"href":"https:\/\/www.notibras.com\/site\/wp-json\/wp\/v2\/comments?post=35607"}],"version-history":[{"count":0,"href":"https:\/\/www.notibras.com\/site\/wp-json\/wp\/v2\/posts\/35607\/revisions"}],"wp:featuredmedia":[{"embeddable":true,"href":"https:\/\/www.notibras.com\/site\/wp-json\/wp\/v2\/media\/35608"}],"wp:attachment":[{"href":"https:\/\/www.notibras.com\/site\/wp-json\/wp\/v2\/media?parent=35607"}],"wp:term":[{"taxonomy":"category","embeddable":true,"href":"https:\/\/www.notibras.com\/site\/wp-json\/wp\/v2\/categories?post=35607"},{"taxonomy":"post_tag","embeddable":true,"href":"https:\/\/www.notibras.com\/site\/wp-json\/wp\/v2\/tags?post=35607"}],"curies":[{"name":"wp","href":"https:\/\/api.w.org\/{rel}","templated":true}]}}