{"id":356141,"date":"2025-06-19T00:01:41","date_gmt":"2025-06-19T03:01:41","guid":{"rendered":"https:\/\/www.notibras.com\/site\/?p=356141"},"modified":"2025-06-19T02:02:48","modified_gmt":"2025-06-19T05:02:48","slug":"arraial-do-terraco-promete-o-melhor-da-tradicao-julina-em-brasilia","status":"publish","type":"post","link":"https:\/\/www.notibras.com\/site\/arraial-do-terraco-promete-o-melhor-da-tradicao-julina-em-brasilia\/","title":{"rendered":"Arraial do Terra\u00e7o promete o melhor da tradi\u00e7\u00e3o julina em Bras\u00edlia"},"content":{"rendered":"<p>Nos dias 4 e 5 de julho, sexta e s\u00e1bado, das 18h \u00e0s 22h, o Terra\u00e7o Shopping ser\u00e1 palco de uma das festas julinas mais aguardadas da cidade, o tradicional Arraial do Terra\u00e7o. Reconhecido como o melhor da regi\u00e3o, o evento oferece um ambiente acolhedor, t\u00edpico e cheio de alegria para toda a fam\u00edlia.<\/p>\n<p>Com entrada gratuita, o p\u00fablico poder\u00e1 se deliciar com uma sele\u00e7\u00e3o irresist\u00edvel de comidas t\u00edpicas, aproveitar m\u00fasica ao vivo, se encantar com apresenta\u00e7\u00f5es das quadrilhas e aproveitar brincadeiras para todas as idades. A cenografia tem\u00e1tica vai transportar os visitantes para o clima aut\u00eantico das festas de S\u00e3o Jo\u00e3o.<\/p>\n<p>A programa\u00e7\u00e3o deste ano est\u00e1 imperd\u00edvel. Na sexta-feira, dia 4, a quadrilha Xamegar, que tem mais de 20 anos de hist\u00f3ria, levar\u00e1 muita alegria e habilidade, na apresenta\u00e7\u00e3o de seus 100 integrantes. E para animar ainda mais a noite, entrar\u00e1 em cena a contagiante Banda Balalaica, que desde 2005 se tornou refer\u00eancia em Bras\u00edlia tocando forr\u00f3.<\/p>\n<p>No s\u00e1bado (5), o encanto da quadrilha fica com a Rasga o Fole. O grupo, representado pela Associa\u00e7\u00e3o Cultural e Esportiva Rasga o Fole (ACERAF), foi criado em fevereiro de 2008 por jovens dos bairros Jardim C\u00e9u Azul e Cruzeiro do Sul, de Valpara\u00edso de Goi\u00e1s, com a inten\u00e7\u00e3o de contribuir com resgate e desenvolvimento das tradi\u00e7\u00f5es folcl\u00f3ricas, culturais e liter\u00e1rias dos festejos juninos e julinos. Eles prometem trazer ao palco toda a riqueza de dan\u00e7as e tradi\u00e7\u00f5es populares. A festividade se encerra com a consagrada dupla Wilian e Marlon, que sobe ao palco para tocar sucessos do sertanejo, garantindo muita m\u00fasica de qualidade, para embalar momentos inesquec\u00edveis. Mais do que uma celebra\u00e7\u00e3o, o Arraial do Terra\u00e7o \u00e9 uma experi\u00eancia cultural completa.<\/p>\n<p><strong>Servi\u00e7o<\/strong><br \/>\nArraial do Terra\u00e7o<br \/>\nDias: 4 e 5 de julho (sexta e s\u00e1bado)<br \/>\nHor\u00e1rio: das 18h \u00e0s 22h<br \/>\nLocal: Terra\u00e7o Shopping<br \/>\nEntrada gratuita<\/p>\n<p><strong>Programa\u00e7\u00e3o:<\/strong><br \/>\n04\/07 (sexta-feira)<br \/>\nQuadrilha Xamegar<br \/>\nBanda Balalaica<\/p>\n<p>05\/07 (s\u00e1bado)<br \/>\nQuadrilha Rasga o Fole<br \/>\nWilian e Marlon<\/p>\n","protected":false},"excerpt":{"rendered":"<p>Nos dias 4 e 5 de julho, sexta e s\u00e1bado, das 18h \u00e0s 22h, o Terra\u00e7o Shopping ser\u00e1 palco de uma das festas julinas mais aguardadas da cidade, o tradicional Arraial do Terra\u00e7o. Reconhecido como o melhor da regi\u00e3o, o evento oferece um ambiente acolhedor, t\u00edpico e cheio de alegria para toda a fam\u00edlia. Com [&hellip;]<\/p>\n","protected":false},"author":2,"featured_media":331354,"comment_status":"closed","ping_status":"closed","sticky":false,"template":"","format":"standard","meta":{"_acf_changed":false,"footnotes":""},"categories":[161],"tags":[],"class_list":["post-356141","post","type-post","status-publish","format-standard","has-post-thumbnail","hentry","category-quadradinho-em-foco"],"acf":[],"_links":{"self":[{"href":"https:\/\/www.notibras.com\/site\/wp-json\/wp\/v2\/posts\/356141","targetHints":{"allow":["GET"]}}],"collection":[{"href":"https:\/\/www.notibras.com\/site\/wp-json\/wp\/v2\/posts"}],"about":[{"href":"https:\/\/www.notibras.com\/site\/wp-json\/wp\/v2\/types\/post"}],"author":[{"embeddable":true,"href":"https:\/\/www.notibras.com\/site\/wp-json\/wp\/v2\/users\/2"}],"replies":[{"embeddable":true,"href":"https:\/\/www.notibras.com\/site\/wp-json\/wp\/v2\/comments?post=356141"}],"version-history":[{"count":1,"href":"https:\/\/www.notibras.com\/site\/wp-json\/wp\/v2\/posts\/356141\/revisions"}],"predecessor-version":[{"id":356142,"href":"https:\/\/www.notibras.com\/site\/wp-json\/wp\/v2\/posts\/356141\/revisions\/356142"}],"wp:featuredmedia":[{"embeddable":true,"href":"https:\/\/www.notibras.com\/site\/wp-json\/wp\/v2\/media\/331354"}],"wp:attachment":[{"href":"https:\/\/www.notibras.com\/site\/wp-json\/wp\/v2\/media?parent=356141"}],"wp:term":[{"taxonomy":"category","embeddable":true,"href":"https:\/\/www.notibras.com\/site\/wp-json\/wp\/v2\/categories?post=356141"},{"taxonomy":"post_tag","embeddable":true,"href":"https:\/\/www.notibras.com\/site\/wp-json\/wp\/v2\/tags?post=356141"}],"curies":[{"name":"wp","href":"https:\/\/api.w.org\/{rel}","templated":true}]}}