{"id":356147,"date":"2025-06-19T02:36:06","date_gmt":"2025-06-19T05:36:06","guid":{"rendered":"https:\/\/www.notibras.com\/site\/?p=356147"},"modified":"2025-06-19T02:36:06","modified_gmt":"2025-06-19T05:36:06","slug":"congresso-garante-pensao-de-77-mil-a-vitimas-de-zika","status":"publish","type":"post","link":"https:\/\/www.notibras.com\/site\/congresso-garante-pensao-de-77-mil-a-vitimas-de-zika\/","title":{"rendered":"Congresso garante pens\u00e3o de 7,7 mil a v\u00edtimas de zika"},"content":{"rendered":"<p>M\u00e3es do Nordeste, como as de Petrolina (Pernambuco), Cacul\u00e9 (Bahia) e Santo Ant\u00f4nio (Rio Grande do Norte) comemoraram na quarta, 18, a decis\u00e3o do Congresso Nacional que derrubou o veto do presidente Lula ao projeto de Lei (PL) 6064\/2023 que prev\u00ea pens\u00e3o vital\u00edcia a pessoas com defici\u00eancia causada pelo v\u00edrus Zika durante a gesta\u00e7\u00e3o.<\/p>\n<p>Com isso, a pens\u00e3o de R$ 7.786,02 ser\u00e1 concedida. A medida era um dos 60 itens na pauta da sess\u00e3o. Um acordo entre o governo e a oposi\u00e7\u00e3o permitiu a vota\u00e7\u00e3o em bloco de 29 propostas consensuais, tanto para manuten\u00e7\u00e3o quanto para a derrubada.<\/p>\n<p>A derrubada do veto foi anunciada pelo l\u00edder do governo no Congresso Nacional, senador Randolfe Rodrigues (PT-AP). \u201cEu queria reiterar o compromisso do governo pela derrubada do veto, orientada pelo presidente Luiz In\u00e1cio Lula da Silva\u201d, disse o senador.<\/p>\n<p>\u201cQueria comunicar que o veto foi aportado por conta da Lei de Responsabilidade Fiscal que estabelece que mat\u00e9ria sem fonte financeiras respectivas, por risco de crime de responsabilidade deveriam ser vetadas. O presidente determinou para a gente encontrar a solu\u00e7\u00e3o e encontramos\u201d, concluiu.<\/p>\n<p>Al\u00e9m disso, o texto que os parlamentares retomaram aumenta em 60 dias o direito \u00e0 licen\u00e7a-maternidade e ao sal\u00e1rio-maternidade das m\u00e3es, inclusive as adotivas, de crian\u00e7as nessas condi\u00e7\u00f5es. J\u00e1 o direito \u00e0 licen\u00e7a-paternidade \u00e9 ampliado em 20 dias.<\/p>\n<p>&nbsp;<\/p>\n","protected":false},"excerpt":{"rendered":"<p>M\u00e3es do Nordeste, como as de Petrolina (Pernambuco), Cacul\u00e9 (Bahia) e Santo Ant\u00f4nio (Rio Grande do Norte) comemoraram na quarta, 18, a decis\u00e3o do Congresso Nacional que derrubou o veto do presidente Lula ao projeto de Lei (PL) 6064\/2023 que prev\u00ea pens\u00e3o vital\u00edcia a pessoas com defici\u00eancia causada pelo v\u00edrus Zika durante a gesta\u00e7\u00e3o. Com [&hellip;]<\/p>\n","protected":false},"author":2,"featured_media":356148,"comment_status":"closed","ping_status":"closed","sticky":false,"template":"","format":"standard","meta":{"_acf_changed":false,"footnotes":""},"categories":[165],"tags":[],"class_list":["post-356147","post","type-post","status-publish","format-standard","has-post-thumbnail","hentry","category-nordeste"],"acf":[],"_links":{"self":[{"href":"https:\/\/www.notibras.com\/site\/wp-json\/wp\/v2\/posts\/356147","targetHints":{"allow":["GET"]}}],"collection":[{"href":"https:\/\/www.notibras.com\/site\/wp-json\/wp\/v2\/posts"}],"about":[{"href":"https:\/\/www.notibras.com\/site\/wp-json\/wp\/v2\/types\/post"}],"author":[{"embeddable":true,"href":"https:\/\/www.notibras.com\/site\/wp-json\/wp\/v2\/users\/2"}],"replies":[{"embeddable":true,"href":"https:\/\/www.notibras.com\/site\/wp-json\/wp\/v2\/comments?post=356147"}],"version-history":[{"count":1,"href":"https:\/\/www.notibras.com\/site\/wp-json\/wp\/v2\/posts\/356147\/revisions"}],"predecessor-version":[{"id":356149,"href":"https:\/\/www.notibras.com\/site\/wp-json\/wp\/v2\/posts\/356147\/revisions\/356149"}],"wp:featuredmedia":[{"embeddable":true,"href":"https:\/\/www.notibras.com\/site\/wp-json\/wp\/v2\/media\/356148"}],"wp:attachment":[{"href":"https:\/\/www.notibras.com\/site\/wp-json\/wp\/v2\/media?parent=356147"}],"wp:term":[{"taxonomy":"category","embeddable":true,"href":"https:\/\/www.notibras.com\/site\/wp-json\/wp\/v2\/categories?post=356147"},{"taxonomy":"post_tag","embeddable":true,"href":"https:\/\/www.notibras.com\/site\/wp-json\/wp\/v2\/tags?post=356147"}],"curies":[{"name":"wp","href":"https:\/\/api.w.org\/{rel}","templated":true}]}}