{"id":356170,"date":"2025-06-20T02:10:06","date_gmt":"2025-06-20T05:10:06","guid":{"rendered":"https:\/\/www.notibras.com\/site\/?p=356170"},"modified":"2025-06-19T22:12:44","modified_gmt":"2025-06-20T01:12:44","slug":"tcu-investiga-contratos-da-prefeitura-do-recife-com-empresas-de-engenharia","status":"publish","type":"post","link":"https:\/\/www.notibras.com\/site\/tcu-investiga-contratos-da-prefeitura-do-recife-com-empresas-de-engenharia\/","title":{"rendered":"TCU investiga contratos da prefeitura do Recife com empresas de engenharia"},"content":{"rendered":"<p>O Tribunal de Contas da Uni\u00e3o (TCU) iniciou um procedimento para apurar poss\u00edveis irregularidades em contratos firmados pela Prefeitura do Recife com empresas de engenharia. Os acordos em quest\u00e3o envolvem servi\u00e7os de manuten\u00e7\u00e3o em unidades escolares e de sa\u00fade da capital pernambucana.<\/p>\n<p>A informa\u00e7\u00e3o foi divulgada pelo portal <em>UOL<\/em> e confirmada pelo colunista Lauro Jardim, do jornal <em>O Globo, <\/em>e por <strong>Notibras<\/strong><em>.<\/em> A suspeita \u00e9 de que os contratos possam apresentar ind\u00edcios de sobrepre\u00e7o, direcionamento de licita\u00e7\u00f5es ou outras falhas administrativas.<\/p>\n<p>A investiga\u00e7\u00e3o do TCU ocorre ap\u00f3s o recebimento de den\u00fancias e an\u00e1lises preliminares que apontam inconsist\u00eancias nos valores e na execu\u00e7\u00e3o dos servi\u00e7os contratados. T\u00e9cnicos do tribunal devem agora aprofundar a apura\u00e7\u00e3o, com an\u00e1lise documental e, eventualmente, vistorias in loco nas unidades beneficiadas pelos contratos.<\/p>\n<p>A prefeitura do Recife ainda n\u00e3o se pronunciou oficialmente sobre a investiga\u00e7\u00e3o. Procurada pela imprensa, a administra\u00e7\u00e3o municipal informou que aguarda notifica\u00e7\u00e3o formal do TCU para se manifestar e colaborar com eventuais esclarecimentos.<\/p>\n<p>Caso sejam constatadas irregularidades, os respons\u00e1veis poder\u00e3o ser penalizados, inclusive com multas, suspens\u00e3o de contratos e a obriga\u00e7\u00e3o de ressarcimento aos cofres p\u00fablicos.<\/p>\n","protected":false},"excerpt":{"rendered":"<p>O Tribunal de Contas da Uni\u00e3o (TCU) iniciou um procedimento para apurar poss\u00edveis irregularidades em contratos firmados pela Prefeitura do Recife com empresas de engenharia. Os acordos em quest\u00e3o envolvem servi\u00e7os de manuten\u00e7\u00e3o em unidades escolares e de sa\u00fade da capital pernambucana. A informa\u00e7\u00e3o foi divulgada pelo portal UOL e confirmada pelo colunista Lauro Jardim, [&hellip;]<\/p>\n","protected":false},"author":2,"featured_media":247246,"comment_status":"closed","ping_status":"closed","sticky":false,"template":"","format":"standard","meta":{"_acf_changed":false,"footnotes":""},"categories":[165],"tags":[],"class_list":["post-356170","post","type-post","status-publish","format-standard","has-post-thumbnail","hentry","category-nordeste"],"acf":[],"_links":{"self":[{"href":"https:\/\/www.notibras.com\/site\/wp-json\/wp\/v2\/posts\/356170","targetHints":{"allow":["GET"]}}],"collection":[{"href":"https:\/\/www.notibras.com\/site\/wp-json\/wp\/v2\/posts"}],"about":[{"href":"https:\/\/www.notibras.com\/site\/wp-json\/wp\/v2\/types\/post"}],"author":[{"embeddable":true,"href":"https:\/\/www.notibras.com\/site\/wp-json\/wp\/v2\/users\/2"}],"replies":[{"embeddable":true,"href":"https:\/\/www.notibras.com\/site\/wp-json\/wp\/v2\/comments?post=356170"}],"version-history":[{"count":2,"href":"https:\/\/www.notibras.com\/site\/wp-json\/wp\/v2\/posts\/356170\/revisions"}],"predecessor-version":[{"id":356172,"href":"https:\/\/www.notibras.com\/site\/wp-json\/wp\/v2\/posts\/356170\/revisions\/356172"}],"wp:featuredmedia":[{"embeddable":true,"href":"https:\/\/www.notibras.com\/site\/wp-json\/wp\/v2\/media\/247246"}],"wp:attachment":[{"href":"https:\/\/www.notibras.com\/site\/wp-json\/wp\/v2\/media?parent=356170"}],"wp:term":[{"taxonomy":"category","embeddable":true,"href":"https:\/\/www.notibras.com\/site\/wp-json\/wp\/v2\/categories?post=356170"},{"taxonomy":"post_tag","embeddable":true,"href":"https:\/\/www.notibras.com\/site\/wp-json\/wp\/v2\/tags?post=356170"}],"curies":[{"name":"wp","href":"https:\/\/api.w.org\/{rel}","templated":true}]}}