{"id":356173,"date":"2025-06-20T02:17:48","date_gmt":"2025-06-20T05:17:48","guid":{"rendered":"https:\/\/www.notibras.com\/site\/?p=356173"},"modified":"2025-06-19T22:19:09","modified_gmt":"2025-06-20T01:19:09","slug":"seres-sinistros-povoam-mente-do-nordestino-em-noites-de-lua-cheia","status":"publish","type":"post","link":"https:\/\/www.notibras.com\/site\/seres-sinistros-povoam-mente-do-nordestino-em-noites-de-lua-cheia\/","title":{"rendered":"Seres sinistros povoam mente do nordestino em noites de Lua Cheia"},"content":{"rendered":"<p>No sert\u00e3o nordestino o sol arde forte e as noites s\u00e3o estreladas. Mas n\u00e3o nesta \u00e9poca do ano, onde as chuvas, embora escassas, fazem brotar flores nos cactos. Mas \u00e9 l\u00e1 que residem hist\u00f3rias que v\u00eam sendo contadas h\u00e1 gera\u00e7\u00f5es. Hist\u00f3rias de seres m\u00edsticos e criaturas fant\u00e1sticas que fazem parte do folclore da regi\u00e3o.<\/p>\n<p>&#8220;Eu me lembro quando meu av\u00f4 me contava sobre o Boi-Bumb\u00e1&#8221;, disse Seu Z\u00e9, um sertanejo experiente. &#8220;Ele dizia que o boi era t\u00e3o manso que at\u00e9 parecia um cachorro, mas quando algu\u00e9m o matava, ele ressuscitava no outro dia.&#8221;<\/p>\n<p>&#8220;Isso \u00e9 verdade, Seu Z\u00e9&#8221;, concordou Dona Maria. &#8220;Eu mesma vi o Boi-Bumb\u00e1 uma vez, durante uma festa em uma fazenda. Ele dan\u00e7ou e saltou como se estivesse vivo.&#8221;<\/p>\n<p>Mas n\u00e3o s\u00e3o apenas hist\u00f3rias alegres que os sertanejos contam. H\u00e1 tamb\u00e9m lendas mais sombrias, como a da Mula Sem Cabe\u00e7a.<\/p>\n<p>&#8220;Eu n\u00e3o gosto de falar sobre isso&#8221;, disse um jovem sertanejo, olhando em volta nervosamente. &#8220;Mas dizem que se sete padres rezarem sobre uma mula, ela se transforma na Mula Sem Cabe\u00e7a e come\u00e7a a correr pelo sert\u00e3o, procurando por almas para levar.&#8221;<\/p>\n<p>&#8220;E o Lobisomem?&#8221;, perguntou uma crian\u00e7a, com os olhos arregalados. &#8220;Meu av\u00f4 disse que ele \u00e9 um homem que se transforma em lobo durante a noite de lua cheia.&#8221;<\/p>\n<p>&#8220;Sim, isso \u00e9 verdade&#8221;, disse Seu Z\u00e9. &#8220;Mas \u00e9 preciso ter cuidado para n\u00e3o encontrar com ele, sen\u00e3o&#8230; bem, voc\u00ea n\u00e3o vai querer saber o que acontece.&#8221;<\/p>\n<p>Essas hist\u00f3rias s\u00e3o parte importante da cultura nordestina e continuam a fascinar as pessoas at\u00e9 hoje. Elas nos lembram da riqueza e diversidade do folclore brasileiro.<\/p>\n","protected":false},"excerpt":{"rendered":"<p>No sert\u00e3o nordestino o sol arde forte e as noites s\u00e3o estreladas. Mas n\u00e3o nesta \u00e9poca do ano, onde as chuvas, embora escassas, fazem brotar flores nos cactos. Mas \u00e9 l\u00e1 que residem hist\u00f3rias que v\u00eam sendo contadas h\u00e1 gera\u00e7\u00f5es. Hist\u00f3rias de seres m\u00edsticos e criaturas fant\u00e1sticas que fazem parte do folclore da regi\u00e3o. &#8220;Eu [&hellip;]<\/p>\n","protected":false},"author":2,"featured_media":356175,"comment_status":"closed","ping_status":"closed","sticky":false,"template":"","format":"standard","meta":{"_acf_changed":false,"footnotes":""},"categories":[165],"tags":[],"class_list":["post-356173","post","type-post","status-publish","format-standard","has-post-thumbnail","hentry","category-nordeste"],"acf":[],"_links":{"self":[{"href":"https:\/\/www.notibras.com\/site\/wp-json\/wp\/v2\/posts\/356173","targetHints":{"allow":["GET"]}}],"collection":[{"href":"https:\/\/www.notibras.com\/site\/wp-json\/wp\/v2\/posts"}],"about":[{"href":"https:\/\/www.notibras.com\/site\/wp-json\/wp\/v2\/types\/post"}],"author":[{"embeddable":true,"href":"https:\/\/www.notibras.com\/site\/wp-json\/wp\/v2\/users\/2"}],"replies":[{"embeddable":true,"href":"https:\/\/www.notibras.com\/site\/wp-json\/wp\/v2\/comments?post=356173"}],"version-history":[{"count":1,"href":"https:\/\/www.notibras.com\/site\/wp-json\/wp\/v2\/posts\/356173\/revisions"}],"predecessor-version":[{"id":356176,"href":"https:\/\/www.notibras.com\/site\/wp-json\/wp\/v2\/posts\/356173\/revisions\/356176"}],"wp:featuredmedia":[{"embeddable":true,"href":"https:\/\/www.notibras.com\/site\/wp-json\/wp\/v2\/media\/356175"}],"wp:attachment":[{"href":"https:\/\/www.notibras.com\/site\/wp-json\/wp\/v2\/media?parent=356173"}],"wp:term":[{"taxonomy":"category","embeddable":true,"href":"https:\/\/www.notibras.com\/site\/wp-json\/wp\/v2\/categories?post=356173"},{"taxonomy":"post_tag","embeddable":true,"href":"https:\/\/www.notibras.com\/site\/wp-json\/wp\/v2\/tags?post=356173"}],"curies":[{"name":"wp","href":"https:\/\/api.w.org\/{rel}","templated":true}]}}